{"id":8188,"date":"2025-05-29T10:48:06","date_gmt":"2025-05-29T10:48:06","guid":{"rendered":"https:\/\/www.compacthabit.com\/?p=8188"},"modified":"2025-05-29T10:48:06","modified_gmt":"2025-05-29T10:48:06","slug":"ampliacion-del-cap-de-manlleu-con-construccion-modular","status":"publish","type":"post","link":"https:\/\/www.compacthabit.com\/es\/2025\/05\/29\/ampliacion-del-cap-de-manlleu-con-construccion-modular\/","title":{"rendered":"Del 1992 al 2025: ampliaci\u00f3n del CAP de Manlleu con construcci\u00f3n modular"},"content":{"rendered":"<p>En 1992, <a href=\"https:\/\/constructoradaro.com\/\">Constructora d\u2019Aro<\/a> construy\u00f3 el actual CAP de Manlleu. M\u00e1s de 30 a\u00f1os despu\u00e9s, desde CompactHabit, la marca de construcci\u00f3n modular de Constructora d\u2019Aro, hemos realizado la ampliaci\u00f3n de este centro sanitario con m\u00f3dulos tridimensionales de hormig\u00f3n.<\/p>\n<p>El centro de atenci\u00f3n primaria se hab\u00eda quedado peque\u00f1o para el municipio, y los m\u00f3dulos fabricados mediante el innovador sistema de construcci\u00f3n industrializada han permitido ampliar el espacio de forma r\u00e1pida y eficiente. Esta ampliaci\u00f3n modular ha incorporado 6 nuevas consultas m\u00e9dicas, sumando casi 160 m\u00b2, con m\u00ednimas afectaciones al funcionamiento habitual del centro.<\/p>\n<p>Los m\u00f3dulos han sido fabricados y equipados \u00edntegramente en nuestra planta de Cardona, e instalados en un plazo total de solo 4 meses, gracias al proceso de construcci\u00f3n modular industrializada.<\/p>\n<p>La construcci\u00f3n modular permite mejorar infraestructuras sanitarias existentes, independientemente de su origen o formato, y este proyecto es un claro ejemplo. El sistema constructivo de CompactHabit permite edificar centros de salud y equipamientos reduciendo los plazos de ejecuci\u00f3n hasta un 70% y minimizando la siniestralidad laboral en m\u00e1s de un 80%, al realizarse en un entorno controlado en f\u00e1brica.<\/p>\n","protected":false},"excerpt":{"rendered":"<p>En 1992, Constructora d\u2019Aro construy\u00f3 el actual CAP de Manlleu. M\u00e1s de 30 a\u00f1os despu\u00e9s, desde CompactHabit, la marca de construcci\u00f3n modular de Constructora d\u2019Aro, hemos<span class=\"excerpt-hellip\"> [\u2026]<\/span><\/p>\n","protected":false},"author":1,"featured_media":8171,"comment_status":"closed","ping_status":"closed","sticky":false,"template":"","format":"standard","meta":{"_acf_changed":false,"_monsterinsights_skip_tracking":false,"_monsterinsights_sitenote_active":false,"_monsterinsights_sitenote_note":"","_monsterinsights_sitenote_category":0,"footnotes":""},"categories":[58],"tags":[],"class_list":["post-8188","post","type-post","status-publish","format-standard","has-post-thumbnail","hentry","category-blog"],"acf":[],"yoast_head":"<!-- This site is optimized with the Yoast SEO plugin v26.0 - https:\/\/yoast.com\/wordpress\/plugins\/seo\/ -->\n<title>Del 1992 al 2025: ampliaci\u00f3n del CAP de Manlleu con construcci\u00f3n modular - CompactHabit<\/title>\n<meta name=\"description\" content=\"M\u00e1s de 30 a\u00f1os despu\u00e9s, la construcci\u00f3n modular ha permitido ampliar el CAP de Manlleu que ya construimos. \u00a1Haz clic para ver los detalles!\" \/>\n<meta name=\"robots\" content=\"index, follow, max-snippet:-1, max-image-preview:large, max-video-preview:-1\" \/>\n<meta property=\"og:locale\" content=\"es_ES\" \/>\n<meta property=\"og:type\" content=\"article\" \/>\n<meta property=\"og:title\" content=\"Del 1992 al 2025: ampliaci\u00f3n del CAP de Manlleu con construcci\u00f3n modular - CompactHabit\" \/>\n<meta property=\"og:description\" content=\"M\u00e1s de 30 a\u00f1os despu\u00e9s, la construcci\u00f3n modular ha permitido ampliar el CAP de Manlleu que ya construimos. \u00a1Haz clic para ver los detalles!\" \/>\n<meta property=\"og:url\" content=\"https:\/\/www.compacthabit.com\/es\/2025\/05\/29\/ampliacion-del-cap-de-manlleu-con-construccion-modular\/\" \/>\n<meta property=\"og:site_name\" content=\"CompactHabit\" \/>\n<meta property=\"article:publisher\" content=\"https:\/\/www.facebook.com\/CompactHabit\/\" \/>\n<meta property=\"article:published_time\" content=\"2025-05-29T10:48:06+00:00\" \/>\n<meta property=\"og:image\" content=\"https:\/\/www.compacthabit.com\/wp-content\/uploads\/2025\/01\/Ampliacio-CAP-Modular-CompactHabit.png?_t=1748515703\" \/>\n\t<meta property=\"og:image:width\" content=\"905\" \/>\n\t<meta property=\"og:image:height\" content=\"500\" \/>\n\t<meta property=\"og:image:type\" content=\"image\/png\" \/>\n<meta name=\"author\" content=\"ch_admin\" \/>\n<meta name=\"twitter:card\" content=\"summary_large_image\" \/>\n<meta name=\"twitter:creator\" content=\"@compacthabit2\" \/>\n<meta name=\"twitter:site\" content=\"@compacthabit2\" \/>\n<meta name=\"twitter:label1\" content=\"Escrito por\" \/>\n\t<meta name=\"twitter:data1\" content=\"ch_admin\" \/>\n\t<meta name=\"twitter:label2\" content=\"Tiempo de lectura\" \/>\n\t<meta name=\"twitter:data2\" content=\"2 minutos\" \/>\n<script type=\"application\/ld+json\" class=\"yoast-schema-graph\">{\"@context\":\"https:\/\/schema.org\",\"@graph\":[{\"@type\":\"WebPage\",\"@id\":\"https:\/\/www.compacthabit.com\/es\/2025\/05\/29\/ampliacion-del-cap-de-manlleu-con-construccion-modular\/\",\"url\":\"https:\/\/www.compacthabit.com\/es\/2025\/05\/29\/ampliacion-del-cap-de-manlleu-con-construccion-modular\/\",\"name\":\"Del 1992 al 2025: ampliaci\u00f3n del CAP de Manlleu con construcci\u00f3n modular - CompactHabit\",\"isPartOf\":{\"@id\":\"https:\/\/www.compacthabit.com\/es\/fr\/#website\"},\"primaryImageOfPage\":{\"@id\":\"https:\/\/www.compacthabit.com\/es\/2025\/05\/29\/ampliacion-del-cap-de-manlleu-con-construccion-modular\/#primaryimage\"},\"image\":{\"@id\":\"https:\/\/www.compacthabit.com\/es\/2025\/05\/29\/ampliacion-del-cap-de-manlleu-con-construccion-modular\/#primaryimage\"},\"thumbnailUrl\":\"https:\/\/www.compacthabit.com\/wp-content\/uploads\/2025\/01\/Ampliacio-CAP-Modular-CompactHabit.png\",\"datePublished\":\"2025-05-29T10:48:06+00:00\",\"author\":{\"@id\":\"https:\/\/www.compacthabit.com\/es\/fr\/#\/schema\/person\/07a97d7adc0f27cd30c1f5760373210a\"},\"description\":\"M\u00e1s de 30 a\u00f1os despu\u00e9s, la construcci\u00f3n modular ha permitido ampliar el CAP de Manlleu que ya construimos. \u00a1Haz clic para ver los detalles!\",\"breadcrumb\":{\"@id\":\"https:\/\/www.compacthabit.com\/es\/2025\/05\/29\/ampliacion-del-cap-de-manlleu-con-construccion-modular\/#breadcrumb\"},\"inLanguage\":\"es\",\"potentialAction\":[{\"@type\":\"ReadAction\",\"target\":[\"https:\/\/www.compacthabit.com\/es\/2025\/05\/29\/ampliacion-del-cap-de-manlleu-con-construccion-modular\/\"]}]},{\"@type\":\"ImageObject\",\"inLanguage\":\"es\",\"@id\":\"https:\/\/www.compacthabit.com\/es\/2025\/05\/29\/ampliacion-del-cap-de-manlleu-con-construccion-modular\/#primaryimage\",\"url\":\"https:\/\/www.compacthabit.com\/wp-content\/uploads\/2025\/01\/Ampliacio-CAP-Modular-CompactHabit.png\",\"contentUrl\":\"https:\/\/www.compacthabit.com\/wp-content\/uploads\/2025\/01\/Ampliacio-CAP-Modular-CompactHabit.png\",\"width\":905,\"height\":500,\"caption\":\"Ampliaci\u00f3 CAP modular de la Manlleu amb m\u00f2duls tridimensionals de formig\u00f3\"},{\"@type\":\"BreadcrumbList\",\"@id\":\"https:\/\/www.compacthabit.com\/es\/2025\/05\/29\/ampliacion-del-cap-de-manlleu-con-construccion-modular\/#breadcrumb\",\"itemListElement\":[{\"@type\":\"ListItem\",\"position\":1,\"name\":\"Portada\",\"item\":\"https:\/\/www.compacthabit.com\/es\/\"},{\"@type\":\"ListItem\",\"position\":2,\"name\":\"Del 1992 al 2025: ampliaci\u00f3n del CAP de Manlleu con construcci\u00f3n modular\"}]},{\"@type\":\"WebSite\",\"@id\":\"https:\/\/www.compacthabit.com\/es\/fr\/#website\",\"url\":\"https:\/\/www.compacthabit.com\/es\/fr\/\",\"name\":\"CompactHabit\",\"description\":\"\",\"potentialAction\":[{\"@type\":\"SearchAction\",\"target\":{\"@type\":\"EntryPoint\",\"urlTemplate\":\"https:\/\/www.compacthabit.com\/es\/fr\/?s={search_term_string}\"},\"query-input\":{\"@type\":\"PropertyValueSpecification\",\"valueRequired\":true,\"valueName\":\"search_term_string\"}}],\"inLanguage\":\"es\"},{\"@type\":\"Person\",\"@id\":\"https:\/\/www.compacthabit.com\/es\/fr\/#\/schema\/person\/07a97d7adc0f27cd30c1f5760373210a\",\"name\":\"ch_admin\",\"image\":{\"@type\":\"ImageObject\",\"inLanguage\":\"es\",\"@id\":\"https:\/\/www.compacthabit.com\/es\/fr\/#\/schema\/person\/image\/\",\"url\":\"https:\/\/secure.gravatar.com\/avatar\/2a392477be346b1b7c89c12855982831?s=96&d=mm&r=g\",\"contentUrl\":\"https:\/\/secure.gravatar.com\/avatar\/2a392477be346b1b7c89c12855982831?s=96&d=mm&r=g\",\"caption\":\"ch_admin\"}}]}<\/script>\n<!-- \/ Yoast SEO plugin. -->","yoast_head_json":{"title":"Del 1992 al 2025: ampliaci\u00f3n del CAP de Manlleu con construcci\u00f3n modular - CompactHabit","description":"M\u00e1s de 30 a\u00f1os despu\u00e9s, la construcci\u00f3n modular ha permitido ampliar el CAP de Manlleu que ya construimos. \u00a1Haz clic para ver los detalles!","robots":{"index":"index","follow":"follow","max-snippet":"max-snippet:-1","max-image-preview":"max-image-preview:large","max-video-preview":"max-video-preview:-1"},"og_locale":"es_ES","og_type":"article","og_title":"Del 1992 al 2025: ampliaci\u00f3n del CAP de Manlleu con construcci\u00f3n modular - CompactHabit","og_description":"M\u00e1s de 30 a\u00f1os despu\u00e9s, la construcci\u00f3n modular ha permitido ampliar el CAP de Manlleu que ya construimos. \u00a1Haz clic para ver los detalles!","og_url":"https:\/\/www.compacthabit.com\/es\/2025\/05\/29\/ampliacion-del-cap-de-manlleu-con-construccion-modular\/","og_site_name":"CompactHabit","article_publisher":"https:\/\/www.facebook.com\/CompactHabit\/","article_published_time":"2025-05-29T10:48:06+00:00","og_image":[{"width":905,"height":500,"url":"https:\/\/www.compacthabit.com\/wp-content\/uploads\/2025\/01\/Ampliacio-CAP-Modular-CompactHabit.png?_t=1748515703","type":"image\/png"}],"author":"ch_admin","twitter_card":"summary_large_image","twitter_creator":"@compacthabit2","twitter_site":"@compacthabit2","twitter_misc":{"Escrito por":"ch_admin","Tiempo de lectura":"2 minutos"},"schema":{"@context":"https:\/\/schema.org","@graph":[{"@type":"WebPage","@id":"https:\/\/www.compacthabit.com\/es\/2025\/05\/29\/ampliacion-del-cap-de-manlleu-con-construccion-modular\/","url":"https:\/\/www.compacthabit.com\/es\/2025\/05\/29\/ampliacion-del-cap-de-manlleu-con-construccion-modular\/","name":"Del 1992 al 2025: ampliaci\u00f3n del CAP de Manlleu con construcci\u00f3n modular - CompactHabit","isPartOf":{"@id":"https:\/\/www.compacthabit.com\/es\/fr\/#website"},"primaryImageOfPage":{"@id":"https:\/\/www.compacthabit.com\/es\/2025\/05\/29\/ampliacion-del-cap-de-manlleu-con-construccion-modular\/#primaryimage"},"image":{"@id":"https:\/\/www.compacthabit.com\/es\/2025\/05\/29\/ampliacion-del-cap-de-manlleu-con-construccion-modular\/#primaryimage"},"thumbnailUrl":"https:\/\/www.compacthabit.com\/wp-content\/uploads\/2025\/01\/Ampliacio-CAP-Modular-CompactHabit.png","datePublished":"2025-05-29T10:48:06+00:00","author":{"@id":"https:\/\/www.compacthabit.com\/es\/fr\/#\/schema\/person\/07a97d7adc0f27cd30c1f5760373210a"},"description":"M\u00e1s de 30 a\u00f1os despu\u00e9s, la construcci\u00f3n modular ha permitido ampliar el CAP de Manlleu que ya construimos. \u00a1Haz clic para ver los detalles!","breadcrumb":{"@id":"https:\/\/www.compacthabit.com\/es\/2025\/05\/29\/ampliacion-del-cap-de-manlleu-con-construccion-modular\/#breadcrumb"},"inLanguage":"es","potentialAction":[{"@type":"ReadAction","target":["https:\/\/www.compacthabit.com\/es\/2025\/05\/29\/ampliacion-del-cap-de-manlleu-con-construccion-modular\/"]}]},{"@type":"ImageObject","inLanguage":"es","@id":"https:\/\/www.compacthabit.com\/es\/2025\/05\/29\/ampliacion-del-cap-de-manlleu-con-construccion-modular\/#primaryimage","url":"https:\/\/www.compacthabit.com\/wp-content\/uploads\/2025\/01\/Ampliacio-CAP-Modular-CompactHabit.png","contentUrl":"https:\/\/www.compacthabit.com\/wp-content\/uploads\/2025\/01\/Ampliacio-CAP-Modular-CompactHabit.png","width":905,"height":500,"caption":"Ampliaci\u00f3 CAP modular de la Manlleu amb m\u00f2duls tridimensionals de formig\u00f3"},{"@type":"BreadcrumbList","@id":"https:\/\/www.compacthabit.com\/es\/2025\/05\/29\/ampliacion-del-cap-de-manlleu-con-construccion-modular\/#breadcrumb","itemListElement":[{"@type":"ListItem","position":1,"name":"Portada","item":"https:\/\/www.compacthabit.com\/es\/"},{"@type":"ListItem","position":2,"name":"Del 1992 al 2025: ampliaci\u00f3n del CAP de Manlleu con construcci\u00f3n modular"}]},{"@type":"WebSite","@id":"https:\/\/www.compacthabit.com\/es\/fr\/#website","url":"https:\/\/www.compacthabit.com\/es\/fr\/","name":"CompactHabit","description":"","potentialAction":[{"@type":"SearchAction","target":{"@type":"EntryPoint","urlTemplate":"https:\/\/www.compacthabit.com\/es\/fr\/?s={search_term_string}"},"query-input":{"@type":"PropertyValueSpecification","valueRequired":true,"valueName":"search_term_string"}}],"inLanguage":"es"},{"@type":"Person","@id":"https:\/\/www.compacthabit.com\/es\/fr\/#\/schema\/person\/07a97d7adc0f27cd30c1f5760373210a","name":"ch_admin","image":{"@type":"ImageObject","inLanguage":"es","@id":"https:\/\/www.compacthabit.com\/es\/fr\/#\/schema\/person\/image\/","url":"https:\/\/secure.gravatar.com\/avatar\/2a392477be346b1b7c89c12855982831?s=96&d=mm&r=g","contentUrl":"https:\/\/secure.gravatar.com\/avatar\/2a392477be346b1b7c89c12855982831?s=96&d=mm&r=g","caption":"ch_admin"}}]}},"_links":{"self":[{"href":"https:\/\/www.compacthabit.com\/es\/wp-json\/wp\/v2\/posts\/8188","targetHints":{"allow":["GET"]}}],"collection":[{"href":"https:\/\/www.compacthabit.com\/es\/wp-json\/wp\/v2\/posts"}],"about":[{"href":"https:\/\/www.compacthabit.com\/es\/wp-json\/wp\/v2\/types\/post"}],"author":[{"embeddable":true,"href":"https:\/\/www.compacthabit.com\/es\/wp-json\/wp\/v2\/users\/1"}],"replies":[{"embeddable":true,"href":"https:\/\/www.compacthabit.com\/es\/wp-json\/wp\/v2\/comments?post=8188"}],"version-history":[{"count":1,"href":"https:\/\/www.compacthabit.com\/es\/wp-json\/wp\/v2\/posts\/8188\/revisions"}],"predecessor-version":[{"id":8191,"href":"https:\/\/www.compacthabit.com\/es\/wp-json\/wp\/v2\/posts\/8188\/revisions\/8191"}],"wp:featuredmedia":[{"embeddable":true,"href":"https:\/\/www.compacthabit.com\/es\/wp-json\/wp\/v2\/media\/8171"}],"wp:attachment":[{"href":"https:\/\/www.compacthabit.com\/es\/wp-json\/wp\/v2\/media?parent=8188"}],"wp:term":[{"taxonomy":"category","embeddable":true,"href":"https:\/\/www.compacthabit.com\/es\/wp-json\/wp\/v2\/categories?post=8188"},{"taxonomy":"post_tag","embeddable":true,"href":"https:\/\/www.compacthabit.com\/es\/wp-json\/wp\/v2\/tags?post=8188"}],"curies":[{"name":"wp","href":"https:\/\/api.w.org\/{rel}","templated":true}]}}