{"id":7344,"date":"2022-07-19T14:29:57","date_gmt":"2022-07-19T14:29:57","guid":{"rendered":"https:\/\/www.compacthabit.com\/?p=7344"},"modified":"2024-07-29T14:47:49","modified_gmt":"2024-07-29T14:47:49","slug":"compact-habit-en-el-curso-de-arquitecturas-modulares-aplicadas-a-la-vivienda","status":"publish","type":"post","link":"https:\/\/www.compacthabit.com\/es\/2022\/07\/19\/compact-habit-en-el-curso-de-arquitecturas-modulares-aplicadas-a-la-vivienda\/","title":{"rendered":"Compact Habit en el curso de Arquitecturas Modulares Aplicadas a la Vivienda"},"content":{"rendered":"<p>El Director de Innovaci\u00f3n de Compact Habit y Arquitecto Miguel Morte Morales, que forma parte del equipo docente de la Escola Sert, hizo una presentaci\u00f3n del sistema tridimensional de Compact Habit en la Escola Sert dentro del \u2018Curso de Arquitecturas Modulares Aplicadas a la Vivienda\u2019 que ha sido dirigido por Jon Begiristain, David Ju\u00e1rez Latimer y Gerardo Wadel.<br \/>\nLa ponencia se centr\u00f3 en la explicaci\u00f3n de los diferentes sistemas constructivos modulares que tiene\u00a0Compact\u00a0Habit\u00a0y que permiten una f\u00e1cil adaptaci\u00f3n tanto a edificios destinados a vivienda como cualquier otro uso.<br \/>\nEs una firme apuesta de\u00a0Compact\u00a0Habit\u00a0por los sistemas 3D en continua evoluci\u00f3n, adapt\u00e1ndose a los condicionantes de cada proyecto, huyendo de la sistematizaci\u00f3n de cat\u00e1logo mediante un proceso de trabajo colaborativo con todos los agentes implicados en el proyecto que permite llegar al objetivo, relacionando la metodolog\u00eda de dise\u00f1o arquitect\u00f3nico con las cuestiones constructivas, medioambientales y econ\u00f3micas.<\/p>\n","protected":false},"excerpt":{"rendered":"<p>El Director de Innovaci\u00f3n de Compact Habit y Arquitecto Miguel Morte Morales, que forma parte del equipo docente de la Escola Sert, hizo una presentaci\u00f3n del<span class=\"excerpt-hellip\"> [\u2026]<\/span><\/p>\n","protected":false},"author":1,"featured_media":7682,"comment_status":"closed","ping_status":"closed","sticky":false,"template":"","format":"image","meta":{"_acf_changed":false,"_monsterinsights_skip_tracking":false,"_monsterinsights_sitenote_active":false,"_monsterinsights_sitenote_note":"","_monsterinsights_sitenote_category":0,"footnotes":""},"categories":[58],"tags":[],"class_list":["post-7344","post","type-post","status-publish","format-image","has-post-thumbnail","hentry","category-blog","post_format-post-format-image"],"acf":[],"yoast_head":"<!-- This site is optimized with the Yoast SEO plugin v26.0 - https:\/\/yoast.com\/wordpress\/plugins\/seo\/ -->\n<title>Compact Habit en el curso de Arquitecturas Modulares Aplicadas a la Vivienda - CompactHabit<\/title>\n<meta name=\"robots\" content=\"index, follow, max-snippet:-1, max-image-preview:large, max-video-preview:-1\" \/>\n<meta property=\"og:locale\" content=\"es_ES\" \/>\n<meta property=\"og:type\" content=\"article\" \/>\n<meta property=\"og:title\" content=\"Compact Habit en el curso de Arquitecturas Modulares Aplicadas a la Vivienda - CompactHabit\" \/>\n<meta property=\"og:description\" content=\"El Director de Innovaci\u00f3n de Compact Habit y Arquitecto Miguel Morte Morales, que forma parte del equipo docente de la Escola Sert, hizo una presentaci\u00f3n del [\u2026]\" \/>\n<meta property=\"og:url\" content=\"https:\/\/www.compacthabit.com\/es\/2022\/07\/19\/compact-habit-en-el-curso-de-arquitecturas-modulares-aplicadas-a-la-vivienda\/\" \/>\n<meta property=\"og:site_name\" content=\"CompactHabit\" \/>\n<meta property=\"article:publisher\" content=\"https:\/\/www.facebook.com\/CompactHabit\/\" \/>\n<meta property=\"article:published_time\" content=\"2022-07-19T14:29:57+00:00\" \/>\n<meta property=\"article:modified_time\" content=\"2024-07-29T14:47:49+00:00\" \/>\n<meta property=\"og:image\" content=\"https:\/\/www.compacthabit.com\/wp-content\/uploads\/2022\/08\/Sense-titol-905-x-550-px-905-x-500-px-4.jpg?_t=1722851281\" \/>\n\t<meta property=\"og:image:width\" content=\"905\" \/>\n\t<meta property=\"og:image:height\" content=\"500\" \/>\n\t<meta property=\"og:image:type\" content=\"image\/jpeg\" \/>\n<meta name=\"author\" content=\"ch_admin\" \/>\n<meta name=\"twitter:card\" content=\"summary_large_image\" \/>\n<meta name=\"twitter:creator\" content=\"@compacthabit2\" \/>\n<meta name=\"twitter:site\" content=\"@compacthabit2\" \/>\n<meta name=\"twitter:label1\" content=\"Escrito por\" \/>\n\t<meta name=\"twitter:data1\" content=\"ch_admin\" \/>\n\t<meta name=\"twitter:label2\" content=\"Tiempo de lectura\" \/>\n\t<meta name=\"twitter:data2\" content=\"1 minuto\" \/>\n<script type=\"application\/ld+json\" class=\"yoast-schema-graph\">{\"@context\":\"https:\/\/schema.org\",\"@graph\":[{\"@type\":\"WebPage\",\"@id\":\"https:\/\/www.compacthabit.com\/es\/2022\/07\/19\/compact-habit-en-el-curso-de-arquitecturas-modulares-aplicadas-a-la-vivienda\/\",\"url\":\"https:\/\/www.compacthabit.com\/es\/2022\/07\/19\/compact-habit-en-el-curso-de-arquitecturas-modulares-aplicadas-a-la-vivienda\/\",\"name\":\"Compact Habit en el curso de Arquitecturas Modulares Aplicadas a la Vivienda - CompactHabit\",\"isPartOf\":{\"@id\":\"https:\/\/www.compacthabit.com\/es\/fr\/#website\"},\"primaryImageOfPage\":{\"@id\":\"https:\/\/www.compacthabit.com\/es\/2022\/07\/19\/compact-habit-en-el-curso-de-arquitecturas-modulares-aplicadas-a-la-vivienda\/#primaryimage\"},\"image\":{\"@id\":\"https:\/\/www.compacthabit.com\/es\/2022\/07\/19\/compact-habit-en-el-curso-de-arquitecturas-modulares-aplicadas-a-la-vivienda\/#primaryimage\"},\"thumbnailUrl\":\"https:\/\/www.compacthabit.com\/wp-content\/uploads\/2022\/08\/Sense-titol-905-x-550-px-905-x-500-px-4.jpg\",\"datePublished\":\"2022-07-19T14:29:57+00:00\",\"dateModified\":\"2024-07-29T14:47:49+00:00\",\"author\":{\"@id\":\"https:\/\/www.compacthabit.com\/es\/fr\/#\/schema\/person\/07a97d7adc0f27cd30c1f5760373210a\"},\"breadcrumb\":{\"@id\":\"https:\/\/www.compacthabit.com\/es\/2022\/07\/19\/compact-habit-en-el-curso-de-arquitecturas-modulares-aplicadas-a-la-vivienda\/#breadcrumb\"},\"inLanguage\":\"es\",\"potentialAction\":[{\"@type\":\"ReadAction\",\"target\":[\"https:\/\/www.compacthabit.com\/es\/2022\/07\/19\/compact-habit-en-el-curso-de-arquitecturas-modulares-aplicadas-a-la-vivienda\/\"]}]},{\"@type\":\"ImageObject\",\"inLanguage\":\"es\",\"@id\":\"https:\/\/www.compacthabit.com\/es\/2022\/07\/19\/compact-habit-en-el-curso-de-arquitecturas-modulares-aplicadas-a-la-vivienda\/#primaryimage\",\"url\":\"https:\/\/www.compacthabit.com\/wp-content\/uploads\/2022\/08\/Sense-titol-905-x-550-px-905-x-500-px-4.jpg\",\"contentUrl\":\"https:\/\/www.compacthabit.com\/wp-content\/uploads\/2022\/08\/Sense-titol-905-x-550-px-905-x-500-px-4.jpg\",\"width\":905,\"height\":500,\"caption\":\"three-dimensional Compact Habit system as part of the \u201cCourse on Housing Modular Architectures\\\"\"},{\"@type\":\"BreadcrumbList\",\"@id\":\"https:\/\/www.compacthabit.com\/es\/2022\/07\/19\/compact-habit-en-el-curso-de-arquitecturas-modulares-aplicadas-a-la-vivienda\/#breadcrumb\",\"itemListElement\":[{\"@type\":\"ListItem\",\"position\":1,\"name\":\"Portada\",\"item\":\"https:\/\/www.compacthabit.com\/es\/\"},{\"@type\":\"ListItem\",\"position\":2,\"name\":\"Compact Habit en el curso de Arquitecturas Modulares Aplicadas a la Vivienda\"}]},{\"@type\":\"WebSite\",\"@id\":\"https:\/\/www.compacthabit.com\/es\/fr\/#website\",\"url\":\"https:\/\/www.compacthabit.com\/es\/fr\/\",\"name\":\"CompactHabit\",\"description\":\"\",\"potentialAction\":[{\"@type\":\"SearchAction\",\"target\":{\"@type\":\"EntryPoint\",\"urlTemplate\":\"https:\/\/www.compacthabit.com\/es\/fr\/?s={search_term_string}\"},\"query-input\":{\"@type\":\"PropertyValueSpecification\",\"valueRequired\":true,\"valueName\":\"search_term_string\"}}],\"inLanguage\":\"es\"},{\"@type\":\"Person\",\"@id\":\"https:\/\/www.compacthabit.com\/es\/fr\/#\/schema\/person\/07a97d7adc0f27cd30c1f5760373210a\",\"name\":\"ch_admin\",\"image\":{\"@type\":\"ImageObject\",\"inLanguage\":\"es\",\"@id\":\"https:\/\/www.compacthabit.com\/es\/fr\/#\/schema\/person\/image\/\",\"url\":\"https:\/\/secure.gravatar.com\/avatar\/2a392477be346b1b7c89c12855982831?s=96&d=mm&r=g\",\"contentUrl\":\"https:\/\/secure.gravatar.com\/avatar\/2a392477be346b1b7c89c12855982831?s=96&d=mm&r=g\",\"caption\":\"ch_admin\"}}]}<\/script>\n<!-- \/ Yoast SEO plugin. -->","yoast_head_json":{"title":"Compact Habit en el curso de Arquitecturas Modulares Aplicadas a la Vivienda - CompactHabit","robots":{"index":"index","follow":"follow","max-snippet":"max-snippet:-1","max-image-preview":"max-image-preview:large","max-video-preview":"max-video-preview:-1"},"og_locale":"es_ES","og_type":"article","og_title":"Compact Habit en el curso de Arquitecturas Modulares Aplicadas a la Vivienda - CompactHabit","og_description":"El Director de Innovaci\u00f3n de Compact Habit y Arquitecto Miguel Morte Morales, que forma parte del equipo docente de la Escola Sert, hizo una presentaci\u00f3n del [\u2026]","og_url":"https:\/\/www.compacthabit.com\/es\/2022\/07\/19\/compact-habit-en-el-curso-de-arquitecturas-modulares-aplicadas-a-la-vivienda\/","og_site_name":"CompactHabit","article_publisher":"https:\/\/www.facebook.com\/CompactHabit\/","article_published_time":"2022-07-19T14:29:57+00:00","article_modified_time":"2024-07-29T14:47:49+00:00","og_image":[{"width":905,"height":500,"url":"https:\/\/www.compacthabit.com\/wp-content\/uploads\/2022\/08\/Sense-titol-905-x-550-px-905-x-500-px-4.jpg?_t=1722851281","type":"image\/jpeg"}],"author":"ch_admin","twitter_card":"summary_large_image","twitter_creator":"@compacthabit2","twitter_site":"@compacthabit2","twitter_misc":{"Escrito por":"ch_admin","Tiempo de lectura":"1 minuto"},"schema":{"@context":"https:\/\/schema.org","@graph":[{"@type":"WebPage","@id":"https:\/\/www.compacthabit.com\/es\/2022\/07\/19\/compact-habit-en-el-curso-de-arquitecturas-modulares-aplicadas-a-la-vivienda\/","url":"https:\/\/www.compacthabit.com\/es\/2022\/07\/19\/compact-habit-en-el-curso-de-arquitecturas-modulares-aplicadas-a-la-vivienda\/","name":"Compact Habit en el curso de Arquitecturas Modulares Aplicadas a la Vivienda - CompactHabit","isPartOf":{"@id":"https:\/\/www.compacthabit.com\/es\/fr\/#website"},"primaryImageOfPage":{"@id":"https:\/\/www.compacthabit.com\/es\/2022\/07\/19\/compact-habit-en-el-curso-de-arquitecturas-modulares-aplicadas-a-la-vivienda\/#primaryimage"},"image":{"@id":"https:\/\/www.compacthabit.com\/es\/2022\/07\/19\/compact-habit-en-el-curso-de-arquitecturas-modulares-aplicadas-a-la-vivienda\/#primaryimage"},"thumbnailUrl":"https:\/\/www.compacthabit.com\/wp-content\/uploads\/2022\/08\/Sense-titol-905-x-550-px-905-x-500-px-4.jpg","datePublished":"2022-07-19T14:29:57+00:00","dateModified":"2024-07-29T14:47:49+00:00","author":{"@id":"https:\/\/www.compacthabit.com\/es\/fr\/#\/schema\/person\/07a97d7adc0f27cd30c1f5760373210a"},"breadcrumb":{"@id":"https:\/\/www.compacthabit.com\/es\/2022\/07\/19\/compact-habit-en-el-curso-de-arquitecturas-modulares-aplicadas-a-la-vivienda\/#breadcrumb"},"inLanguage":"es","potentialAction":[{"@type":"ReadAction","target":["https:\/\/www.compacthabit.com\/es\/2022\/07\/19\/compact-habit-en-el-curso-de-arquitecturas-modulares-aplicadas-a-la-vivienda\/"]}]},{"@type":"ImageObject","inLanguage":"es","@id":"https:\/\/www.compacthabit.com\/es\/2022\/07\/19\/compact-habit-en-el-curso-de-arquitecturas-modulares-aplicadas-a-la-vivienda\/#primaryimage","url":"https:\/\/www.compacthabit.com\/wp-content\/uploads\/2022\/08\/Sense-titol-905-x-550-px-905-x-500-px-4.jpg","contentUrl":"https:\/\/www.compacthabit.com\/wp-content\/uploads\/2022\/08\/Sense-titol-905-x-550-px-905-x-500-px-4.jpg","width":905,"height":500,"caption":"three-dimensional Compact Habit system as part of the \u201cCourse on Housing Modular Architectures\""},{"@type":"BreadcrumbList","@id":"https:\/\/www.compacthabit.com\/es\/2022\/07\/19\/compact-habit-en-el-curso-de-arquitecturas-modulares-aplicadas-a-la-vivienda\/#breadcrumb","itemListElement":[{"@type":"ListItem","position":1,"name":"Portada","item":"https:\/\/www.compacthabit.com\/es\/"},{"@type":"ListItem","position":2,"name":"Compact Habit en el curso de Arquitecturas Modulares Aplicadas a la Vivienda"}]},{"@type":"WebSite","@id":"https:\/\/www.compacthabit.com\/es\/fr\/#website","url":"https:\/\/www.compacthabit.com\/es\/fr\/","name":"CompactHabit","description":"","potentialAction":[{"@type":"SearchAction","target":{"@type":"EntryPoint","urlTemplate":"https:\/\/www.compacthabit.com\/es\/fr\/?s={search_term_string}"},"query-input":{"@type":"PropertyValueSpecification","valueRequired":true,"valueName":"search_term_string"}}],"inLanguage":"es"},{"@type":"Person","@id":"https:\/\/www.compacthabit.com\/es\/fr\/#\/schema\/person\/07a97d7adc0f27cd30c1f5760373210a","name":"ch_admin","image":{"@type":"ImageObject","inLanguage":"es","@id":"https:\/\/www.compacthabit.com\/es\/fr\/#\/schema\/person\/image\/","url":"https:\/\/secure.gravatar.com\/avatar\/2a392477be346b1b7c89c12855982831?s=96&d=mm&r=g","contentUrl":"https:\/\/secure.gravatar.com\/avatar\/2a392477be346b1b7c89c12855982831?s=96&d=mm&r=g","caption":"ch_admin"}}]}},"_links":{"self":[{"href":"https:\/\/www.compacthabit.com\/es\/wp-json\/wp\/v2\/posts\/7344","targetHints":{"allow":["GET"]}}],"collection":[{"href":"https:\/\/www.compacthabit.com\/es\/wp-json\/wp\/v2\/posts"}],"about":[{"href":"https:\/\/www.compacthabit.com\/es\/wp-json\/wp\/v2\/types\/post"}],"author":[{"embeddable":true,"href":"https:\/\/www.compacthabit.com\/es\/wp-json\/wp\/v2\/users\/1"}],"replies":[{"embeddable":true,"href":"https:\/\/www.compacthabit.com\/es\/wp-json\/wp\/v2\/comments?post=7344"}],"version-history":[{"count":1,"href":"https:\/\/www.compacthabit.com\/es\/wp-json\/wp\/v2\/posts\/7344\/revisions"}],"predecessor-version":[{"id":7345,"href":"https:\/\/www.compacthabit.com\/es\/wp-json\/wp\/v2\/posts\/7344\/revisions\/7345"}],"wp:featuredmedia":[{"embeddable":true,"href":"https:\/\/www.compacthabit.com\/es\/wp-json\/wp\/v2\/media\/7682"}],"wp:attachment":[{"href":"https:\/\/www.compacthabit.com\/es\/wp-json\/wp\/v2\/media?parent=7344"}],"wp:term":[{"taxonomy":"category","embeddable":true,"href":"https:\/\/www.compacthabit.com\/es\/wp-json\/wp\/v2\/categories?post=7344"},{"taxonomy":"post_tag","embeddable":true,"href":"https:\/\/www.compacthabit.com\/es\/wp-json\/wp\/v2\/tags?post=7344"}],"curies":[{"name":"wp","href":"https:\/\/api.w.org\/{rel}","templated":true}]}}