{"id":3986,"date":"2014-06-18T14:25:57","date_gmt":"2014-06-18T14:25:57","guid":{"rendered":"http:\/\/www.compacthabit.com\/?p=3986\/"},"modified":"2017-10-31T16:38:14","modified_gmt":"2017-10-31T16:38:14","slug":"el-sistema-emii-protagonista-en-la-convencion-anual-de-modular-building-institute","status":"publish","type":"post","link":"https:\/\/www.compacthabit.com\/es\/2014\/06\/18\/el-sistema-emii-protagonista-en-la-convencion-anual-de-modular-building-institute\/","title":{"rendered":"El sistema eMii protagonista en la convenci\u00f3n anual del Modular Building Institute en Texas"},"content":{"rendered":"<p>El sistema eMii de CompactHabit fue presentado el pasado 22 de marzo en San Antonio (Texas) en la 31 edici\u00f3n de la Convenci\u00f3n del Modular Building Institute como parte del estudio \u00abResearch Findings: Global Best Practices in Permanente Modular Construction\u00bb. La ponencia fue presentada por el profesor Ryan Smith, director del Integrated Technology in Architecture Center de la Universidad de Utah y se centr\u00f3 en comparar 18 sistemas de construcci\u00f3n modular utilizados en todo el mundo entre los cuales destac\u00f3 el sistema eMii de CompactHabit.<\/p>\n","protected":false},"excerpt":{"rendered":"<p>El sistema eMii de CompactHabit fue presentado el pasado 22 de marzo en San Antonio (Texas) en la 31 edici\u00f3n de la Convenci\u00f3n del Modular Building<span class=\"excerpt-hellip\"> [\u2026]<\/span><\/p>\n","protected":false},"author":1,"featured_media":2576,"comment_status":"open","ping_status":"open","sticky":false,"template":"","format":"standard","meta":{"_acf_changed":false,"_monsterinsights_skip_tracking":false,"_monsterinsights_sitenote_active":false,"_monsterinsights_sitenote_note":"","_monsterinsights_sitenote_category":0,"footnotes":""},"categories":[58],"tags":[],"class_list":["post-3986","post","type-post","status-publish","format-standard","has-post-thumbnail","hentry","category-blog"],"acf":[],"yoast_head":"<!-- This site is optimized with the Yoast SEO plugin v26.0 - https:\/\/yoast.com\/wordpress\/plugins\/seo\/ -->\n<title>CompactHabit presentado en la convenci\u00f3n del Modular Building Institute<\/title>\n<meta name=\"description\" content=\"El sistema eMii de CompactHabit fue presentado el pasado 22 de marzo en San Antonio (Texas) en la 31 edici\u00f3n de la Convenci\u00f3n del Modular Building Institute\" \/>\n<meta name=\"robots\" content=\"index, follow, max-snippet:-1, max-image-preview:large, max-video-preview:-1\" \/>\n<meta property=\"og:locale\" content=\"es_ES\" \/>\n<meta property=\"og:type\" content=\"article\" \/>\n<meta property=\"og:title\" content=\"CompactHabit presentado en la convenci\u00f3n del Modular Building Institute\" \/>\n<meta property=\"og:description\" content=\"El sistema eMii de CompactHabit fue presentado el pasado 22 de marzo en San Antonio (Texas) en la 31 edici\u00f3n de la Convenci\u00f3n del Modular Building Institute\" \/>\n<meta property=\"og:url\" content=\"https:\/\/www.compacthabit.com\/es\/2014\/06\/18\/el-sistema-emii-protagonista-en-la-convencion-anual-de-modular-building-institute\/\" \/>\n<meta property=\"og:site_name\" content=\"CompactHabit\" \/>\n<meta property=\"article:publisher\" content=\"https:\/\/www.facebook.com\/CompactHabit\/\" \/>\n<meta property=\"article:published_time\" content=\"2014-06-18T14:25:57+00:00\" \/>\n<meta property=\"article:modified_time\" content=\"2017-10-31T16:38:14+00:00\" \/>\n<meta property=\"og:image\" content=\"https:\/\/www.compacthabit.com\/wp-content\/uploads\/2017\/07\/1403095930-1.jpg-1.jpg\" \/>\n\t<meta property=\"og:image:width\" content=\"600\" \/>\n\t<meta property=\"og:image:height\" content=\"400\" \/>\n\t<meta property=\"og:image:type\" content=\"image\/jpeg\" \/>\n<meta name=\"author\" content=\"ch_admin\" \/>\n<meta name=\"twitter:card\" content=\"summary_large_image\" \/>\n<meta name=\"twitter:creator\" content=\"@compacthabit2\" \/>\n<meta name=\"twitter:site\" content=\"@compacthabit2\" \/>\n<meta name=\"twitter:label1\" content=\"Escrito por\" \/>\n\t<meta name=\"twitter:data1\" content=\"ch_admin\" \/>\n<script type=\"application\/ld+json\" class=\"yoast-schema-graph\">{\"@context\":\"https:\/\/schema.org\",\"@graph\":[{\"@type\":\"WebPage\",\"@id\":\"https:\/\/www.compacthabit.com\/es\/2014\/06\/18\/el-sistema-emii-protagonista-en-la-convencion-anual-de-modular-building-institute\/\",\"url\":\"https:\/\/www.compacthabit.com\/es\/2014\/06\/18\/el-sistema-emii-protagonista-en-la-convencion-anual-de-modular-building-institute\/\",\"name\":\"CompactHabit presentado en la convenci\u00f3n del Modular Building Institute\",\"isPartOf\":{\"@id\":\"https:\/\/www.compacthabit.com\/es\/fr\/#website\"},\"primaryImageOfPage\":{\"@id\":\"https:\/\/www.compacthabit.com\/es\/2014\/06\/18\/el-sistema-emii-protagonista-en-la-convencion-anual-de-modular-building-institute\/#primaryimage\"},\"image\":{\"@id\":\"https:\/\/www.compacthabit.com\/es\/2014\/06\/18\/el-sistema-emii-protagonista-en-la-convencion-anual-de-modular-building-institute\/#primaryimage\"},\"thumbnailUrl\":\"https:\/\/www.compacthabit.com\/wp-content\/uploads\/2017\/07\/1403095930-1.jpg-1.jpg\",\"datePublished\":\"2014-06-18T14:25:57+00:00\",\"dateModified\":\"2017-10-31T16:38:14+00:00\",\"author\":{\"@id\":\"https:\/\/www.compacthabit.com\/es\/fr\/#\/schema\/person\/07a97d7adc0f27cd30c1f5760373210a\"},\"description\":\"El sistema eMii de CompactHabit fue presentado el pasado 22 de marzo en San Antonio (Texas) en la 31 edici\u00f3n de la Convenci\u00f3n del Modular Building Institute\",\"breadcrumb\":{\"@id\":\"https:\/\/www.compacthabit.com\/es\/2014\/06\/18\/el-sistema-emii-protagonista-en-la-convencion-anual-de-modular-building-institute\/#breadcrumb\"},\"inLanguage\":\"es\",\"potentialAction\":[{\"@type\":\"ReadAction\",\"target\":[\"https:\/\/www.compacthabit.com\/es\/2014\/06\/18\/el-sistema-emii-protagonista-en-la-convencion-anual-de-modular-building-institute\/\"]}]},{\"@type\":\"ImageObject\",\"inLanguage\":\"es\",\"@id\":\"https:\/\/www.compacthabit.com\/es\/2014\/06\/18\/el-sistema-emii-protagonista-en-la-convencion-anual-de-modular-building-institute\/#primaryimage\",\"url\":\"https:\/\/www.compacthabit.com\/wp-content\/uploads\/2017\/07\/1403095930-1.jpg-1.jpg\",\"contentUrl\":\"https:\/\/www.compacthabit.com\/wp-content\/uploads\/2017\/07\/1403095930-1.jpg-1.jpg\",\"width\":600,\"height\":400},{\"@type\":\"BreadcrumbList\",\"@id\":\"https:\/\/www.compacthabit.com\/es\/2014\/06\/18\/el-sistema-emii-protagonista-en-la-convencion-anual-de-modular-building-institute\/#breadcrumb\",\"itemListElement\":[{\"@type\":\"ListItem\",\"position\":1,\"name\":\"Portada\",\"item\":\"https:\/\/www.compacthabit.com\/es\/\"},{\"@type\":\"ListItem\",\"position\":2,\"name\":\"El sistema eMii protagonista en la convenci\u00f3n anual del Modular Building Institute en Texas\"}]},{\"@type\":\"WebSite\",\"@id\":\"https:\/\/www.compacthabit.com\/es\/fr\/#website\",\"url\":\"https:\/\/www.compacthabit.com\/es\/fr\/\",\"name\":\"CompactHabit\",\"description\":\"\",\"potentialAction\":[{\"@type\":\"SearchAction\",\"target\":{\"@type\":\"EntryPoint\",\"urlTemplate\":\"https:\/\/www.compacthabit.com\/es\/fr\/?s={search_term_string}\"},\"query-input\":{\"@type\":\"PropertyValueSpecification\",\"valueRequired\":true,\"valueName\":\"search_term_string\"}}],\"inLanguage\":\"es\"},{\"@type\":\"Person\",\"@id\":\"https:\/\/www.compacthabit.com\/es\/fr\/#\/schema\/person\/07a97d7adc0f27cd30c1f5760373210a\",\"name\":\"ch_admin\",\"image\":{\"@type\":\"ImageObject\",\"inLanguage\":\"es\",\"@id\":\"https:\/\/www.compacthabit.com\/es\/fr\/#\/schema\/person\/image\/\",\"url\":\"https:\/\/secure.gravatar.com\/avatar\/2a392477be346b1b7c89c12855982831?s=96&d=mm&r=g\",\"contentUrl\":\"https:\/\/secure.gravatar.com\/avatar\/2a392477be346b1b7c89c12855982831?s=96&d=mm&r=g\",\"caption\":\"ch_admin\"}}]}<\/script>\n<!-- \/ Yoast SEO plugin. -->","yoast_head_json":{"title":"CompactHabit presentado en la convenci\u00f3n del Modular Building Institute","description":"El sistema eMii de CompactHabit fue presentado el pasado 22 de marzo en San Antonio (Texas) en la 31 edici\u00f3n de la Convenci\u00f3n del Modular Building Institute","robots":{"index":"index","follow":"follow","max-snippet":"max-snippet:-1","max-image-preview":"max-image-preview:large","max-video-preview":"max-video-preview:-1"},"og_locale":"es_ES","og_type":"article","og_title":"CompactHabit presentado en la convenci\u00f3n del Modular Building Institute","og_description":"El sistema eMii de CompactHabit fue presentado el pasado 22 de marzo en San Antonio (Texas) en la 31 edici\u00f3n de la Convenci\u00f3n del Modular Building Institute","og_url":"https:\/\/www.compacthabit.com\/es\/2014\/06\/18\/el-sistema-emii-protagonista-en-la-convencion-anual-de-modular-building-institute\/","og_site_name":"CompactHabit","article_publisher":"https:\/\/www.facebook.com\/CompactHabit\/","article_published_time":"2014-06-18T14:25:57+00:00","article_modified_time":"2017-10-31T16:38:14+00:00","og_image":[{"width":600,"height":400,"url":"https:\/\/www.compacthabit.com\/wp-content\/uploads\/2017\/07\/1403095930-1.jpg-1.jpg","type":"image\/jpeg"}],"author":"ch_admin","twitter_card":"summary_large_image","twitter_creator":"@compacthabit2","twitter_site":"@compacthabit2","twitter_misc":{"Escrito por":"ch_admin"},"schema":{"@context":"https:\/\/schema.org","@graph":[{"@type":"WebPage","@id":"https:\/\/www.compacthabit.com\/es\/2014\/06\/18\/el-sistema-emii-protagonista-en-la-convencion-anual-de-modular-building-institute\/","url":"https:\/\/www.compacthabit.com\/es\/2014\/06\/18\/el-sistema-emii-protagonista-en-la-convencion-anual-de-modular-building-institute\/","name":"CompactHabit presentado en la convenci\u00f3n del Modular Building Institute","isPartOf":{"@id":"https:\/\/www.compacthabit.com\/es\/fr\/#website"},"primaryImageOfPage":{"@id":"https:\/\/www.compacthabit.com\/es\/2014\/06\/18\/el-sistema-emii-protagonista-en-la-convencion-anual-de-modular-building-institute\/#primaryimage"},"image":{"@id":"https:\/\/www.compacthabit.com\/es\/2014\/06\/18\/el-sistema-emii-protagonista-en-la-convencion-anual-de-modular-building-institute\/#primaryimage"},"thumbnailUrl":"https:\/\/www.compacthabit.com\/wp-content\/uploads\/2017\/07\/1403095930-1.jpg-1.jpg","datePublished":"2014-06-18T14:25:57+00:00","dateModified":"2017-10-31T16:38:14+00:00","author":{"@id":"https:\/\/www.compacthabit.com\/es\/fr\/#\/schema\/person\/07a97d7adc0f27cd30c1f5760373210a"},"description":"El sistema eMii de CompactHabit fue presentado el pasado 22 de marzo en San Antonio (Texas) en la 31 edici\u00f3n de la Convenci\u00f3n del Modular Building Institute","breadcrumb":{"@id":"https:\/\/www.compacthabit.com\/es\/2014\/06\/18\/el-sistema-emii-protagonista-en-la-convencion-anual-de-modular-building-institute\/#breadcrumb"},"inLanguage":"es","potentialAction":[{"@type":"ReadAction","target":["https:\/\/www.compacthabit.com\/es\/2014\/06\/18\/el-sistema-emii-protagonista-en-la-convencion-anual-de-modular-building-institute\/"]}]},{"@type":"ImageObject","inLanguage":"es","@id":"https:\/\/www.compacthabit.com\/es\/2014\/06\/18\/el-sistema-emii-protagonista-en-la-convencion-anual-de-modular-building-institute\/#primaryimage","url":"https:\/\/www.compacthabit.com\/wp-content\/uploads\/2017\/07\/1403095930-1.jpg-1.jpg","contentUrl":"https:\/\/www.compacthabit.com\/wp-content\/uploads\/2017\/07\/1403095930-1.jpg-1.jpg","width":600,"height":400},{"@type":"BreadcrumbList","@id":"https:\/\/www.compacthabit.com\/es\/2014\/06\/18\/el-sistema-emii-protagonista-en-la-convencion-anual-de-modular-building-institute\/#breadcrumb","itemListElement":[{"@type":"ListItem","position":1,"name":"Portada","item":"https:\/\/www.compacthabit.com\/es\/"},{"@type":"ListItem","position":2,"name":"El sistema eMii protagonista en la convenci\u00f3n anual del Modular Building Institute en Texas"}]},{"@type":"WebSite","@id":"https:\/\/www.compacthabit.com\/es\/fr\/#website","url":"https:\/\/www.compacthabit.com\/es\/fr\/","name":"CompactHabit","description":"","potentialAction":[{"@type":"SearchAction","target":{"@type":"EntryPoint","urlTemplate":"https:\/\/www.compacthabit.com\/es\/fr\/?s={search_term_string}"},"query-input":{"@type":"PropertyValueSpecification","valueRequired":true,"valueName":"search_term_string"}}],"inLanguage":"es"},{"@type":"Person","@id":"https:\/\/www.compacthabit.com\/es\/fr\/#\/schema\/person\/07a97d7adc0f27cd30c1f5760373210a","name":"ch_admin","image":{"@type":"ImageObject","inLanguage":"es","@id":"https:\/\/www.compacthabit.com\/es\/fr\/#\/schema\/person\/image\/","url":"https:\/\/secure.gravatar.com\/avatar\/2a392477be346b1b7c89c12855982831?s=96&d=mm&r=g","contentUrl":"https:\/\/secure.gravatar.com\/avatar\/2a392477be346b1b7c89c12855982831?s=96&d=mm&r=g","caption":"ch_admin"}}]}},"_links":{"self":[{"href":"https:\/\/www.compacthabit.com\/es\/wp-json\/wp\/v2\/posts\/3986","targetHints":{"allow":["GET"]}}],"collection":[{"href":"https:\/\/www.compacthabit.com\/es\/wp-json\/wp\/v2\/posts"}],"about":[{"href":"https:\/\/www.compacthabit.com\/es\/wp-json\/wp\/v2\/types\/post"}],"author":[{"embeddable":true,"href":"https:\/\/www.compacthabit.com\/es\/wp-json\/wp\/v2\/users\/1"}],"replies":[{"embeddable":true,"href":"https:\/\/www.compacthabit.com\/es\/wp-json\/wp\/v2\/comments?post=3986"}],"version-history":[{"count":3,"href":"https:\/\/www.compacthabit.com\/es\/wp-json\/wp\/v2\/posts\/3986\/revisions"}],"predecessor-version":[{"id":4390,"href":"https:\/\/www.compacthabit.com\/es\/wp-json\/wp\/v2\/posts\/3986\/revisions\/4390"}],"wp:featuredmedia":[{"embeddable":true,"href":"https:\/\/www.compacthabit.com\/es\/wp-json\/wp\/v2\/media\/2576"}],"wp:attachment":[{"href":"https:\/\/www.compacthabit.com\/es\/wp-json\/wp\/v2\/media?parent=3986"}],"wp:term":[{"taxonomy":"category","embeddable":true,"href":"https:\/\/www.compacthabit.com\/es\/wp-json\/wp\/v2\/categories?post=3986"},{"taxonomy":"post_tag","embeddable":true,"href":"https:\/\/www.compacthabit.com\/es\/wp-json\/wp\/v2\/tags?post=3986"}],"curies":[{"name":"wp","href":"https:\/\/api.w.org\/{rel}","templated":true}]}}