{"id":3954,"date":"2012-09-28T09:42:59","date_gmt":"2012-09-28T09:42:59","guid":{"rendered":"http:\/\/www.compacthabit.com\/?p=3954\/"},"modified":"2017-10-24T16:43:51","modified_gmt":"2017-10-24T16:43:51","slug":"compacthabit-ha-sido-invitada-a-presentar-emii-programa-19th-international-iff-conference-weimar-alemania","status":"publish","type":"post","link":"https:\/\/www.compacthabit.com\/es\/2012\/09\/28\/compacthabit-ha-sido-invitada-a-presentar-emii-programa-19th-international-iff-conference-weimar-alemania\/","title":{"rendered":"CompactHabit ha sido invitada a presentar el sistema eMii dentro del programa de la 19th International IFF Conference en Alemania"},"content":{"rendered":"<p><strong>CompactHabit participar\u00e1 en la 19th International IFF (Institut f\u00fcr Fertigteiltechnik und Fertigbau) Conference que tendr\u00e1 lugar los pr\u00f3ximos 13 y 14 de noviembre en la ciudad alemana de Weimar.<\/strong><\/p>\n<p>El acto, organizado por el IAB (Institute of Applied Building Research) de Weimar, tendr\u00e1 como tem\u00e1tica principal \u00abLa construcci\u00f3n del futuro con hormig\u00f3n sostenible\u00bb. Basados en el aumento de la eficiencia con la producci\u00f3n industrializada, los temas principales de la conferencia internacional pivotar\u00e1n sobre las innovaciones en el desarrollo de materiales y productos de construcci\u00f3n, tecnolog\u00eda e ingenier\u00eda de procedimientos.<\/p>\n<p>Con su participaci\u00f3n, CompactHabit tendr\u00e1 la posibilidad de presentar su sistema eMii (edificaci\u00f3n modular integral industrializada) en un escenario internacional y as\u00ed dar a conocer las m\u00faltiples ventajas que puede aportar frente a la construcci\u00f3n tradicional.<\/p>\n","protected":false},"excerpt":{"rendered":"<p>CompactHabit participar\u00e1 en la 19th International IFF (Institut f\u00fcr Fertigteiltechnik und Fertigbau) Conference que tendr\u00e1 lugar los pr\u00f3ximos 13 y 14 de noviembre en la ciudad<span class=\"excerpt-hellip\"> [\u2026]<\/span><\/p>\n","protected":false},"author":1,"featured_media":2621,"comment_status":"open","ping_status":"open","sticky":false,"template":"","format":"standard","meta":{"_acf_changed":false,"_monsterinsights_skip_tracking":false,"_monsterinsights_sitenote_active":false,"_monsterinsights_sitenote_note":"","_monsterinsights_sitenote_category":0,"footnotes":""},"categories":[58,3],"tags":[],"class_list":["post-3954","post","type-post","status-publish","format-standard","has-post-thumbnail","hentry","category-blog","category-sin-categorizar"],"acf":[],"yoast_head":"<!-- This site is optimized with the Yoast SEO plugin v26.0 - https:\/\/yoast.com\/wordpress\/plugins\/seo\/ -->\n<title>CompactHabit ha sido invitada a presentar el sistema eMii<\/title>\n<meta name=\"description\" content=\"CompactHabit ha sido invitada a presentar el sistema eMii dentro del programa de la 19th International IFF Conference en Alemania\" \/>\n<meta name=\"robots\" content=\"index, follow, max-snippet:-1, max-image-preview:large, max-video-preview:-1\" \/>\n<meta property=\"og:locale\" content=\"es_ES\" \/>\n<meta property=\"og:type\" content=\"article\" \/>\n<meta property=\"og:title\" content=\"CompactHabit ha sido invitada a presentar el sistema eMii\" \/>\n<meta property=\"og:description\" content=\"CompactHabit ha sido invitada a presentar el sistema eMii dentro del programa de la 19th International IFF Conference en Alemania\" \/>\n<meta property=\"og:url\" content=\"https:\/\/www.compacthabit.com\/es\/2012\/09\/28\/compacthabit-ha-sido-invitada-a-presentar-emii-programa-19th-international-iff-conference-weimar-alemania\/\" \/>\n<meta property=\"og:site_name\" content=\"CompactHabit\" \/>\n<meta property=\"article:publisher\" content=\"https:\/\/www.facebook.com\/CompactHabit\/\" \/>\n<meta property=\"article:published_time\" content=\"2012-09-28T09:42:59+00:00\" \/>\n<meta property=\"article:modified_time\" content=\"2017-10-24T16:43:51+00:00\" \/>\n<meta property=\"og:image\" content=\"https:\/\/www.compacthabit.com\/wp-content\/uploads\/2017\/07\/1348824092.jpg.jpg\" \/>\n\t<meta property=\"og:image:width\" content=\"600\" \/>\n\t<meta property=\"og:image:height\" content=\"506\" \/>\n\t<meta property=\"og:image:type\" content=\"image\/jpeg\" \/>\n<meta name=\"author\" content=\"ch_admin\" \/>\n<meta name=\"twitter:card\" content=\"summary_large_image\" \/>\n<meta name=\"twitter:creator\" content=\"@compacthabit2\" \/>\n<meta name=\"twitter:site\" content=\"@compacthabit2\" \/>\n<meta name=\"twitter:label1\" content=\"Escrito por\" \/>\n\t<meta name=\"twitter:data1\" content=\"ch_admin\" \/>\n\t<meta name=\"twitter:label2\" content=\"Tiempo de lectura\" \/>\n\t<meta name=\"twitter:data2\" content=\"1 minuto\" \/>\n<script type=\"application\/ld+json\" class=\"yoast-schema-graph\">{\"@context\":\"https:\/\/schema.org\",\"@graph\":[{\"@type\":\"WebPage\",\"@id\":\"https:\/\/www.compacthabit.com\/es\/2012\/09\/28\/compacthabit-ha-sido-invitada-a-presentar-emii-programa-19th-international-iff-conference-weimar-alemania\/\",\"url\":\"https:\/\/www.compacthabit.com\/es\/2012\/09\/28\/compacthabit-ha-sido-invitada-a-presentar-emii-programa-19th-international-iff-conference-weimar-alemania\/\",\"name\":\"CompactHabit ha sido invitada a presentar el sistema eMii\",\"isPartOf\":{\"@id\":\"https:\/\/www.compacthabit.com\/es\/fr\/#website\"},\"primaryImageOfPage\":{\"@id\":\"https:\/\/www.compacthabit.com\/es\/2012\/09\/28\/compacthabit-ha-sido-invitada-a-presentar-emii-programa-19th-international-iff-conference-weimar-alemania\/#primaryimage\"},\"image\":{\"@id\":\"https:\/\/www.compacthabit.com\/es\/2012\/09\/28\/compacthabit-ha-sido-invitada-a-presentar-emii-programa-19th-international-iff-conference-weimar-alemania\/#primaryimage\"},\"thumbnailUrl\":\"https:\/\/www.compacthabit.com\/wp-content\/uploads\/2017\/07\/1348824092.jpg.jpg\",\"datePublished\":\"2012-09-28T09:42:59+00:00\",\"dateModified\":\"2017-10-24T16:43:51+00:00\",\"author\":{\"@id\":\"https:\/\/www.compacthabit.com\/es\/fr\/#\/schema\/person\/07a97d7adc0f27cd30c1f5760373210a\"},\"description\":\"CompactHabit ha sido invitada a presentar el sistema eMii dentro del programa de la 19th International IFF Conference en Alemania\",\"breadcrumb\":{\"@id\":\"https:\/\/www.compacthabit.com\/es\/2012\/09\/28\/compacthabit-ha-sido-invitada-a-presentar-emii-programa-19th-international-iff-conference-weimar-alemania\/#breadcrumb\"},\"inLanguage\":\"es\",\"potentialAction\":[{\"@type\":\"ReadAction\",\"target\":[\"https:\/\/www.compacthabit.com\/es\/2012\/09\/28\/compacthabit-ha-sido-invitada-a-presentar-emii-programa-19th-international-iff-conference-weimar-alemania\/\"]}]},{\"@type\":\"ImageObject\",\"inLanguage\":\"es\",\"@id\":\"https:\/\/www.compacthabit.com\/es\/2012\/09\/28\/compacthabit-ha-sido-invitada-a-presentar-emii-programa-19th-international-iff-conference-weimar-alemania\/#primaryimage\",\"url\":\"https:\/\/www.compacthabit.com\/wp-content\/uploads\/2017\/07\/1348824092.jpg.jpg\",\"contentUrl\":\"https:\/\/www.compacthabit.com\/wp-content\/uploads\/2017\/07\/1348824092.jpg.jpg\",\"width\":600,\"height\":506},{\"@type\":\"BreadcrumbList\",\"@id\":\"https:\/\/www.compacthabit.com\/es\/2012\/09\/28\/compacthabit-ha-sido-invitada-a-presentar-emii-programa-19th-international-iff-conference-weimar-alemania\/#breadcrumb\",\"itemListElement\":[{\"@type\":\"ListItem\",\"position\":1,\"name\":\"Portada\",\"item\":\"https:\/\/www.compacthabit.com\/es\/\"},{\"@type\":\"ListItem\",\"position\":2,\"name\":\"CompactHabit ha sido invitada a presentar el sistema eMii dentro del programa de la 19th International IFF Conference en Alemania\"}]},{\"@type\":\"WebSite\",\"@id\":\"https:\/\/www.compacthabit.com\/es\/fr\/#website\",\"url\":\"https:\/\/www.compacthabit.com\/es\/fr\/\",\"name\":\"CompactHabit\",\"description\":\"\",\"potentialAction\":[{\"@type\":\"SearchAction\",\"target\":{\"@type\":\"EntryPoint\",\"urlTemplate\":\"https:\/\/www.compacthabit.com\/es\/fr\/?s={search_term_string}\"},\"query-input\":{\"@type\":\"PropertyValueSpecification\",\"valueRequired\":true,\"valueName\":\"search_term_string\"}}],\"inLanguage\":\"es\"},{\"@type\":\"Person\",\"@id\":\"https:\/\/www.compacthabit.com\/es\/fr\/#\/schema\/person\/07a97d7adc0f27cd30c1f5760373210a\",\"name\":\"ch_admin\",\"image\":{\"@type\":\"ImageObject\",\"inLanguage\":\"es\",\"@id\":\"https:\/\/www.compacthabit.com\/es\/fr\/#\/schema\/person\/image\/\",\"url\":\"https:\/\/secure.gravatar.com\/avatar\/2a392477be346b1b7c89c12855982831?s=96&d=mm&r=g\",\"contentUrl\":\"https:\/\/secure.gravatar.com\/avatar\/2a392477be346b1b7c89c12855982831?s=96&d=mm&r=g\",\"caption\":\"ch_admin\"}}]}<\/script>\n<!-- \/ Yoast SEO plugin. -->","yoast_head_json":{"title":"CompactHabit ha sido invitada a presentar el sistema eMii","description":"CompactHabit ha sido invitada a presentar el sistema eMii dentro del programa de la 19th International IFF Conference en Alemania","robots":{"index":"index","follow":"follow","max-snippet":"max-snippet:-1","max-image-preview":"max-image-preview:large","max-video-preview":"max-video-preview:-1"},"og_locale":"es_ES","og_type":"article","og_title":"CompactHabit ha sido invitada a presentar el sistema eMii","og_description":"CompactHabit ha sido invitada a presentar el sistema eMii dentro del programa de la 19th International IFF Conference en Alemania","og_url":"https:\/\/www.compacthabit.com\/es\/2012\/09\/28\/compacthabit-ha-sido-invitada-a-presentar-emii-programa-19th-international-iff-conference-weimar-alemania\/","og_site_name":"CompactHabit","article_publisher":"https:\/\/www.facebook.com\/CompactHabit\/","article_published_time":"2012-09-28T09:42:59+00:00","article_modified_time":"2017-10-24T16:43:51+00:00","og_image":[{"width":600,"height":506,"url":"https:\/\/www.compacthabit.com\/wp-content\/uploads\/2017\/07\/1348824092.jpg.jpg","type":"image\/jpeg"}],"author":"ch_admin","twitter_card":"summary_large_image","twitter_creator":"@compacthabit2","twitter_site":"@compacthabit2","twitter_misc":{"Escrito por":"ch_admin","Tiempo de lectura":"1 minuto"},"schema":{"@context":"https:\/\/schema.org","@graph":[{"@type":"WebPage","@id":"https:\/\/www.compacthabit.com\/es\/2012\/09\/28\/compacthabit-ha-sido-invitada-a-presentar-emii-programa-19th-international-iff-conference-weimar-alemania\/","url":"https:\/\/www.compacthabit.com\/es\/2012\/09\/28\/compacthabit-ha-sido-invitada-a-presentar-emii-programa-19th-international-iff-conference-weimar-alemania\/","name":"CompactHabit ha sido invitada a presentar el sistema eMii","isPartOf":{"@id":"https:\/\/www.compacthabit.com\/es\/fr\/#website"},"primaryImageOfPage":{"@id":"https:\/\/www.compacthabit.com\/es\/2012\/09\/28\/compacthabit-ha-sido-invitada-a-presentar-emii-programa-19th-international-iff-conference-weimar-alemania\/#primaryimage"},"image":{"@id":"https:\/\/www.compacthabit.com\/es\/2012\/09\/28\/compacthabit-ha-sido-invitada-a-presentar-emii-programa-19th-international-iff-conference-weimar-alemania\/#primaryimage"},"thumbnailUrl":"https:\/\/www.compacthabit.com\/wp-content\/uploads\/2017\/07\/1348824092.jpg.jpg","datePublished":"2012-09-28T09:42:59+00:00","dateModified":"2017-10-24T16:43:51+00:00","author":{"@id":"https:\/\/www.compacthabit.com\/es\/fr\/#\/schema\/person\/07a97d7adc0f27cd30c1f5760373210a"},"description":"CompactHabit ha sido invitada a presentar el sistema eMii dentro del programa de la 19th International IFF Conference en Alemania","breadcrumb":{"@id":"https:\/\/www.compacthabit.com\/es\/2012\/09\/28\/compacthabit-ha-sido-invitada-a-presentar-emii-programa-19th-international-iff-conference-weimar-alemania\/#breadcrumb"},"inLanguage":"es","potentialAction":[{"@type":"ReadAction","target":["https:\/\/www.compacthabit.com\/es\/2012\/09\/28\/compacthabit-ha-sido-invitada-a-presentar-emii-programa-19th-international-iff-conference-weimar-alemania\/"]}]},{"@type":"ImageObject","inLanguage":"es","@id":"https:\/\/www.compacthabit.com\/es\/2012\/09\/28\/compacthabit-ha-sido-invitada-a-presentar-emii-programa-19th-international-iff-conference-weimar-alemania\/#primaryimage","url":"https:\/\/www.compacthabit.com\/wp-content\/uploads\/2017\/07\/1348824092.jpg.jpg","contentUrl":"https:\/\/www.compacthabit.com\/wp-content\/uploads\/2017\/07\/1348824092.jpg.jpg","width":600,"height":506},{"@type":"BreadcrumbList","@id":"https:\/\/www.compacthabit.com\/es\/2012\/09\/28\/compacthabit-ha-sido-invitada-a-presentar-emii-programa-19th-international-iff-conference-weimar-alemania\/#breadcrumb","itemListElement":[{"@type":"ListItem","position":1,"name":"Portada","item":"https:\/\/www.compacthabit.com\/es\/"},{"@type":"ListItem","position":2,"name":"CompactHabit ha sido invitada a presentar el sistema eMii dentro del programa de la 19th International IFF Conference en Alemania"}]},{"@type":"WebSite","@id":"https:\/\/www.compacthabit.com\/es\/fr\/#website","url":"https:\/\/www.compacthabit.com\/es\/fr\/","name":"CompactHabit","description":"","potentialAction":[{"@type":"SearchAction","target":{"@type":"EntryPoint","urlTemplate":"https:\/\/www.compacthabit.com\/es\/fr\/?s={search_term_string}"},"query-input":{"@type":"PropertyValueSpecification","valueRequired":true,"valueName":"search_term_string"}}],"inLanguage":"es"},{"@type":"Person","@id":"https:\/\/www.compacthabit.com\/es\/fr\/#\/schema\/person\/07a97d7adc0f27cd30c1f5760373210a","name":"ch_admin","image":{"@type":"ImageObject","inLanguage":"es","@id":"https:\/\/www.compacthabit.com\/es\/fr\/#\/schema\/person\/image\/","url":"https:\/\/secure.gravatar.com\/avatar\/2a392477be346b1b7c89c12855982831?s=96&d=mm&r=g","contentUrl":"https:\/\/secure.gravatar.com\/avatar\/2a392477be346b1b7c89c12855982831?s=96&d=mm&r=g","caption":"ch_admin"}}]}},"_links":{"self":[{"href":"https:\/\/www.compacthabit.com\/es\/wp-json\/wp\/v2\/posts\/3954","targetHints":{"allow":["GET"]}}],"collection":[{"href":"https:\/\/www.compacthabit.com\/es\/wp-json\/wp\/v2\/posts"}],"about":[{"href":"https:\/\/www.compacthabit.com\/es\/wp-json\/wp\/v2\/types\/post"}],"author":[{"embeddable":true,"href":"https:\/\/www.compacthabit.com\/es\/wp-json\/wp\/v2\/users\/1"}],"replies":[{"embeddable":true,"href":"https:\/\/www.compacthabit.com\/es\/wp-json\/wp\/v2\/comments?post=3954"}],"version-history":[{"count":5,"href":"https:\/\/www.compacthabit.com\/es\/wp-json\/wp\/v2\/posts\/3954\/revisions"}],"predecessor-version":[{"id":4434,"href":"https:\/\/www.compacthabit.com\/es\/wp-json\/wp\/v2\/posts\/3954\/revisions\/4434"}],"wp:featuredmedia":[{"embeddable":true,"href":"https:\/\/www.compacthabit.com\/es\/wp-json\/wp\/v2\/media\/2621"}],"wp:attachment":[{"href":"https:\/\/www.compacthabit.com\/es\/wp-json\/wp\/v2\/media?parent=3954"}],"wp:term":[{"taxonomy":"category","embeddable":true,"href":"https:\/\/www.compacthabit.com\/es\/wp-json\/wp\/v2\/categories?post=3954"},{"taxonomy":"post_tag","embeddable":true,"href":"https:\/\/www.compacthabit.com\/es\/wp-json\/wp\/v2\/tags?post=3954"}],"curies":[{"name":"wp","href":"https:\/\/api.w.org\/{rel}","templated":true}]}}