{"id":3949,"date":"2012-10-19T12:37:55","date_gmt":"2012-10-19T12:37:55","guid":{"rendered":"http:\/\/www.compacthabit.com\/?p=3949\/"},"modified":"2017-10-30T11:12:55","modified_gmt":"2017-10-30T11:12:55","slug":"compacthabit-participa-innovacion-constructiva-vivienda-suroeste-europa","status":"publish","type":"post","link":"https:\/\/www.compacthabit.com\/es\/2012\/10\/19\/compacthabit-participa-innovacion-constructiva-vivienda-suroeste-europa\/","title":{"rendered":"CompactHabit participa en una mesa redonda sobre innovaci\u00f3n constructiva y vivienda social en el suroeste de Europa"},"content":{"rendered":"<p>CompactHabit participa en una mesa redonda del programa Ecohabitat, un proyecto de cooperaci\u00f3n transnacional para la innovaci\u00f3n tecnol\u00f3gica y las pr\u00e1cticas sociales en materia de vivienda sostenible en el medio urbano del suroeste de Europa. Ecohabitat es presidido por la Comunidad Urbana de Grand Tolouse y son miembros asociados diferentes instituciones y entidades, tanto del estado franc\u00e9s como espa\u00f1ol.<\/p>\n<p>La mesa redonda \u00abInnovaci\u00f3n constructiva y vivienda social al suroeste europeo\u00bb se celebrar\u00e1 el jueves 25 de octubre a las 7 de la tarde al Instituto Franc\u00e9s de Barcelona. La moderar\u00e1 el arquitecto y catedr\u00e1tico de construcci\u00f3n Fernando Ramos e intervendr\u00e1n Josep Armengol, director general de CompactHabit; Montse Pujol, gerente de Sistema SOMOS\/Prefabricados Pujol; Rosa Vilarasau, socia fundadora de Sistema Noem y Luis Buznego, consejero delegado de Modultec.<\/p>\n<p>Tambi\u00e9n participar\u00e1n los arquitectos Claudi Aguil\u00f3, de DataAE; Sander Laudy, B01 arquitectos; Josep Bunyesc y Antoni Montes, de estudio F451.<\/p>\n","protected":false},"excerpt":{"rendered":"<p>CompactHabit participa en una mesa redonda del programa Ecohabitat, un proyecto de cooperaci\u00f3n transnacional para la innovaci\u00f3n tecnol\u00f3gica y las pr\u00e1cticas sociales en materia de vivienda<span class=\"excerpt-hellip\"> [\u2026]<\/span><\/p>\n","protected":false},"author":1,"featured_media":2790,"comment_status":"open","ping_status":"open","sticky":false,"template":"","format":"standard","meta":{"_acf_changed":false,"_monsterinsights_skip_tracking":false,"_monsterinsights_sitenote_active":false,"_monsterinsights_sitenote_note":"","_monsterinsights_sitenote_category":0,"footnotes":""},"categories":[58,3],"tags":[],"class_list":["post-3949","post","type-post","status-publish","format-standard","has-post-thumbnail","hentry","category-blog","category-sin-categorizar"],"acf":[],"yoast_head":"<!-- This site is optimized with the Yoast SEO plugin v26.0 - https:\/\/yoast.com\/wordpress\/plugins\/seo\/ -->\n<title>CompactHabit participa en una mesa redonda sobre innovaci\u00f3n<\/title>\n<meta name=\"description\" content=\"CompactHabit participa en una mesa redonda sobre innovaci\u00f3n constructiva y vivienda social del programa Ecohabitat\" \/>\n<meta name=\"robots\" content=\"index, follow, max-snippet:-1, max-image-preview:large, max-video-preview:-1\" \/>\n<meta property=\"og:locale\" content=\"es_ES\" \/>\n<meta property=\"og:type\" content=\"article\" \/>\n<meta property=\"og:title\" content=\"CompactHabit participa en una mesa redonda sobre innovaci\u00f3n\" \/>\n<meta property=\"og:description\" content=\"CompactHabit participa en una mesa redonda sobre innovaci\u00f3n constructiva y vivienda social del programa Ecohabitat\" \/>\n<meta property=\"og:url\" content=\"https:\/\/www.compacthabit.com\/es\/2012\/10\/19\/compacthabit-participa-innovacion-constructiva-vivienda-suroeste-europa\/\" \/>\n<meta property=\"og:site_name\" content=\"CompactHabit\" \/>\n<meta property=\"article:publisher\" content=\"https:\/\/www.facebook.com\/CompactHabit\/\" \/>\n<meta property=\"article:published_time\" content=\"2012-10-19T12:37:55+00:00\" \/>\n<meta property=\"article:modified_time\" content=\"2017-10-30T11:12:55+00:00\" \/>\n<meta property=\"og:image\" content=\"https:\/\/www.compacthabit.com\/wp-content\/uploads\/2012\/10\/new00.jpg\" \/>\n\t<meta property=\"og:image:width\" content=\"600\" \/>\n\t<meta property=\"og:image:height\" content=\"410\" \/>\n\t<meta property=\"og:image:type\" content=\"image\/jpeg\" \/>\n<meta name=\"author\" content=\"ch_admin\" \/>\n<meta name=\"twitter:card\" content=\"summary_large_image\" \/>\n<meta name=\"twitter:creator\" content=\"@compacthabit2\" \/>\n<meta name=\"twitter:site\" content=\"@compacthabit2\" \/>\n<meta name=\"twitter:label1\" content=\"Escrito por\" \/>\n\t<meta name=\"twitter:data1\" content=\"ch_admin\" \/>\n\t<meta name=\"twitter:label2\" content=\"Tiempo de lectura\" \/>\n\t<meta name=\"twitter:data2\" content=\"1 minuto\" \/>\n<script type=\"application\/ld+json\" class=\"yoast-schema-graph\">{\"@context\":\"https:\/\/schema.org\",\"@graph\":[{\"@type\":\"WebPage\",\"@id\":\"https:\/\/www.compacthabit.com\/es\/2012\/10\/19\/compacthabit-participa-innovacion-constructiva-vivienda-suroeste-europa\/\",\"url\":\"https:\/\/www.compacthabit.com\/es\/2012\/10\/19\/compacthabit-participa-innovacion-constructiva-vivienda-suroeste-europa\/\",\"name\":\"CompactHabit participa en una mesa redonda sobre innovaci\u00f3n\",\"isPartOf\":{\"@id\":\"https:\/\/www.compacthabit.com\/es\/fr\/#website\"},\"primaryImageOfPage\":{\"@id\":\"https:\/\/www.compacthabit.com\/es\/2012\/10\/19\/compacthabit-participa-innovacion-constructiva-vivienda-suroeste-europa\/#primaryimage\"},\"image\":{\"@id\":\"https:\/\/www.compacthabit.com\/es\/2012\/10\/19\/compacthabit-participa-innovacion-constructiva-vivienda-suroeste-europa\/#primaryimage\"},\"thumbnailUrl\":\"https:\/\/www.compacthabit.com\/wp-content\/uploads\/2012\/10\/new00.jpg\",\"datePublished\":\"2012-10-19T12:37:55+00:00\",\"dateModified\":\"2017-10-30T11:12:55+00:00\",\"author\":{\"@id\":\"https:\/\/www.compacthabit.com\/es\/fr\/#\/schema\/person\/07a97d7adc0f27cd30c1f5760373210a\"},\"description\":\"CompactHabit participa en una mesa redonda sobre innovaci\u00f3n constructiva y vivienda social del programa Ecohabitat\",\"breadcrumb\":{\"@id\":\"https:\/\/www.compacthabit.com\/es\/2012\/10\/19\/compacthabit-participa-innovacion-constructiva-vivienda-suroeste-europa\/#breadcrumb\"},\"inLanguage\":\"es\",\"potentialAction\":[{\"@type\":\"ReadAction\",\"target\":[\"https:\/\/www.compacthabit.com\/es\/2012\/10\/19\/compacthabit-participa-innovacion-constructiva-vivienda-suroeste-europa\/\"]}]},{\"@type\":\"ImageObject\",\"inLanguage\":\"es\",\"@id\":\"https:\/\/www.compacthabit.com\/es\/2012\/10\/19\/compacthabit-participa-innovacion-constructiva-vivienda-suroeste-europa\/#primaryimage\",\"url\":\"https:\/\/www.compacthabit.com\/wp-content\/uploads\/2012\/10\/new00.jpg\",\"contentUrl\":\"https:\/\/www.compacthabit.com\/wp-content\/uploads\/2012\/10\/new00.jpg\",\"width\":600,\"height\":410},{\"@type\":\"BreadcrumbList\",\"@id\":\"https:\/\/www.compacthabit.com\/es\/2012\/10\/19\/compacthabit-participa-innovacion-constructiva-vivienda-suroeste-europa\/#breadcrumb\",\"itemListElement\":[{\"@type\":\"ListItem\",\"position\":1,\"name\":\"Portada\",\"item\":\"https:\/\/www.compacthabit.com\/es\/\"},{\"@type\":\"ListItem\",\"position\":2,\"name\":\"CompactHabit participa en una mesa redonda sobre innovaci\u00f3n constructiva y vivienda social en el suroeste de Europa\"}]},{\"@type\":\"WebSite\",\"@id\":\"https:\/\/www.compacthabit.com\/es\/fr\/#website\",\"url\":\"https:\/\/www.compacthabit.com\/es\/fr\/\",\"name\":\"CompactHabit\",\"description\":\"\",\"potentialAction\":[{\"@type\":\"SearchAction\",\"target\":{\"@type\":\"EntryPoint\",\"urlTemplate\":\"https:\/\/www.compacthabit.com\/es\/fr\/?s={search_term_string}\"},\"query-input\":{\"@type\":\"PropertyValueSpecification\",\"valueRequired\":true,\"valueName\":\"search_term_string\"}}],\"inLanguage\":\"es\"},{\"@type\":\"Person\",\"@id\":\"https:\/\/www.compacthabit.com\/es\/fr\/#\/schema\/person\/07a97d7adc0f27cd30c1f5760373210a\",\"name\":\"ch_admin\",\"image\":{\"@type\":\"ImageObject\",\"inLanguage\":\"es\",\"@id\":\"https:\/\/www.compacthabit.com\/es\/fr\/#\/schema\/person\/image\/\",\"url\":\"https:\/\/secure.gravatar.com\/avatar\/2a392477be346b1b7c89c12855982831?s=96&d=mm&r=g\",\"contentUrl\":\"https:\/\/secure.gravatar.com\/avatar\/2a392477be346b1b7c89c12855982831?s=96&d=mm&r=g\",\"caption\":\"ch_admin\"}}]}<\/script>\n<!-- \/ Yoast SEO plugin. -->","yoast_head_json":{"title":"CompactHabit participa en una mesa redonda sobre innovaci\u00f3n","description":"CompactHabit participa en una mesa redonda sobre innovaci\u00f3n constructiva y vivienda social del programa Ecohabitat","robots":{"index":"index","follow":"follow","max-snippet":"max-snippet:-1","max-image-preview":"max-image-preview:large","max-video-preview":"max-video-preview:-1"},"og_locale":"es_ES","og_type":"article","og_title":"CompactHabit participa en una mesa redonda sobre innovaci\u00f3n","og_description":"CompactHabit participa en una mesa redonda sobre innovaci\u00f3n constructiva y vivienda social del programa Ecohabitat","og_url":"https:\/\/www.compacthabit.com\/es\/2012\/10\/19\/compacthabit-participa-innovacion-constructiva-vivienda-suroeste-europa\/","og_site_name":"CompactHabit","article_publisher":"https:\/\/www.facebook.com\/CompactHabit\/","article_published_time":"2012-10-19T12:37:55+00:00","article_modified_time":"2017-10-30T11:12:55+00:00","og_image":[{"width":600,"height":410,"url":"https:\/\/www.compacthabit.com\/wp-content\/uploads\/2012\/10\/new00.jpg","type":"image\/jpeg"}],"author":"ch_admin","twitter_card":"summary_large_image","twitter_creator":"@compacthabit2","twitter_site":"@compacthabit2","twitter_misc":{"Escrito por":"ch_admin","Tiempo de lectura":"1 minuto"},"schema":{"@context":"https:\/\/schema.org","@graph":[{"@type":"WebPage","@id":"https:\/\/www.compacthabit.com\/es\/2012\/10\/19\/compacthabit-participa-innovacion-constructiva-vivienda-suroeste-europa\/","url":"https:\/\/www.compacthabit.com\/es\/2012\/10\/19\/compacthabit-participa-innovacion-constructiva-vivienda-suroeste-europa\/","name":"CompactHabit participa en una mesa redonda sobre innovaci\u00f3n","isPartOf":{"@id":"https:\/\/www.compacthabit.com\/es\/fr\/#website"},"primaryImageOfPage":{"@id":"https:\/\/www.compacthabit.com\/es\/2012\/10\/19\/compacthabit-participa-innovacion-constructiva-vivienda-suroeste-europa\/#primaryimage"},"image":{"@id":"https:\/\/www.compacthabit.com\/es\/2012\/10\/19\/compacthabit-participa-innovacion-constructiva-vivienda-suroeste-europa\/#primaryimage"},"thumbnailUrl":"https:\/\/www.compacthabit.com\/wp-content\/uploads\/2012\/10\/new00.jpg","datePublished":"2012-10-19T12:37:55+00:00","dateModified":"2017-10-30T11:12:55+00:00","author":{"@id":"https:\/\/www.compacthabit.com\/es\/fr\/#\/schema\/person\/07a97d7adc0f27cd30c1f5760373210a"},"description":"CompactHabit participa en una mesa redonda sobre innovaci\u00f3n constructiva y vivienda social del programa Ecohabitat","breadcrumb":{"@id":"https:\/\/www.compacthabit.com\/es\/2012\/10\/19\/compacthabit-participa-innovacion-constructiva-vivienda-suroeste-europa\/#breadcrumb"},"inLanguage":"es","potentialAction":[{"@type":"ReadAction","target":["https:\/\/www.compacthabit.com\/es\/2012\/10\/19\/compacthabit-participa-innovacion-constructiva-vivienda-suroeste-europa\/"]}]},{"@type":"ImageObject","inLanguage":"es","@id":"https:\/\/www.compacthabit.com\/es\/2012\/10\/19\/compacthabit-participa-innovacion-constructiva-vivienda-suroeste-europa\/#primaryimage","url":"https:\/\/www.compacthabit.com\/wp-content\/uploads\/2012\/10\/new00.jpg","contentUrl":"https:\/\/www.compacthabit.com\/wp-content\/uploads\/2012\/10\/new00.jpg","width":600,"height":410},{"@type":"BreadcrumbList","@id":"https:\/\/www.compacthabit.com\/es\/2012\/10\/19\/compacthabit-participa-innovacion-constructiva-vivienda-suroeste-europa\/#breadcrumb","itemListElement":[{"@type":"ListItem","position":1,"name":"Portada","item":"https:\/\/www.compacthabit.com\/es\/"},{"@type":"ListItem","position":2,"name":"CompactHabit participa en una mesa redonda sobre innovaci\u00f3n constructiva y vivienda social en el suroeste de Europa"}]},{"@type":"WebSite","@id":"https:\/\/www.compacthabit.com\/es\/fr\/#website","url":"https:\/\/www.compacthabit.com\/es\/fr\/","name":"CompactHabit","description":"","potentialAction":[{"@type":"SearchAction","target":{"@type":"EntryPoint","urlTemplate":"https:\/\/www.compacthabit.com\/es\/fr\/?s={search_term_string}"},"query-input":{"@type":"PropertyValueSpecification","valueRequired":true,"valueName":"search_term_string"}}],"inLanguage":"es"},{"@type":"Person","@id":"https:\/\/www.compacthabit.com\/es\/fr\/#\/schema\/person\/07a97d7adc0f27cd30c1f5760373210a","name":"ch_admin","image":{"@type":"ImageObject","inLanguage":"es","@id":"https:\/\/www.compacthabit.com\/es\/fr\/#\/schema\/person\/image\/","url":"https:\/\/secure.gravatar.com\/avatar\/2a392477be346b1b7c89c12855982831?s=96&d=mm&r=g","contentUrl":"https:\/\/secure.gravatar.com\/avatar\/2a392477be346b1b7c89c12855982831?s=96&d=mm&r=g","caption":"ch_admin"}}]}},"_links":{"self":[{"href":"https:\/\/www.compacthabit.com\/es\/wp-json\/wp\/v2\/posts\/3949","targetHints":{"allow":["GET"]}}],"collection":[{"href":"https:\/\/www.compacthabit.com\/es\/wp-json\/wp\/v2\/posts"}],"about":[{"href":"https:\/\/www.compacthabit.com\/es\/wp-json\/wp\/v2\/types\/post"}],"author":[{"embeddable":true,"href":"https:\/\/www.compacthabit.com\/es\/wp-json\/wp\/v2\/users\/1"}],"replies":[{"embeddable":true,"href":"https:\/\/www.compacthabit.com\/es\/wp-json\/wp\/v2\/comments?post=3949"}],"version-history":[{"count":3,"href":"https:\/\/www.compacthabit.com\/es\/wp-json\/wp\/v2\/posts\/3949\/revisions"}],"predecessor-version":[{"id":4404,"href":"https:\/\/www.compacthabit.com\/es\/wp-json\/wp\/v2\/posts\/3949\/revisions\/4404"}],"wp:featuredmedia":[{"embeddable":true,"href":"https:\/\/www.compacthabit.com\/es\/wp-json\/wp\/v2\/media\/2790"}],"wp:attachment":[{"href":"https:\/\/www.compacthabit.com\/es\/wp-json\/wp\/v2\/media?parent=3949"}],"wp:term":[{"taxonomy":"category","embeddable":true,"href":"https:\/\/www.compacthabit.com\/es\/wp-json\/wp\/v2\/categories?post=3949"},{"taxonomy":"post_tag","embeddable":true,"href":"https:\/\/www.compacthabit.com\/es\/wp-json\/wp\/v2\/tags?post=3949"}],"curies":[{"name":"wp","href":"https:\/\/api.w.org\/{rel}","templated":true}]}}