{"id":3947,"date":"2013-02-28T12:35:49","date_gmt":"2013-02-28T12:35:49","guid":{"rendered":"http:\/\/www.compacthabit.com\/?p=3947\/"},"modified":"2017-11-08T10:31:28","modified_gmt":"2017-11-08T10:31:28","slug":"compacthabit-participara-salon-batimed-marsella-feria-mipim-cannes","status":"publish","type":"post","link":"https:\/\/www.compacthabit.com\/es\/2013\/02\/28\/compacthabit-participara-salon-batimed-marsella-feria-mipim-cannes\/","title":{"rendered":"CompactHabit participar\u00e1 en el sal\u00f3n Batimed de Marsella y en la feria MIPIM de Cannes"},"content":{"rendered":"<p>CompactHabit estar\u00e1 presente del 20 al 22 de marzo en la feria Batimed, que se celebrar\u00e1 en Marsella, y que es el sal\u00f3n de referencia en el \u00e1mbito de la construcci\u00f3n, la obra p\u00fablica y las energ\u00edas renovables en Francia. Con 10.000 metros cuadrados de exposici\u00f3n y 11.000 visitantes profesionales, Batimed es el escaparate ideal para que el estand de CompactHabit pueda mostrar el sistema eMii (edificaci\u00f3n Modular integral industrializada), creado y patentado por la empresa y que permite la construcci\u00f3n de cualquier edificio que pueda ser proyectado a partir de una unidad repetible. Los m\u00f3dulos salen totalmente acabados y equipados de f\u00e1brica y se apilan directamente en el solar de destino. La participaci\u00f3n en el Sal\u00f3n Batimed tiene un significado especial en un momento en que CompactHabit est\u00e1 abriendo mercado en Francia y ya tiene encargado un primer proyecto en Pau.<\/p>\n<p>Por otro lado, CompactHabit ser\u00e1 una de las firmas que representar\u00e1 a Catalu\u00f1a en la feria MIPIM (Mercado Internacional de Profesionales Inmobiliarios) de Cannes, del 12 al 15 de marzo. En este caso, compartir\u00e1 con otras empresas el espacio Barcelona-Catalonia, una iniciativa de la Generalitat de Catalunya y el Ayuntamiento de Barcelona que pretende posicionar Catalu\u00f1a como hub de la innovaci\u00f3n para promover el desarrollo de nuevos proyectos estrat\u00e9gicos en el sector inmobiliario.<\/p>\n","protected":false},"excerpt":{"rendered":"<p>CompactHabit estar\u00e1 presente del 20 al 22 de marzo en la feria Batimed, que se celebrar\u00e1 en Marsella, y que es el sal\u00f3n de referencia en<span class=\"excerpt-hellip\"> [\u2026]<\/span><\/p>\n","protected":false},"author":1,"featured_media":2742,"comment_status":"open","ping_status":"open","sticky":false,"template":"","format":"standard","meta":{"_acf_changed":false,"_monsterinsights_skip_tracking":false,"_monsterinsights_sitenote_active":false,"_monsterinsights_sitenote_note":"","_monsterinsights_sitenote_category":0,"footnotes":""},"categories":[58],"tags":[],"class_list":["post-3947","post","type-post","status-publish","format-standard","has-post-thumbnail","hentry","category-blog"],"acf":[],"yoast_head":"<!-- This site is optimized with the Yoast SEO plugin v26.0 - https:\/\/yoast.com\/wordpress\/plugins\/seo\/ -->\n<title>CompactHabit participar\u00e1 en el sal\u00f3n Batimed y en la feria MIPIM<\/title>\n<meta name=\"description\" content=\"CompactHabit estar\u00e1 presente en la feria Batimed de Marsella. Por otro lado, CompactHabit ser\u00e1 una de las firmas presentes en la feria MIPIM de Cannes\" \/>\n<meta name=\"robots\" content=\"index, follow, max-snippet:-1, max-image-preview:large, max-video-preview:-1\" \/>\n<meta property=\"og:locale\" content=\"es_ES\" \/>\n<meta property=\"og:type\" content=\"article\" \/>\n<meta property=\"og:title\" content=\"CompactHabit participar\u00e1 en el sal\u00f3n Batimed y en la feria MIPIM\" \/>\n<meta property=\"og:description\" content=\"CompactHabit estar\u00e1 presente en la feria Batimed de Marsella. Por otro lado, CompactHabit ser\u00e1 una de las firmas presentes en la feria MIPIM de Cannes\" \/>\n<meta property=\"og:url\" content=\"https:\/\/www.compacthabit.com\/es\/2013\/02\/28\/compacthabit-participara-salon-batimed-marsella-feria-mipim-cannes\/\" \/>\n<meta property=\"og:site_name\" content=\"CompactHabit\" \/>\n<meta property=\"article:publisher\" content=\"https:\/\/www.facebook.com\/CompactHabit\/\" \/>\n<meta property=\"article:published_time\" content=\"2013-02-28T12:35:49+00:00\" \/>\n<meta property=\"article:modified_time\" content=\"2017-11-08T10:31:28+00:00\" \/>\n<meta property=\"og:image\" content=\"https:\/\/www.compacthabit.com\/wp-content\/uploads\/2013\/02\/noticia06.jpg\" \/>\n\t<meta property=\"og:image:width\" content=\"600\" \/>\n\t<meta property=\"og:image:height\" content=\"410\" \/>\n\t<meta property=\"og:image:type\" content=\"image\/jpeg\" \/>\n<meta name=\"author\" content=\"ch_admin\" \/>\n<meta name=\"twitter:card\" content=\"summary_large_image\" \/>\n<meta name=\"twitter:creator\" content=\"@compacthabit2\" \/>\n<meta name=\"twitter:site\" content=\"@compacthabit2\" \/>\n<meta name=\"twitter:label1\" content=\"Escrito por\" \/>\n\t<meta name=\"twitter:data1\" content=\"ch_admin\" \/>\n\t<meta name=\"twitter:label2\" content=\"Tiempo de lectura\" \/>\n\t<meta name=\"twitter:data2\" content=\"1 minuto\" \/>\n<script type=\"application\/ld+json\" class=\"yoast-schema-graph\">{\"@context\":\"https:\/\/schema.org\",\"@graph\":[{\"@type\":\"WebPage\",\"@id\":\"https:\/\/www.compacthabit.com\/es\/2013\/02\/28\/compacthabit-participara-salon-batimed-marsella-feria-mipim-cannes\/\",\"url\":\"https:\/\/www.compacthabit.com\/es\/2013\/02\/28\/compacthabit-participara-salon-batimed-marsella-feria-mipim-cannes\/\",\"name\":\"CompactHabit participar\u00e1 en el sal\u00f3n Batimed y en la feria MIPIM\",\"isPartOf\":{\"@id\":\"https:\/\/www.compacthabit.com\/es\/fr\/#website\"},\"primaryImageOfPage\":{\"@id\":\"https:\/\/www.compacthabit.com\/es\/2013\/02\/28\/compacthabit-participara-salon-batimed-marsella-feria-mipim-cannes\/#primaryimage\"},\"image\":{\"@id\":\"https:\/\/www.compacthabit.com\/es\/2013\/02\/28\/compacthabit-participara-salon-batimed-marsella-feria-mipim-cannes\/#primaryimage\"},\"thumbnailUrl\":\"https:\/\/www.compacthabit.com\/wp-content\/uploads\/2013\/02\/noticia06.jpg\",\"datePublished\":\"2013-02-28T12:35:49+00:00\",\"dateModified\":\"2017-11-08T10:31:28+00:00\",\"author\":{\"@id\":\"https:\/\/www.compacthabit.com\/es\/fr\/#\/schema\/person\/07a97d7adc0f27cd30c1f5760373210a\"},\"description\":\"CompactHabit estar\u00e1 presente en la feria Batimed de Marsella. Por otro lado, CompactHabit ser\u00e1 una de las firmas presentes en la feria MIPIM de Cannes\",\"breadcrumb\":{\"@id\":\"https:\/\/www.compacthabit.com\/es\/2013\/02\/28\/compacthabit-participara-salon-batimed-marsella-feria-mipim-cannes\/#breadcrumb\"},\"inLanguage\":\"es\",\"potentialAction\":[{\"@type\":\"ReadAction\",\"target\":[\"https:\/\/www.compacthabit.com\/es\/2013\/02\/28\/compacthabit-participara-salon-batimed-marsella-feria-mipim-cannes\/\"]}]},{\"@type\":\"ImageObject\",\"inLanguage\":\"es\",\"@id\":\"https:\/\/www.compacthabit.com\/es\/2013\/02\/28\/compacthabit-participara-salon-batimed-marsella-feria-mipim-cannes\/#primaryimage\",\"url\":\"https:\/\/www.compacthabit.com\/wp-content\/uploads\/2013\/02\/noticia06.jpg\",\"contentUrl\":\"https:\/\/www.compacthabit.com\/wp-content\/uploads\/2013\/02\/noticia06.jpg\",\"width\":600,\"height\":410,\"caption\":\"Batimed france fran\u00e7a francia salon btp construction construccio compacthabit\"},{\"@type\":\"BreadcrumbList\",\"@id\":\"https:\/\/www.compacthabit.com\/es\/2013\/02\/28\/compacthabit-participara-salon-batimed-marsella-feria-mipim-cannes\/#breadcrumb\",\"itemListElement\":[{\"@type\":\"ListItem\",\"position\":1,\"name\":\"Portada\",\"item\":\"https:\/\/www.compacthabit.com\/es\/\"},{\"@type\":\"ListItem\",\"position\":2,\"name\":\"CompactHabit participar\u00e1 en el sal\u00f3n Batimed de Marsella y en la feria MIPIM de Cannes\"}]},{\"@type\":\"WebSite\",\"@id\":\"https:\/\/www.compacthabit.com\/es\/fr\/#website\",\"url\":\"https:\/\/www.compacthabit.com\/es\/fr\/\",\"name\":\"CompactHabit\",\"description\":\"\",\"potentialAction\":[{\"@type\":\"SearchAction\",\"target\":{\"@type\":\"EntryPoint\",\"urlTemplate\":\"https:\/\/www.compacthabit.com\/es\/fr\/?s={search_term_string}\"},\"query-input\":{\"@type\":\"PropertyValueSpecification\",\"valueRequired\":true,\"valueName\":\"search_term_string\"}}],\"inLanguage\":\"es\"},{\"@type\":\"Person\",\"@id\":\"https:\/\/www.compacthabit.com\/es\/fr\/#\/schema\/person\/07a97d7adc0f27cd30c1f5760373210a\",\"name\":\"ch_admin\",\"image\":{\"@type\":\"ImageObject\",\"inLanguage\":\"es\",\"@id\":\"https:\/\/www.compacthabit.com\/es\/fr\/#\/schema\/person\/image\/\",\"url\":\"https:\/\/secure.gravatar.com\/avatar\/2a392477be346b1b7c89c12855982831?s=96&d=mm&r=g\",\"contentUrl\":\"https:\/\/secure.gravatar.com\/avatar\/2a392477be346b1b7c89c12855982831?s=96&d=mm&r=g\",\"caption\":\"ch_admin\"}}]}<\/script>\n<!-- \/ Yoast SEO plugin. -->","yoast_head_json":{"title":"CompactHabit participar\u00e1 en el sal\u00f3n Batimed y en la feria MIPIM","description":"CompactHabit estar\u00e1 presente en la feria Batimed de Marsella. Por otro lado, CompactHabit ser\u00e1 una de las firmas presentes en la feria MIPIM de Cannes","robots":{"index":"index","follow":"follow","max-snippet":"max-snippet:-1","max-image-preview":"max-image-preview:large","max-video-preview":"max-video-preview:-1"},"og_locale":"es_ES","og_type":"article","og_title":"CompactHabit participar\u00e1 en el sal\u00f3n Batimed y en la feria MIPIM","og_description":"CompactHabit estar\u00e1 presente en la feria Batimed de Marsella. Por otro lado, CompactHabit ser\u00e1 una de las firmas presentes en la feria MIPIM de Cannes","og_url":"https:\/\/www.compacthabit.com\/es\/2013\/02\/28\/compacthabit-participara-salon-batimed-marsella-feria-mipim-cannes\/","og_site_name":"CompactHabit","article_publisher":"https:\/\/www.facebook.com\/CompactHabit\/","article_published_time":"2013-02-28T12:35:49+00:00","article_modified_time":"2017-11-08T10:31:28+00:00","og_image":[{"width":600,"height":410,"url":"https:\/\/www.compacthabit.com\/wp-content\/uploads\/2013\/02\/noticia06.jpg","type":"image\/jpeg"}],"author":"ch_admin","twitter_card":"summary_large_image","twitter_creator":"@compacthabit2","twitter_site":"@compacthabit2","twitter_misc":{"Escrito por":"ch_admin","Tiempo de lectura":"1 minuto"},"schema":{"@context":"https:\/\/schema.org","@graph":[{"@type":"WebPage","@id":"https:\/\/www.compacthabit.com\/es\/2013\/02\/28\/compacthabit-participara-salon-batimed-marsella-feria-mipim-cannes\/","url":"https:\/\/www.compacthabit.com\/es\/2013\/02\/28\/compacthabit-participara-salon-batimed-marsella-feria-mipim-cannes\/","name":"CompactHabit participar\u00e1 en el sal\u00f3n Batimed y en la feria MIPIM","isPartOf":{"@id":"https:\/\/www.compacthabit.com\/es\/fr\/#website"},"primaryImageOfPage":{"@id":"https:\/\/www.compacthabit.com\/es\/2013\/02\/28\/compacthabit-participara-salon-batimed-marsella-feria-mipim-cannes\/#primaryimage"},"image":{"@id":"https:\/\/www.compacthabit.com\/es\/2013\/02\/28\/compacthabit-participara-salon-batimed-marsella-feria-mipim-cannes\/#primaryimage"},"thumbnailUrl":"https:\/\/www.compacthabit.com\/wp-content\/uploads\/2013\/02\/noticia06.jpg","datePublished":"2013-02-28T12:35:49+00:00","dateModified":"2017-11-08T10:31:28+00:00","author":{"@id":"https:\/\/www.compacthabit.com\/es\/fr\/#\/schema\/person\/07a97d7adc0f27cd30c1f5760373210a"},"description":"CompactHabit estar\u00e1 presente en la feria Batimed de Marsella. Por otro lado, CompactHabit ser\u00e1 una de las firmas presentes en la feria MIPIM de Cannes","breadcrumb":{"@id":"https:\/\/www.compacthabit.com\/es\/2013\/02\/28\/compacthabit-participara-salon-batimed-marsella-feria-mipim-cannes\/#breadcrumb"},"inLanguage":"es","potentialAction":[{"@type":"ReadAction","target":["https:\/\/www.compacthabit.com\/es\/2013\/02\/28\/compacthabit-participara-salon-batimed-marsella-feria-mipim-cannes\/"]}]},{"@type":"ImageObject","inLanguage":"es","@id":"https:\/\/www.compacthabit.com\/es\/2013\/02\/28\/compacthabit-participara-salon-batimed-marsella-feria-mipim-cannes\/#primaryimage","url":"https:\/\/www.compacthabit.com\/wp-content\/uploads\/2013\/02\/noticia06.jpg","contentUrl":"https:\/\/www.compacthabit.com\/wp-content\/uploads\/2013\/02\/noticia06.jpg","width":600,"height":410,"caption":"Batimed france fran\u00e7a francia salon btp construction construccio compacthabit"},{"@type":"BreadcrumbList","@id":"https:\/\/www.compacthabit.com\/es\/2013\/02\/28\/compacthabit-participara-salon-batimed-marsella-feria-mipim-cannes\/#breadcrumb","itemListElement":[{"@type":"ListItem","position":1,"name":"Portada","item":"https:\/\/www.compacthabit.com\/es\/"},{"@type":"ListItem","position":2,"name":"CompactHabit participar\u00e1 en el sal\u00f3n Batimed de Marsella y en la feria MIPIM de Cannes"}]},{"@type":"WebSite","@id":"https:\/\/www.compacthabit.com\/es\/fr\/#website","url":"https:\/\/www.compacthabit.com\/es\/fr\/","name":"CompactHabit","description":"","potentialAction":[{"@type":"SearchAction","target":{"@type":"EntryPoint","urlTemplate":"https:\/\/www.compacthabit.com\/es\/fr\/?s={search_term_string}"},"query-input":{"@type":"PropertyValueSpecification","valueRequired":true,"valueName":"search_term_string"}}],"inLanguage":"es"},{"@type":"Person","@id":"https:\/\/www.compacthabit.com\/es\/fr\/#\/schema\/person\/07a97d7adc0f27cd30c1f5760373210a","name":"ch_admin","image":{"@type":"ImageObject","inLanguage":"es","@id":"https:\/\/www.compacthabit.com\/es\/fr\/#\/schema\/person\/image\/","url":"https:\/\/secure.gravatar.com\/avatar\/2a392477be346b1b7c89c12855982831?s=96&d=mm&r=g","contentUrl":"https:\/\/secure.gravatar.com\/avatar\/2a392477be346b1b7c89c12855982831?s=96&d=mm&r=g","caption":"ch_admin"}}]}},"_links":{"self":[{"href":"https:\/\/www.compacthabit.com\/es\/wp-json\/wp\/v2\/posts\/3947","targetHints":{"allow":["GET"]}}],"collection":[{"href":"https:\/\/www.compacthabit.com\/es\/wp-json\/wp\/v2\/posts"}],"about":[{"href":"https:\/\/www.compacthabit.com\/es\/wp-json\/wp\/v2\/types\/post"}],"author":[{"embeddable":true,"href":"https:\/\/www.compacthabit.com\/es\/wp-json\/wp\/v2\/users\/1"}],"replies":[{"embeddable":true,"href":"https:\/\/www.compacthabit.com\/es\/wp-json\/wp\/v2\/comments?post=3947"}],"version-history":[{"count":2,"href":"https:\/\/www.compacthabit.com\/es\/wp-json\/wp\/v2\/posts\/3947\/revisions"}],"predecessor-version":[{"id":4401,"href":"https:\/\/www.compacthabit.com\/es\/wp-json\/wp\/v2\/posts\/3947\/revisions\/4401"}],"wp:featuredmedia":[{"embeddable":true,"href":"https:\/\/www.compacthabit.com\/es\/wp-json\/wp\/v2\/media\/2742"}],"wp:attachment":[{"href":"https:\/\/www.compacthabit.com\/es\/wp-json\/wp\/v2\/media?parent=3947"}],"wp:term":[{"taxonomy":"category","embeddable":true,"href":"https:\/\/www.compacthabit.com\/es\/wp-json\/wp\/v2\/categories?post=3947"},{"taxonomy":"post_tag","embeddable":true,"href":"https:\/\/www.compacthabit.com\/es\/wp-json\/wp\/v2\/tags?post=3947"}],"curies":[{"name":"wp","href":"https:\/\/api.w.org\/{rel}","templated":true}]}}