{"id":3945,"date":"2013-03-11T12:32:52","date_gmt":"2013-03-11T12:32:52","guid":{"rendered":"http:\/\/www.compacthabit.com\/?p=3945\/"},"modified":"2017-11-03T10:53:31","modified_gmt":"2017-11-03T10:53:31","slug":"compacthabit-internacionaliza-sistema-emii-construccion-residencia-universitaria-pau","status":"publish","type":"post","link":"https:\/\/www.compacthabit.com\/es\/2013\/03\/11\/compacthabit-internacionaliza-sistema-emii-construccion-residencia-universitaria-pau\/","title":{"rendered":"CompactHabit internacionaliza el sistema eMii con la construcci\u00f3n de una residencia universitaria en la ciudad francesa de Pau"},"content":{"rendered":"<ul>\n<li>Ser\u00e1 el primer proyecto de la empresa fuera del estado.<\/li>\n<li>Se trata de una residencia de 217 habitaciones y 2 apartamentos.<\/li>\n<\/ul>\n<p>CompactHabit llevar\u00e1 por primera vez su sistema de construcci\u00f3n modular fuera del estado, con la construcci\u00f3n de una residencia universitaria en la ciudad francesa de Pau.<\/p>\n<p>La empresa catalana, creadora del sistema eMii, -edificaci\u00f3n modular integral industrializada-, forma parte de un equipo de empresas francesas que ha ganado el concurso p\u00fablico de proyecto y obra, entre las cuales una emprendida constructora, dos ingenier\u00edas y dos de arquitectura, para salir adelante el proyecto. La promotora del proyecto es la empresa de capital p\u00fablico Bearnaise Habitat, que ha adjudicado el concurso por 8.305.451,16\u20ac -IVA incluido- con una duraci\u00f3n estimada de las obras de 10 meses. El equipo de empresas lo conforman VALORIsport, CompactHabit, SACER PAU, 2A Design, C&amp;A Candarchitectes, H\u00e9lioproject y GIRUS engenierie.<\/p>\n<p>La residencia universitaria de Pau tendr\u00e1 217 habitaciones individuales y 2 apartamentos para estudiantes. El edificio se construir\u00e1 en su totalidad con el sistema eMii de CompactHabit y constar\u00e1 de planta baja m\u00e1s 4 plantas. En la planta baja habr\u00e1 el acceso en el edificio y los espacios comunitarios, mientras que en el resto de plantas se combinar\u00e1n las habitaciones con diferentes patios comunitarios ofreciendo una composici\u00f3n de la fachada muy atractiva.<\/p>\n<p><strong>El sistema eMii<\/strong><\/p>\n<p>El sistema eMii, creado y patentado por CompactHabit, permite la construcci\u00f3n de cualquier edificio que pueda ser proyectado a partir de una unidad repetible: viviendas plurifamiliares, residencias, complejos de vacaciones, oficinas, hospitales, escuelas, entre otros. Los m\u00f3dulos salen totalmente acabados y equipados de f\u00e1brica y se apilan directamente en el lugar en que se tienen que construir. Con este sistema ya se han construido otras residencias universitarias en Catalunya, concretamente en Manresa, Girona y Sant Cugat del Vall\u00e8s. Tambi\u00e9n equipamientos de car\u00e1cter sanitario a Reus y Girona, viviendas de protecci\u00f3n oficial en Banyoles y un complejo tur\u00edstico en Cambrils.<\/p>\n","protected":false},"excerpt":{"rendered":"<p>Ser\u00e1 el primer proyecto de la empresa fuera del estado. Se trata de una residencia de 217 habitaciones y 2 apartamentos. CompactHabit llevar\u00e1 por primera vez<span class=\"excerpt-hellip\"> [\u2026]<\/span><\/p>\n","protected":false},"author":1,"featured_media":2741,"comment_status":"open","ping_status":"open","sticky":false,"template":"","format":"standard","meta":{"_acf_changed":false,"_monsterinsights_skip_tracking":false,"_monsterinsights_sitenote_active":false,"_monsterinsights_sitenote_note":"","_monsterinsights_sitenote_category":0,"footnotes":""},"categories":[58],"tags":[],"class_list":["post-3945","post","type-post","status-publish","format-standard","has-post-thumbnail","hentry","category-blog"],"acf":[],"yoast_head":"<!-- This site is optimized with the Yoast SEO plugin v26.0 - https:\/\/yoast.com\/wordpress\/plugins\/seo\/ -->\n<title>CompactHabit internacionaliza a Francia el sistema eMii<\/title>\n<meta name=\"description\" content=\"CompactHabit llevar\u00e1 por primera vez a Francia su sistema de construcci\u00f3n modular, con la construcci\u00f3n de una residencia universitaria en la ciudad de Pau.\" \/>\n<meta name=\"robots\" content=\"index, follow, max-snippet:-1, max-image-preview:large, max-video-preview:-1\" \/>\n<meta property=\"og:locale\" content=\"es_ES\" \/>\n<meta property=\"og:type\" content=\"article\" \/>\n<meta property=\"og:title\" content=\"CompactHabit internacionaliza a Francia el sistema eMii\" \/>\n<meta property=\"og:description\" content=\"CompactHabit llevar\u00e1 por primera vez a Francia su sistema de construcci\u00f3n modular, con la construcci\u00f3n de una residencia universitaria en la ciudad de Pau.\" \/>\n<meta property=\"og:url\" content=\"https:\/\/www.compacthabit.com\/es\/2013\/03\/11\/compacthabit-internacionaliza-sistema-emii-construccion-residencia-universitaria-pau\/\" \/>\n<meta property=\"og:site_name\" content=\"CompactHabit\" \/>\n<meta property=\"article:publisher\" content=\"https:\/\/www.facebook.com\/CompactHabit\/\" \/>\n<meta property=\"article:published_time\" content=\"2013-03-11T12:32:52+00:00\" \/>\n<meta property=\"article:modified_time\" content=\"2017-11-03T10:53:31+00:00\" \/>\n<meta property=\"og:image\" content=\"https:\/\/www.compacthabit.com\/wp-content\/uploads\/2013\/03\/noticia05.jpg\" \/>\n\t<meta property=\"og:image:width\" content=\"600\" \/>\n\t<meta property=\"og:image:height\" content=\"410\" \/>\n\t<meta property=\"og:image:type\" content=\"image\/jpeg\" \/>\n<meta name=\"author\" content=\"ch_admin\" \/>\n<meta name=\"twitter:card\" content=\"summary_large_image\" \/>\n<meta name=\"twitter:creator\" content=\"@compacthabit2\" \/>\n<meta name=\"twitter:site\" content=\"@compacthabit2\" \/>\n<meta name=\"twitter:label1\" content=\"Escrito por\" \/>\n\t<meta name=\"twitter:data1\" content=\"ch_admin\" \/>\n\t<meta name=\"twitter:label2\" content=\"Tiempo de lectura\" \/>\n\t<meta name=\"twitter:data2\" content=\"2 minutos\" \/>\n<script type=\"application\/ld+json\" class=\"yoast-schema-graph\">{\"@context\":\"https:\/\/schema.org\",\"@graph\":[{\"@type\":\"WebPage\",\"@id\":\"https:\/\/www.compacthabit.com\/es\/2013\/03\/11\/compacthabit-internacionaliza-sistema-emii-construccion-residencia-universitaria-pau\/\",\"url\":\"https:\/\/www.compacthabit.com\/es\/2013\/03\/11\/compacthabit-internacionaliza-sistema-emii-construccion-residencia-universitaria-pau\/\",\"name\":\"CompactHabit internacionaliza a Francia el sistema eMii\",\"isPartOf\":{\"@id\":\"https:\/\/www.compacthabit.com\/es\/fr\/#website\"},\"primaryImageOfPage\":{\"@id\":\"https:\/\/www.compacthabit.com\/es\/2013\/03\/11\/compacthabit-internacionaliza-sistema-emii-construccion-residencia-universitaria-pau\/#primaryimage\"},\"image\":{\"@id\":\"https:\/\/www.compacthabit.com\/es\/2013\/03\/11\/compacthabit-internacionaliza-sistema-emii-construccion-residencia-universitaria-pau\/#primaryimage\"},\"thumbnailUrl\":\"https:\/\/www.compacthabit.com\/wp-content\/uploads\/2013\/03\/noticia05.jpg\",\"datePublished\":\"2013-03-11T12:32:52+00:00\",\"dateModified\":\"2017-11-03T10:53:31+00:00\",\"author\":{\"@id\":\"https:\/\/www.compacthabit.com\/es\/fr\/#\/schema\/person\/07a97d7adc0f27cd30c1f5760373210a\"},\"description\":\"CompactHabit llevar\u00e1 por primera vez a Francia su sistema de construcci\u00f3n modular, con la construcci\u00f3n de una residencia universitaria en la ciudad de Pau.\",\"breadcrumb\":{\"@id\":\"https:\/\/www.compacthabit.com\/es\/2013\/03\/11\/compacthabit-internacionaliza-sistema-emii-construccion-residencia-universitaria-pau\/#breadcrumb\"},\"inLanguage\":\"es\",\"potentialAction\":[{\"@type\":\"ReadAction\",\"target\":[\"https:\/\/www.compacthabit.com\/es\/2013\/03\/11\/compacthabit-internacionaliza-sistema-emii-construccion-residencia-universitaria-pau\/\"]}]},{\"@type\":\"ImageObject\",\"inLanguage\":\"es\",\"@id\":\"https:\/\/www.compacthabit.com\/es\/2013\/03\/11\/compacthabit-internacionaliza-sistema-emii-construccion-residencia-universitaria-pau\/#primaryimage\",\"url\":\"https:\/\/www.compacthabit.com\/wp-content\/uploads\/2013\/03\/noticia05.jpg\",\"contentUrl\":\"https:\/\/www.compacthabit.com\/wp-content\/uploads\/2013\/03\/noticia05.jpg\",\"width\":600,\"height\":410,\"caption\":\"Pau residence etudiant student dorm residencia estudiant france fran\u00e7a francia compacthabit\"},{\"@type\":\"BreadcrumbList\",\"@id\":\"https:\/\/www.compacthabit.com\/es\/2013\/03\/11\/compacthabit-internacionaliza-sistema-emii-construccion-residencia-universitaria-pau\/#breadcrumb\",\"itemListElement\":[{\"@type\":\"ListItem\",\"position\":1,\"name\":\"Portada\",\"item\":\"https:\/\/www.compacthabit.com\/es\/\"},{\"@type\":\"ListItem\",\"position\":2,\"name\":\"CompactHabit internacionaliza el sistema eMii con la construcci\u00f3n de una residencia universitaria en la ciudad francesa de Pau\"}]},{\"@type\":\"WebSite\",\"@id\":\"https:\/\/www.compacthabit.com\/es\/fr\/#website\",\"url\":\"https:\/\/www.compacthabit.com\/es\/fr\/\",\"name\":\"CompactHabit\",\"description\":\"\",\"potentialAction\":[{\"@type\":\"SearchAction\",\"target\":{\"@type\":\"EntryPoint\",\"urlTemplate\":\"https:\/\/www.compacthabit.com\/es\/fr\/?s={search_term_string}\"},\"query-input\":{\"@type\":\"PropertyValueSpecification\",\"valueRequired\":true,\"valueName\":\"search_term_string\"}}],\"inLanguage\":\"es\"},{\"@type\":\"Person\",\"@id\":\"https:\/\/www.compacthabit.com\/es\/fr\/#\/schema\/person\/07a97d7adc0f27cd30c1f5760373210a\",\"name\":\"ch_admin\",\"image\":{\"@type\":\"ImageObject\",\"inLanguage\":\"es\",\"@id\":\"https:\/\/www.compacthabit.com\/es\/fr\/#\/schema\/person\/image\/\",\"url\":\"https:\/\/secure.gravatar.com\/avatar\/2a392477be346b1b7c89c12855982831?s=96&d=mm&r=g\",\"contentUrl\":\"https:\/\/secure.gravatar.com\/avatar\/2a392477be346b1b7c89c12855982831?s=96&d=mm&r=g\",\"caption\":\"ch_admin\"}}]}<\/script>\n<!-- \/ Yoast SEO plugin. -->","yoast_head_json":{"title":"CompactHabit internacionaliza a Francia el sistema eMii","description":"CompactHabit llevar\u00e1 por primera vez a Francia su sistema de construcci\u00f3n modular, con la construcci\u00f3n de una residencia universitaria en la ciudad de Pau.","robots":{"index":"index","follow":"follow","max-snippet":"max-snippet:-1","max-image-preview":"max-image-preview:large","max-video-preview":"max-video-preview:-1"},"og_locale":"es_ES","og_type":"article","og_title":"CompactHabit internacionaliza a Francia el sistema eMii","og_description":"CompactHabit llevar\u00e1 por primera vez a Francia su sistema de construcci\u00f3n modular, con la construcci\u00f3n de una residencia universitaria en la ciudad de Pau.","og_url":"https:\/\/www.compacthabit.com\/es\/2013\/03\/11\/compacthabit-internacionaliza-sistema-emii-construccion-residencia-universitaria-pau\/","og_site_name":"CompactHabit","article_publisher":"https:\/\/www.facebook.com\/CompactHabit\/","article_published_time":"2013-03-11T12:32:52+00:00","article_modified_time":"2017-11-03T10:53:31+00:00","og_image":[{"width":600,"height":410,"url":"https:\/\/www.compacthabit.com\/wp-content\/uploads\/2013\/03\/noticia05.jpg","type":"image\/jpeg"}],"author":"ch_admin","twitter_card":"summary_large_image","twitter_creator":"@compacthabit2","twitter_site":"@compacthabit2","twitter_misc":{"Escrito por":"ch_admin","Tiempo de lectura":"2 minutos"},"schema":{"@context":"https:\/\/schema.org","@graph":[{"@type":"WebPage","@id":"https:\/\/www.compacthabit.com\/es\/2013\/03\/11\/compacthabit-internacionaliza-sistema-emii-construccion-residencia-universitaria-pau\/","url":"https:\/\/www.compacthabit.com\/es\/2013\/03\/11\/compacthabit-internacionaliza-sistema-emii-construccion-residencia-universitaria-pau\/","name":"CompactHabit internacionaliza a Francia el sistema eMii","isPartOf":{"@id":"https:\/\/www.compacthabit.com\/es\/fr\/#website"},"primaryImageOfPage":{"@id":"https:\/\/www.compacthabit.com\/es\/2013\/03\/11\/compacthabit-internacionaliza-sistema-emii-construccion-residencia-universitaria-pau\/#primaryimage"},"image":{"@id":"https:\/\/www.compacthabit.com\/es\/2013\/03\/11\/compacthabit-internacionaliza-sistema-emii-construccion-residencia-universitaria-pau\/#primaryimage"},"thumbnailUrl":"https:\/\/www.compacthabit.com\/wp-content\/uploads\/2013\/03\/noticia05.jpg","datePublished":"2013-03-11T12:32:52+00:00","dateModified":"2017-11-03T10:53:31+00:00","author":{"@id":"https:\/\/www.compacthabit.com\/es\/fr\/#\/schema\/person\/07a97d7adc0f27cd30c1f5760373210a"},"description":"CompactHabit llevar\u00e1 por primera vez a Francia su sistema de construcci\u00f3n modular, con la construcci\u00f3n de una residencia universitaria en la ciudad de Pau.","breadcrumb":{"@id":"https:\/\/www.compacthabit.com\/es\/2013\/03\/11\/compacthabit-internacionaliza-sistema-emii-construccion-residencia-universitaria-pau\/#breadcrumb"},"inLanguage":"es","potentialAction":[{"@type":"ReadAction","target":["https:\/\/www.compacthabit.com\/es\/2013\/03\/11\/compacthabit-internacionaliza-sistema-emii-construccion-residencia-universitaria-pau\/"]}]},{"@type":"ImageObject","inLanguage":"es","@id":"https:\/\/www.compacthabit.com\/es\/2013\/03\/11\/compacthabit-internacionaliza-sistema-emii-construccion-residencia-universitaria-pau\/#primaryimage","url":"https:\/\/www.compacthabit.com\/wp-content\/uploads\/2013\/03\/noticia05.jpg","contentUrl":"https:\/\/www.compacthabit.com\/wp-content\/uploads\/2013\/03\/noticia05.jpg","width":600,"height":410,"caption":"Pau residence etudiant student dorm residencia estudiant france fran\u00e7a francia compacthabit"},{"@type":"BreadcrumbList","@id":"https:\/\/www.compacthabit.com\/es\/2013\/03\/11\/compacthabit-internacionaliza-sistema-emii-construccion-residencia-universitaria-pau\/#breadcrumb","itemListElement":[{"@type":"ListItem","position":1,"name":"Portada","item":"https:\/\/www.compacthabit.com\/es\/"},{"@type":"ListItem","position":2,"name":"CompactHabit internacionaliza el sistema eMii con la construcci\u00f3n de una residencia universitaria en la ciudad francesa de Pau"}]},{"@type":"WebSite","@id":"https:\/\/www.compacthabit.com\/es\/fr\/#website","url":"https:\/\/www.compacthabit.com\/es\/fr\/","name":"CompactHabit","description":"","potentialAction":[{"@type":"SearchAction","target":{"@type":"EntryPoint","urlTemplate":"https:\/\/www.compacthabit.com\/es\/fr\/?s={search_term_string}"},"query-input":{"@type":"PropertyValueSpecification","valueRequired":true,"valueName":"search_term_string"}}],"inLanguage":"es"},{"@type":"Person","@id":"https:\/\/www.compacthabit.com\/es\/fr\/#\/schema\/person\/07a97d7adc0f27cd30c1f5760373210a","name":"ch_admin","image":{"@type":"ImageObject","inLanguage":"es","@id":"https:\/\/www.compacthabit.com\/es\/fr\/#\/schema\/person\/image\/","url":"https:\/\/secure.gravatar.com\/avatar\/2a392477be346b1b7c89c12855982831?s=96&d=mm&r=g","contentUrl":"https:\/\/secure.gravatar.com\/avatar\/2a392477be346b1b7c89c12855982831?s=96&d=mm&r=g","caption":"ch_admin"}}]}},"_links":{"self":[{"href":"https:\/\/www.compacthabit.com\/es\/wp-json\/wp\/v2\/posts\/3945","targetHints":{"allow":["GET"]}}],"collection":[{"href":"https:\/\/www.compacthabit.com\/es\/wp-json\/wp\/v2\/posts"}],"about":[{"href":"https:\/\/www.compacthabit.com\/es\/wp-json\/wp\/v2\/types\/post"}],"author":[{"embeddable":true,"href":"https:\/\/www.compacthabit.com\/es\/wp-json\/wp\/v2\/users\/1"}],"replies":[{"embeddable":true,"href":"https:\/\/www.compacthabit.com\/es\/wp-json\/wp\/v2\/comments?post=3945"}],"version-history":[{"count":2,"href":"https:\/\/www.compacthabit.com\/es\/wp-json\/wp\/v2\/posts\/3945\/revisions"}],"predecessor-version":[{"id":4402,"href":"https:\/\/www.compacthabit.com\/es\/wp-json\/wp\/v2\/posts\/3945\/revisions\/4402"}],"wp:featuredmedia":[{"embeddable":true,"href":"https:\/\/www.compacthabit.com\/es\/wp-json\/wp\/v2\/media\/2741"}],"wp:attachment":[{"href":"https:\/\/www.compacthabit.com\/es\/wp-json\/wp\/v2\/media?parent=3945"}],"wp:term":[{"taxonomy":"category","embeddable":true,"href":"https:\/\/www.compacthabit.com\/es\/wp-json\/wp\/v2\/categories?post=3945"},{"taxonomy":"post_tag","embeddable":true,"href":"https:\/\/www.compacthabit.com\/es\/wp-json\/wp\/v2\/tags?post=3945"}],"curies":[{"name":"wp","href":"https:\/\/api.w.org\/{rel}","templated":true}]}}