{"id":3922,"date":"2014-04-25T16:03:25","date_gmt":"2014-04-25T16:03:25","guid":{"rendered":"http:\/\/www.compacthabit.com\/?p=3922\/"},"modified":"2017-10-31T15:35:57","modified_gmt":"2017-10-31T15:35:57","slug":"centrales-nucleares-asco-vandellos-confian-emii-modulo-hormigon-compacthabit","status":"publish","type":"post","link":"https:\/\/www.compacthabit.com\/es\/2014\/04\/25\/centrales-nucleares-asco-vandellos-confian-emii-modulo-hormigon-compacthabit\/","title":{"rendered":"Las centrales nucleares de Tarragona conf\u00edan en el sistema constructivo de CompactHabit"},"content":{"rendered":"<p><strong>A finales de este mes la empresa , con sede en Cardona , entregar\u00e1 tres m\u00f3dulos a la Asociaci\u00f3n Nuclear de Asc\u00f3 y Vandell\u00f3s<\/strong><\/p>\n<p>Las singulares caracter\u00edsticas de alta seguridad y aislamiento del sistema eMii de CompactHabit han sido validados por la Asociaci\u00f3n Nuclear de Asc\u00f3 y Vandell\u00f3s (ANAV) para la construcci\u00f3n de tres m\u00f3dulos que se ubicar\u00e1n en las centrales nucleares que hay ubicadas en estos dos municipios de la provincia de Tarragona .<\/p>\n<p>Los m\u00f3dulos de seguridad se encuentran en fase de construcci\u00f3n en la planta que CompactHabit tiene en el t\u00e9rmino municipal de Cardona y, una vez terminados, se trasladar\u00e1n a las instalaciones nucleares para su montaje y puesta en funcionamiento a finales de este mes de abril.<\/p>\n<p>CompactHabit ha desarrollado en los \u00faltimos a\u00f1os el sistema eMii, un innovador sistema constructivo basado en la producci\u00f3n industrializada de m\u00f3dulos monol\u00edticos tridimensionales de hormig\u00f3n armado de grandes dimensiones que, una vez terminados y equipados, se transportan al solar de destino.<\/p>\n<p>El oto\u00f1o pasado, el sistema eMii obtuvo el marcado CE que reconoce el cumplimiento de un producto con todas las disposiciones y requisitos del nuevo Reglamento Europeo de Productos de la Construcci\u00f3n. Con este marcaje se garantiza que los m\u00f3dulos industrializados han sido evaluados y que, adem\u00e1s, cumplen las prestaciones declaradas y han pasado un exhaustivo control de producci\u00f3n que asegura su calidad y, en consecuencia, pueden circular libremente por el mercado de la Uni\u00f3n Europea.<\/p>\n<p>&nbsp;<\/p>\n","protected":false},"excerpt":{"rendered":"<p>A finales de este mes la empresa , con sede en Cardona , entregar\u00e1 tres m\u00f3dulos a la Asociaci\u00f3n Nuclear de Asc\u00f3 y Vandell\u00f3s Las singulares<span class=\"excerpt-hellip\"> [\u2026]<\/span><\/p>\n","protected":false},"author":1,"featured_media":2583,"comment_status":"open","ping_status":"open","sticky":false,"template":"","format":"standard","meta":{"_acf_changed":false,"_monsterinsights_skip_tracking":false,"_monsterinsights_sitenote_active":false,"_monsterinsights_sitenote_note":"","_monsterinsights_sitenote_category":0,"footnotes":""},"categories":[58],"tags":[],"class_list":["post-3922","post","type-post","status-publish","format-standard","has-post-thumbnail","hentry","category-blog"],"acf":[],"yoast_head":"<!-- This site is optimized with the Yoast SEO plugin v26.0 - https:\/\/yoast.com\/wordpress\/plugins\/seo\/ -->\n<title>Las centrales nucleares de Tarragona conf\u00edan en CompactHabit<\/title>\n<meta name=\"description\" content=\"Las singulares caracter\u00edsticas de alta seguridad y aislamiento del sistema eMii de CompactHabit validadas por la Asociaci\u00f3n Nuclear de Asc\u00f3 y Vandell\u00f3s\" \/>\n<meta name=\"robots\" content=\"index, follow, max-snippet:-1, max-image-preview:large, max-video-preview:-1\" \/>\n<meta property=\"og:locale\" content=\"es_ES\" \/>\n<meta property=\"og:type\" content=\"article\" \/>\n<meta property=\"og:title\" content=\"Las centrales nucleares de Tarragona conf\u00edan en CompactHabit\" \/>\n<meta property=\"og:description\" content=\"Las singulares caracter\u00edsticas de alta seguridad y aislamiento del sistema eMii de CompactHabit validadas por la Asociaci\u00f3n Nuclear de Asc\u00f3 y Vandell\u00f3s\" \/>\n<meta property=\"og:url\" content=\"https:\/\/www.compacthabit.com\/es\/2014\/04\/25\/centrales-nucleares-asco-vandellos-confian-emii-modulo-hormigon-compacthabit\/\" \/>\n<meta property=\"og:site_name\" content=\"CompactHabit\" \/>\n<meta property=\"article:publisher\" content=\"https:\/\/www.facebook.com\/CompactHabit\/\" \/>\n<meta property=\"article:published_time\" content=\"2014-04-25T16:03:25+00:00\" \/>\n<meta property=\"article:modified_time\" content=\"2017-10-31T15:35:57+00:00\" \/>\n<meta property=\"og:image\" content=\"https:\/\/www.compacthabit.com\/wp-content\/uploads\/2017\/07\/1398435334.jpg.jpg\" \/>\n\t<meta property=\"og:image:width\" content=\"600\" \/>\n\t<meta property=\"og:image:height\" content=\"450\" \/>\n\t<meta property=\"og:image:type\" content=\"image\/jpeg\" \/>\n<meta name=\"author\" content=\"ch_admin\" \/>\n<meta name=\"twitter:card\" content=\"summary_large_image\" \/>\n<meta name=\"twitter:creator\" content=\"@compacthabit2\" \/>\n<meta name=\"twitter:site\" content=\"@compacthabit2\" \/>\n<meta name=\"twitter:label1\" content=\"Escrito por\" \/>\n\t<meta name=\"twitter:data1\" content=\"ch_admin\" \/>\n\t<meta name=\"twitter:label2\" content=\"Tiempo de lectura\" \/>\n\t<meta name=\"twitter:data2\" content=\"1 minuto\" \/>\n<script type=\"application\/ld+json\" class=\"yoast-schema-graph\">{\"@context\":\"https:\/\/schema.org\",\"@graph\":[{\"@type\":\"WebPage\",\"@id\":\"https:\/\/www.compacthabit.com\/es\/2014\/04\/25\/centrales-nucleares-asco-vandellos-confian-emii-modulo-hormigon-compacthabit\/\",\"url\":\"https:\/\/www.compacthabit.com\/es\/2014\/04\/25\/centrales-nucleares-asco-vandellos-confian-emii-modulo-hormigon-compacthabit\/\",\"name\":\"Las centrales nucleares de Tarragona conf\u00edan en CompactHabit\",\"isPartOf\":{\"@id\":\"https:\/\/www.compacthabit.com\/es\/fr\/#website\"},\"primaryImageOfPage\":{\"@id\":\"https:\/\/www.compacthabit.com\/es\/2014\/04\/25\/centrales-nucleares-asco-vandellos-confian-emii-modulo-hormigon-compacthabit\/#primaryimage\"},\"image\":{\"@id\":\"https:\/\/www.compacthabit.com\/es\/2014\/04\/25\/centrales-nucleares-asco-vandellos-confian-emii-modulo-hormigon-compacthabit\/#primaryimage\"},\"thumbnailUrl\":\"https:\/\/www.compacthabit.com\/wp-content\/uploads\/2017\/07\/1398435334.jpg.jpg\",\"datePublished\":\"2014-04-25T16:03:25+00:00\",\"dateModified\":\"2017-10-31T15:35:57+00:00\",\"author\":{\"@id\":\"https:\/\/www.compacthabit.com\/es\/fr\/#\/schema\/person\/07a97d7adc0f27cd30c1f5760373210a\"},\"description\":\"Las singulares caracter\u00edsticas de alta seguridad y aislamiento del sistema eMii de CompactHabit validadas por la Asociaci\u00f3n Nuclear de Asc\u00f3 y Vandell\u00f3s\",\"breadcrumb\":{\"@id\":\"https:\/\/www.compacthabit.com\/es\/2014\/04\/25\/centrales-nucleares-asco-vandellos-confian-emii-modulo-hormigon-compacthabit\/#breadcrumb\"},\"inLanguage\":\"es\",\"potentialAction\":[{\"@type\":\"ReadAction\",\"target\":[\"https:\/\/www.compacthabit.com\/es\/2014\/04\/25\/centrales-nucleares-asco-vandellos-confian-emii-modulo-hormigon-compacthabit\/\"]}]},{\"@type\":\"ImageObject\",\"inLanguage\":\"es\",\"@id\":\"https:\/\/www.compacthabit.com\/es\/2014\/04\/25\/centrales-nucleares-asco-vandellos-confian-emii-modulo-hormigon-compacthabit\/#primaryimage\",\"url\":\"https:\/\/www.compacthabit.com\/wp-content\/uploads\/2017\/07\/1398435334.jpg.jpg\",\"contentUrl\":\"https:\/\/www.compacthabit.com\/wp-content\/uploads\/2017\/07\/1398435334.jpg.jpg\",\"width\":600,\"height\":450,\"caption\":\"CompactHabit modular High-security warehouse concrete nuclear\"},{\"@type\":\"BreadcrumbList\",\"@id\":\"https:\/\/www.compacthabit.com\/es\/2014\/04\/25\/centrales-nucleares-asco-vandellos-confian-emii-modulo-hormigon-compacthabit\/#breadcrumb\",\"itemListElement\":[{\"@type\":\"ListItem\",\"position\":1,\"name\":\"Portada\",\"item\":\"https:\/\/www.compacthabit.com\/es\/\"},{\"@type\":\"ListItem\",\"position\":2,\"name\":\"Las centrales nucleares de Tarragona conf\u00edan en el sistema constructivo de CompactHabit\"}]},{\"@type\":\"WebSite\",\"@id\":\"https:\/\/www.compacthabit.com\/es\/fr\/#website\",\"url\":\"https:\/\/www.compacthabit.com\/es\/fr\/\",\"name\":\"CompactHabit\",\"description\":\"\",\"potentialAction\":[{\"@type\":\"SearchAction\",\"target\":{\"@type\":\"EntryPoint\",\"urlTemplate\":\"https:\/\/www.compacthabit.com\/es\/fr\/?s={search_term_string}\"},\"query-input\":{\"@type\":\"PropertyValueSpecification\",\"valueRequired\":true,\"valueName\":\"search_term_string\"}}],\"inLanguage\":\"es\"},{\"@type\":\"Person\",\"@id\":\"https:\/\/www.compacthabit.com\/es\/fr\/#\/schema\/person\/07a97d7adc0f27cd30c1f5760373210a\",\"name\":\"ch_admin\",\"image\":{\"@type\":\"ImageObject\",\"inLanguage\":\"es\",\"@id\":\"https:\/\/www.compacthabit.com\/es\/fr\/#\/schema\/person\/image\/\",\"url\":\"https:\/\/secure.gravatar.com\/avatar\/2a392477be346b1b7c89c12855982831?s=96&d=mm&r=g\",\"contentUrl\":\"https:\/\/secure.gravatar.com\/avatar\/2a392477be346b1b7c89c12855982831?s=96&d=mm&r=g\",\"caption\":\"ch_admin\"}}]}<\/script>\n<!-- \/ Yoast SEO plugin. -->","yoast_head_json":{"title":"Las centrales nucleares de Tarragona conf\u00edan en CompactHabit","description":"Las singulares caracter\u00edsticas de alta seguridad y aislamiento del sistema eMii de CompactHabit validadas por la Asociaci\u00f3n Nuclear de Asc\u00f3 y Vandell\u00f3s","robots":{"index":"index","follow":"follow","max-snippet":"max-snippet:-1","max-image-preview":"max-image-preview:large","max-video-preview":"max-video-preview:-1"},"og_locale":"es_ES","og_type":"article","og_title":"Las centrales nucleares de Tarragona conf\u00edan en CompactHabit","og_description":"Las singulares caracter\u00edsticas de alta seguridad y aislamiento del sistema eMii de CompactHabit validadas por la Asociaci\u00f3n Nuclear de Asc\u00f3 y Vandell\u00f3s","og_url":"https:\/\/www.compacthabit.com\/es\/2014\/04\/25\/centrales-nucleares-asco-vandellos-confian-emii-modulo-hormigon-compacthabit\/","og_site_name":"CompactHabit","article_publisher":"https:\/\/www.facebook.com\/CompactHabit\/","article_published_time":"2014-04-25T16:03:25+00:00","article_modified_time":"2017-10-31T15:35:57+00:00","og_image":[{"width":600,"height":450,"url":"https:\/\/www.compacthabit.com\/wp-content\/uploads\/2017\/07\/1398435334.jpg.jpg","type":"image\/jpeg"}],"author":"ch_admin","twitter_card":"summary_large_image","twitter_creator":"@compacthabit2","twitter_site":"@compacthabit2","twitter_misc":{"Escrito por":"ch_admin","Tiempo de lectura":"1 minuto"},"schema":{"@context":"https:\/\/schema.org","@graph":[{"@type":"WebPage","@id":"https:\/\/www.compacthabit.com\/es\/2014\/04\/25\/centrales-nucleares-asco-vandellos-confian-emii-modulo-hormigon-compacthabit\/","url":"https:\/\/www.compacthabit.com\/es\/2014\/04\/25\/centrales-nucleares-asco-vandellos-confian-emii-modulo-hormigon-compacthabit\/","name":"Las centrales nucleares de Tarragona conf\u00edan en CompactHabit","isPartOf":{"@id":"https:\/\/www.compacthabit.com\/es\/fr\/#website"},"primaryImageOfPage":{"@id":"https:\/\/www.compacthabit.com\/es\/2014\/04\/25\/centrales-nucleares-asco-vandellos-confian-emii-modulo-hormigon-compacthabit\/#primaryimage"},"image":{"@id":"https:\/\/www.compacthabit.com\/es\/2014\/04\/25\/centrales-nucleares-asco-vandellos-confian-emii-modulo-hormigon-compacthabit\/#primaryimage"},"thumbnailUrl":"https:\/\/www.compacthabit.com\/wp-content\/uploads\/2017\/07\/1398435334.jpg.jpg","datePublished":"2014-04-25T16:03:25+00:00","dateModified":"2017-10-31T15:35:57+00:00","author":{"@id":"https:\/\/www.compacthabit.com\/es\/fr\/#\/schema\/person\/07a97d7adc0f27cd30c1f5760373210a"},"description":"Las singulares caracter\u00edsticas de alta seguridad y aislamiento del sistema eMii de CompactHabit validadas por la Asociaci\u00f3n Nuclear de Asc\u00f3 y Vandell\u00f3s","breadcrumb":{"@id":"https:\/\/www.compacthabit.com\/es\/2014\/04\/25\/centrales-nucleares-asco-vandellos-confian-emii-modulo-hormigon-compacthabit\/#breadcrumb"},"inLanguage":"es","potentialAction":[{"@type":"ReadAction","target":["https:\/\/www.compacthabit.com\/es\/2014\/04\/25\/centrales-nucleares-asco-vandellos-confian-emii-modulo-hormigon-compacthabit\/"]}]},{"@type":"ImageObject","inLanguage":"es","@id":"https:\/\/www.compacthabit.com\/es\/2014\/04\/25\/centrales-nucleares-asco-vandellos-confian-emii-modulo-hormigon-compacthabit\/#primaryimage","url":"https:\/\/www.compacthabit.com\/wp-content\/uploads\/2017\/07\/1398435334.jpg.jpg","contentUrl":"https:\/\/www.compacthabit.com\/wp-content\/uploads\/2017\/07\/1398435334.jpg.jpg","width":600,"height":450,"caption":"CompactHabit modular High-security warehouse concrete nuclear"},{"@type":"BreadcrumbList","@id":"https:\/\/www.compacthabit.com\/es\/2014\/04\/25\/centrales-nucleares-asco-vandellos-confian-emii-modulo-hormigon-compacthabit\/#breadcrumb","itemListElement":[{"@type":"ListItem","position":1,"name":"Portada","item":"https:\/\/www.compacthabit.com\/es\/"},{"@type":"ListItem","position":2,"name":"Las centrales nucleares de Tarragona conf\u00edan en el sistema constructivo de CompactHabit"}]},{"@type":"WebSite","@id":"https:\/\/www.compacthabit.com\/es\/fr\/#website","url":"https:\/\/www.compacthabit.com\/es\/fr\/","name":"CompactHabit","description":"","potentialAction":[{"@type":"SearchAction","target":{"@type":"EntryPoint","urlTemplate":"https:\/\/www.compacthabit.com\/es\/fr\/?s={search_term_string}"},"query-input":{"@type":"PropertyValueSpecification","valueRequired":true,"valueName":"search_term_string"}}],"inLanguage":"es"},{"@type":"Person","@id":"https:\/\/www.compacthabit.com\/es\/fr\/#\/schema\/person\/07a97d7adc0f27cd30c1f5760373210a","name":"ch_admin","image":{"@type":"ImageObject","inLanguage":"es","@id":"https:\/\/www.compacthabit.com\/es\/fr\/#\/schema\/person\/image\/","url":"https:\/\/secure.gravatar.com\/avatar\/2a392477be346b1b7c89c12855982831?s=96&d=mm&r=g","contentUrl":"https:\/\/secure.gravatar.com\/avatar\/2a392477be346b1b7c89c12855982831?s=96&d=mm&r=g","caption":"ch_admin"}}]}},"_links":{"self":[{"href":"https:\/\/www.compacthabit.com\/es\/wp-json\/wp\/v2\/posts\/3922","targetHints":{"allow":["GET"]}}],"collection":[{"href":"https:\/\/www.compacthabit.com\/es\/wp-json\/wp\/v2\/posts"}],"about":[{"href":"https:\/\/www.compacthabit.com\/es\/wp-json\/wp\/v2\/types\/post"}],"author":[{"embeddable":true,"href":"https:\/\/www.compacthabit.com\/es\/wp-json\/wp\/v2\/users\/1"}],"replies":[{"embeddable":true,"href":"https:\/\/www.compacthabit.com\/es\/wp-json\/wp\/v2\/comments?post=3922"}],"version-history":[{"count":2,"href":"https:\/\/www.compacthabit.com\/es\/wp-json\/wp\/v2\/posts\/3922\/revisions"}],"predecessor-version":[{"id":4291,"href":"https:\/\/www.compacthabit.com\/es\/wp-json\/wp\/v2\/posts\/3922\/revisions\/4291"}],"wp:featuredmedia":[{"embeddable":true,"href":"https:\/\/www.compacthabit.com\/es\/wp-json\/wp\/v2\/media\/2583"}],"wp:attachment":[{"href":"https:\/\/www.compacthabit.com\/es\/wp-json\/wp\/v2\/media?parent=3922"}],"wp:term":[{"taxonomy":"category","embeddable":true,"href":"https:\/\/www.compacthabit.com\/es\/wp-json\/wp\/v2\/categories?post=3922"},{"taxonomy":"post_tag","embeddable":true,"href":"https:\/\/www.compacthabit.com\/es\/wp-json\/wp\/v2\/tags?post=3922"}],"curies":[{"name":"wp","href":"https:\/\/api.w.org\/{rel}","templated":true}]}}