{"id":3913,"date":"2014-07-05T15:55:35","date_gmt":"2014-07-05T15:55:35","guid":{"rendered":"http:\/\/www.compacthabit.com\/?p=3913\/"},"modified":"2017-11-08T14:22:50","modified_gmt":"2017-11-08T14:22:50","slug":"compacthabit-cardona-acogio-la-fiesta-anual-del-colegio-arquitectos-tecnicos","status":"publish","type":"post","link":"https:\/\/www.compacthabit.com\/es\/2014\/07\/05\/compacthabit-cardona-acogio-la-fiesta-anual-del-colegio-arquitectos-tecnicos\/","title":{"rendered":"La planta de CompactHabit en Cardona acogi\u00f3 la fiesta anual del Colegio de Aparejadores y Arquitectos T\u00e9cnicos"},"content":{"rendered":"<p>El pasado mes de junio, una parte de las instalaciones de CompactHabit en Cardona, donde se producen m\u00f3dulos industrializados de edificaci\u00f3n, se convirtieron en el distinguido escenario de celebraci\u00f3n de la fiesta anual de la Delegaci\u00f3n del Bages, Bergued\u00e0 y Anoia del Colegio de Aparejadores, Arquitectos T\u00e9cnicos e Ingenieros de Edificaci\u00f3n. M\u00e1s de 80 profesionales, entre los que la presidenta de la provincia de Barcelona, Maria Rosa Remol\u00e0, y el presidente territorial, Joan Carles Batan\u00e9s no faltaron a la cita anual.<\/p>\n<p>Es la primera vez que CompactHabit acoge un evento de estas caracter\u00edsticas. Los profesionales tuvieron la oportunidad de conocer el proceso de producci\u00f3n en cadena de una residencia para estudiantes universitarios en la ciudad francesa de Pau. La planta de CompactHabit est\u00e1 ubicada en el pol\u00edgono industrial \u00abLa Cort\u00bb, en Cardona y su actividad consiste en la producci\u00f3n de m\u00f3dulos industrializados y volum\u00e9tricos de hormig\u00f3n armado que se colocan sobre una l\u00ednea de montaje y, como si de una industria de automoci\u00f3n se tratara, \u00e9stos se equipan y terminan en la propia f\u00e1brica.<\/p>\n","protected":false},"excerpt":{"rendered":"<p>El pasado mes de junio, una parte de las instalaciones de CompactHabit en Cardona, donde se producen m\u00f3dulos industrializados de edificaci\u00f3n, se convirtieron en el distinguido<span class=\"excerpt-hellip\"> [\u2026]<\/span><\/p>\n","protected":false},"author":1,"featured_media":2404,"comment_status":"open","ping_status":"open","sticky":false,"template":"","format":"standard","meta":{"_acf_changed":false,"_monsterinsights_skip_tracking":false,"_monsterinsights_sitenote_active":false,"_monsterinsights_sitenote_note":"","_monsterinsights_sitenote_category":0,"footnotes":""},"categories":[58],"tags":[],"class_list":["post-3913","post","type-post","status-publish","format-standard","has-post-thumbnail","hentry","category-blog"],"acf":[],"yoast_head":"<!-- This site is optimized with the Yoast SEO plugin v26.0 - https:\/\/yoast.com\/wordpress\/plugins\/seo\/ -->\n<title>La planta de CH en Cardona acogi\u00f3 la fiesta de Arquitectos T\u00e9cnicos<\/title>\n<meta name=\"description\" content=\"Los profesionales tuvieron la oportunidad de conocer la producci\u00f3n en cadena de una residencia para estudiantes universitarios en la ciudad francesa de Pau.\" \/>\n<meta name=\"robots\" content=\"index, follow, max-snippet:-1, max-image-preview:large, max-video-preview:-1\" \/>\n<meta property=\"og:locale\" content=\"es_ES\" \/>\n<meta property=\"og:type\" content=\"article\" \/>\n<meta property=\"og:title\" content=\"La planta de CH en Cardona acogi\u00f3 la fiesta de Arquitectos T\u00e9cnicos\" \/>\n<meta property=\"og:description\" content=\"Los profesionales tuvieron la oportunidad de conocer la producci\u00f3n en cadena de una residencia para estudiantes universitarios en la ciudad francesa de Pau.\" \/>\n<meta property=\"og:url\" content=\"https:\/\/www.compacthabit.com\/es\/2014\/07\/05\/compacthabit-cardona-acogio-la-fiesta-anual-del-colegio-arquitectos-tecnicos\/\" \/>\n<meta property=\"og:site_name\" content=\"CompactHabit\" \/>\n<meta property=\"article:publisher\" content=\"https:\/\/www.facebook.com\/CompactHabit\/\" \/>\n<meta property=\"article:published_time\" content=\"2014-07-05T15:55:35+00:00\" \/>\n<meta property=\"article:modified_time\" content=\"2017-11-08T14:22:50+00:00\" \/>\n<meta property=\"og:image\" content=\"https:\/\/www.compacthabit.com\/wp-content\/uploads\/2014\/05\/new02.jpg\" \/>\n\t<meta property=\"og:image:width\" content=\"600\" \/>\n\t<meta property=\"og:image:height\" content=\"450\" \/>\n\t<meta property=\"og:image:type\" content=\"image\/jpeg\" \/>\n<meta name=\"author\" content=\"ch_admin\" \/>\n<meta name=\"twitter:card\" content=\"summary_large_image\" \/>\n<meta name=\"twitter:creator\" content=\"@compacthabit2\" \/>\n<meta name=\"twitter:site\" content=\"@compacthabit2\" \/>\n<meta name=\"twitter:label1\" content=\"Escrito por\" \/>\n\t<meta name=\"twitter:data1\" content=\"ch_admin\" \/>\n\t<meta name=\"twitter:label2\" content=\"Tiempo de lectura\" \/>\n\t<meta name=\"twitter:data2\" content=\"1 minuto\" \/>\n<script type=\"application\/ld+json\" class=\"yoast-schema-graph\">{\"@context\":\"https:\/\/schema.org\",\"@graph\":[{\"@type\":\"WebPage\",\"@id\":\"https:\/\/www.compacthabit.com\/es\/2014\/07\/05\/compacthabit-cardona-acogio-la-fiesta-anual-del-colegio-arquitectos-tecnicos\/\",\"url\":\"https:\/\/www.compacthabit.com\/es\/2014\/07\/05\/compacthabit-cardona-acogio-la-fiesta-anual-del-colegio-arquitectos-tecnicos\/\",\"name\":\"La planta de CH en Cardona acogi\u00f3 la fiesta de Arquitectos T\u00e9cnicos\",\"isPartOf\":{\"@id\":\"https:\/\/www.compacthabit.com\/es\/fr\/#website\"},\"primaryImageOfPage\":{\"@id\":\"https:\/\/www.compacthabit.com\/es\/2014\/07\/05\/compacthabit-cardona-acogio-la-fiesta-anual-del-colegio-arquitectos-tecnicos\/#primaryimage\"},\"image\":{\"@id\":\"https:\/\/www.compacthabit.com\/es\/2014\/07\/05\/compacthabit-cardona-acogio-la-fiesta-anual-del-colegio-arquitectos-tecnicos\/#primaryimage\"},\"thumbnailUrl\":\"https:\/\/www.compacthabit.com\/wp-content\/uploads\/2014\/05\/new02.jpg\",\"datePublished\":\"2014-07-05T15:55:35+00:00\",\"dateModified\":\"2017-11-08T14:22:50+00:00\",\"author\":{\"@id\":\"https:\/\/www.compacthabit.com\/es\/fr\/#\/schema\/person\/07a97d7adc0f27cd30c1f5760373210a\"},\"description\":\"Los profesionales tuvieron la oportunidad de conocer la producci\u00f3n en cadena de una residencia para estudiantes universitarios en la ciudad francesa de Pau.\",\"breadcrumb\":{\"@id\":\"https:\/\/www.compacthabit.com\/es\/2014\/07\/05\/compacthabit-cardona-acogio-la-fiesta-anual-del-colegio-arquitectos-tecnicos\/#breadcrumb\"},\"inLanguage\":\"es\",\"potentialAction\":[{\"@type\":\"ReadAction\",\"target\":[\"https:\/\/www.compacthabit.com\/es\/2014\/07\/05\/compacthabit-cardona-acogio-la-fiesta-anual-del-colegio-arquitectos-tecnicos\/\"]}]},{\"@type\":\"ImageObject\",\"inLanguage\":\"es\",\"@id\":\"https:\/\/www.compacthabit.com\/es\/2014\/07\/05\/compacthabit-cardona-acogio-la-fiesta-anual-del-colegio-arquitectos-tecnicos\/#primaryimage\",\"url\":\"https:\/\/www.compacthabit.com\/wp-content\/uploads\/2014\/05\/new02.jpg\",\"contentUrl\":\"https:\/\/www.compacthabit.com\/wp-content\/uploads\/2014\/05\/new02.jpg\",\"width\":600,\"height\":450,\"caption\":\"CompactHabit Cardona festa anual Col\u2022legi Aparelladors Arquitectes Tecnics\"},{\"@type\":\"BreadcrumbList\",\"@id\":\"https:\/\/www.compacthabit.com\/es\/2014\/07\/05\/compacthabit-cardona-acogio-la-fiesta-anual-del-colegio-arquitectos-tecnicos\/#breadcrumb\",\"itemListElement\":[{\"@type\":\"ListItem\",\"position\":1,\"name\":\"Portada\",\"item\":\"https:\/\/www.compacthabit.com\/es\/\"},{\"@type\":\"ListItem\",\"position\":2,\"name\":\"La planta de CompactHabit en Cardona acogi\u00f3 la fiesta anual del Colegio de Aparejadores y Arquitectos T\u00e9cnicos\"}]},{\"@type\":\"WebSite\",\"@id\":\"https:\/\/www.compacthabit.com\/es\/fr\/#website\",\"url\":\"https:\/\/www.compacthabit.com\/es\/fr\/\",\"name\":\"CompactHabit\",\"description\":\"\",\"potentialAction\":[{\"@type\":\"SearchAction\",\"target\":{\"@type\":\"EntryPoint\",\"urlTemplate\":\"https:\/\/www.compacthabit.com\/es\/fr\/?s={search_term_string}\"},\"query-input\":{\"@type\":\"PropertyValueSpecification\",\"valueRequired\":true,\"valueName\":\"search_term_string\"}}],\"inLanguage\":\"es\"},{\"@type\":\"Person\",\"@id\":\"https:\/\/www.compacthabit.com\/es\/fr\/#\/schema\/person\/07a97d7adc0f27cd30c1f5760373210a\",\"name\":\"ch_admin\",\"image\":{\"@type\":\"ImageObject\",\"inLanguage\":\"es\",\"@id\":\"https:\/\/www.compacthabit.com\/es\/fr\/#\/schema\/person\/image\/\",\"url\":\"https:\/\/secure.gravatar.com\/avatar\/2a392477be346b1b7c89c12855982831?s=96&d=mm&r=g\",\"contentUrl\":\"https:\/\/secure.gravatar.com\/avatar\/2a392477be346b1b7c89c12855982831?s=96&d=mm&r=g\",\"caption\":\"ch_admin\"}}]}<\/script>\n<!-- \/ Yoast SEO plugin. -->","yoast_head_json":{"title":"La planta de CH en Cardona acogi\u00f3 la fiesta de Arquitectos T\u00e9cnicos","description":"Los profesionales tuvieron la oportunidad de conocer la producci\u00f3n en cadena de una residencia para estudiantes universitarios en la ciudad francesa de Pau.","robots":{"index":"index","follow":"follow","max-snippet":"max-snippet:-1","max-image-preview":"max-image-preview:large","max-video-preview":"max-video-preview:-1"},"og_locale":"es_ES","og_type":"article","og_title":"La planta de CH en Cardona acogi\u00f3 la fiesta de Arquitectos T\u00e9cnicos","og_description":"Los profesionales tuvieron la oportunidad de conocer la producci\u00f3n en cadena de una residencia para estudiantes universitarios en la ciudad francesa de Pau.","og_url":"https:\/\/www.compacthabit.com\/es\/2014\/07\/05\/compacthabit-cardona-acogio-la-fiesta-anual-del-colegio-arquitectos-tecnicos\/","og_site_name":"CompactHabit","article_publisher":"https:\/\/www.facebook.com\/CompactHabit\/","article_published_time":"2014-07-05T15:55:35+00:00","article_modified_time":"2017-11-08T14:22:50+00:00","og_image":[{"width":600,"height":450,"url":"https:\/\/www.compacthabit.com\/wp-content\/uploads\/2014\/05\/new02.jpg","type":"image\/jpeg"}],"author":"ch_admin","twitter_card":"summary_large_image","twitter_creator":"@compacthabit2","twitter_site":"@compacthabit2","twitter_misc":{"Escrito por":"ch_admin","Tiempo de lectura":"1 minuto"},"schema":{"@context":"https:\/\/schema.org","@graph":[{"@type":"WebPage","@id":"https:\/\/www.compacthabit.com\/es\/2014\/07\/05\/compacthabit-cardona-acogio-la-fiesta-anual-del-colegio-arquitectos-tecnicos\/","url":"https:\/\/www.compacthabit.com\/es\/2014\/07\/05\/compacthabit-cardona-acogio-la-fiesta-anual-del-colegio-arquitectos-tecnicos\/","name":"La planta de CH en Cardona acogi\u00f3 la fiesta de Arquitectos T\u00e9cnicos","isPartOf":{"@id":"https:\/\/www.compacthabit.com\/es\/fr\/#website"},"primaryImageOfPage":{"@id":"https:\/\/www.compacthabit.com\/es\/2014\/07\/05\/compacthabit-cardona-acogio-la-fiesta-anual-del-colegio-arquitectos-tecnicos\/#primaryimage"},"image":{"@id":"https:\/\/www.compacthabit.com\/es\/2014\/07\/05\/compacthabit-cardona-acogio-la-fiesta-anual-del-colegio-arquitectos-tecnicos\/#primaryimage"},"thumbnailUrl":"https:\/\/www.compacthabit.com\/wp-content\/uploads\/2014\/05\/new02.jpg","datePublished":"2014-07-05T15:55:35+00:00","dateModified":"2017-11-08T14:22:50+00:00","author":{"@id":"https:\/\/www.compacthabit.com\/es\/fr\/#\/schema\/person\/07a97d7adc0f27cd30c1f5760373210a"},"description":"Los profesionales tuvieron la oportunidad de conocer la producci\u00f3n en cadena de una residencia para estudiantes universitarios en la ciudad francesa de Pau.","breadcrumb":{"@id":"https:\/\/www.compacthabit.com\/es\/2014\/07\/05\/compacthabit-cardona-acogio-la-fiesta-anual-del-colegio-arquitectos-tecnicos\/#breadcrumb"},"inLanguage":"es","potentialAction":[{"@type":"ReadAction","target":["https:\/\/www.compacthabit.com\/es\/2014\/07\/05\/compacthabit-cardona-acogio-la-fiesta-anual-del-colegio-arquitectos-tecnicos\/"]}]},{"@type":"ImageObject","inLanguage":"es","@id":"https:\/\/www.compacthabit.com\/es\/2014\/07\/05\/compacthabit-cardona-acogio-la-fiesta-anual-del-colegio-arquitectos-tecnicos\/#primaryimage","url":"https:\/\/www.compacthabit.com\/wp-content\/uploads\/2014\/05\/new02.jpg","contentUrl":"https:\/\/www.compacthabit.com\/wp-content\/uploads\/2014\/05\/new02.jpg","width":600,"height":450,"caption":"CompactHabit Cardona festa anual Col\u2022legi Aparelladors Arquitectes Tecnics"},{"@type":"BreadcrumbList","@id":"https:\/\/www.compacthabit.com\/es\/2014\/07\/05\/compacthabit-cardona-acogio-la-fiesta-anual-del-colegio-arquitectos-tecnicos\/#breadcrumb","itemListElement":[{"@type":"ListItem","position":1,"name":"Portada","item":"https:\/\/www.compacthabit.com\/es\/"},{"@type":"ListItem","position":2,"name":"La planta de CompactHabit en Cardona acogi\u00f3 la fiesta anual del Colegio de Aparejadores y Arquitectos T\u00e9cnicos"}]},{"@type":"WebSite","@id":"https:\/\/www.compacthabit.com\/es\/fr\/#website","url":"https:\/\/www.compacthabit.com\/es\/fr\/","name":"CompactHabit","description":"","potentialAction":[{"@type":"SearchAction","target":{"@type":"EntryPoint","urlTemplate":"https:\/\/www.compacthabit.com\/es\/fr\/?s={search_term_string}"},"query-input":{"@type":"PropertyValueSpecification","valueRequired":true,"valueName":"search_term_string"}}],"inLanguage":"es"},{"@type":"Person","@id":"https:\/\/www.compacthabit.com\/es\/fr\/#\/schema\/person\/07a97d7adc0f27cd30c1f5760373210a","name":"ch_admin","image":{"@type":"ImageObject","inLanguage":"es","@id":"https:\/\/www.compacthabit.com\/es\/fr\/#\/schema\/person\/image\/","url":"https:\/\/secure.gravatar.com\/avatar\/2a392477be346b1b7c89c12855982831?s=96&d=mm&r=g","contentUrl":"https:\/\/secure.gravatar.com\/avatar\/2a392477be346b1b7c89c12855982831?s=96&d=mm&r=g","caption":"ch_admin"}}]}},"_links":{"self":[{"href":"https:\/\/www.compacthabit.com\/es\/wp-json\/wp\/v2\/posts\/3913","targetHints":{"allow":["GET"]}}],"collection":[{"href":"https:\/\/www.compacthabit.com\/es\/wp-json\/wp\/v2\/posts"}],"about":[{"href":"https:\/\/www.compacthabit.com\/es\/wp-json\/wp\/v2\/types\/post"}],"author":[{"embeddable":true,"href":"https:\/\/www.compacthabit.com\/es\/wp-json\/wp\/v2\/users\/1"}],"replies":[{"embeddable":true,"href":"https:\/\/www.compacthabit.com\/es\/wp-json\/wp\/v2\/comments?post=3913"}],"version-history":[{"count":2,"href":"https:\/\/www.compacthabit.com\/es\/wp-json\/wp\/v2\/posts\/3913\/revisions"}],"predecessor-version":[{"id":4386,"href":"https:\/\/www.compacthabit.com\/es\/wp-json\/wp\/v2\/posts\/3913\/revisions\/4386"}],"wp:featuredmedia":[{"embeddable":true,"href":"https:\/\/www.compacthabit.com\/es\/wp-json\/wp\/v2\/media\/2404"}],"wp:attachment":[{"href":"https:\/\/www.compacthabit.com\/es\/wp-json\/wp\/v2\/media?parent=3913"}],"wp:term":[{"taxonomy":"category","embeddable":true,"href":"https:\/\/www.compacthabit.com\/es\/wp-json\/wp\/v2\/categories?post=3913"},{"taxonomy":"post_tag","embeddable":true,"href":"https:\/\/www.compacthabit.com\/es\/wp-json\/wp\/v2\/tags?post=3913"}],"curies":[{"name":"wp","href":"https:\/\/api.w.org\/{rel}","templated":true}]}}