{"id":3905,"date":"2014-12-17T15:44:33","date_gmt":"2014-12-17T15:44:33","guid":{"rendered":"http:\/\/www.compacthabit.com\/?p=3905\/"},"modified":"2017-10-24T16:29:34","modified_gmt":"2017-10-24T16:29:34","slug":"compacthabit-participa-paris-salon-maires-francia-contratacion-publica","status":"publish","type":"post","link":"https:\/\/www.compacthabit.com\/es\/2014\/12\/17\/compacthabit-participa-paris-salon-maires-francia-contratacion-publica\/","title":{"rendered":"CompactHabit participa en Par\u00eds en el sal\u00f3n referente en Francia del campo de la contrataci\u00f3n p\u00fablica"},"content":{"rendered":"<p><strong>La firma de Cardona expone al Salon des Maires, en Versailles, y da a conocer su sistema de construcci\u00f3n modular<\/strong><\/p>\n<p>CompactHabit particip\u00f3 en Par\u00eds en el sal\u00f3n referente en el campo de la contrataci\u00f3n p\u00fablica en Francia con 800 expositores y un importante peso del sector de la construcci\u00f3n. El Salon des Maires, en Versailles, ha sido un buen escaparate para dar a conocer el sistema de construcci\u00f3n modular que aplica la firma de Cardona. La presencia en Par\u00eds ha permitido mostrar la residencia para estudiantes que CompactHabit est\u00e1 haciendo realidad en la Ciudad francesa de Pau. CompactHabit tambi\u00e9n ha participado en una jornada t\u00e9cnica de la Escuela Superior de Comercio Internacional de Barcelona y en paralelo ha formado parte del profesorado del Postgrado en Direcci\u00f3n Inmobiliaria que imparte la Escuela Sert del Colegio de Arquitectos de Catalunya.<\/p>\n<p>&nbsp;<\/p>\n","protected":false},"excerpt":{"rendered":"<p>La firma de Cardona expone al Salon des Maires, en Versailles, y da a conocer su sistema de construcci\u00f3n modular CompactHabit particip\u00f3 en Par\u00eds en el<span class=\"excerpt-hellip\"> [\u2026]<\/span><\/p>\n","protected":false},"author":1,"featured_media":2403,"comment_status":"open","ping_status":"open","sticky":false,"template":"","format":"standard","meta":{"_acf_changed":false,"_monsterinsights_skip_tracking":false,"_monsterinsights_sitenote_active":false,"_monsterinsights_sitenote_note":"","_monsterinsights_sitenote_category":0,"footnotes":""},"categories":[58],"tags":[],"class_list":["post-3905","post","type-post","status-publish","format-standard","has-post-thumbnail","hentry","category-blog"],"acf":[],"yoast_head":"<!-- This site is optimized with the Yoast SEO plugin v26.0 - https:\/\/yoast.com\/wordpress\/plugins\/seo\/ -->\n<title>CH participa en Par\u00eds en el sal\u00f3n referente de la contrataci\u00f3n p\u00fablica<\/title>\n<meta name=\"description\" content=\"La firma de Cardona expone al Salon des Maires, en Versailles, y da a conocer su sistema de construcci\u00f3n modular\" \/>\n<meta name=\"robots\" content=\"index, follow, max-snippet:-1, max-image-preview:large, max-video-preview:-1\" \/>\n<meta property=\"og:locale\" content=\"es_ES\" \/>\n<meta property=\"og:type\" content=\"article\" \/>\n<meta property=\"og:title\" content=\"CH participa en Par\u00eds en el sal\u00f3n referente de la contrataci\u00f3n p\u00fablica\" \/>\n<meta property=\"og:description\" content=\"La firma de Cardona expone al Salon des Maires, en Versailles, y da a conocer su sistema de construcci\u00f3n modular\" \/>\n<meta property=\"og:url\" content=\"https:\/\/www.compacthabit.com\/es\/2014\/12\/17\/compacthabit-participa-paris-salon-maires-francia-contratacion-publica\/\" \/>\n<meta property=\"og:site_name\" content=\"CompactHabit\" \/>\n<meta property=\"article:publisher\" content=\"https:\/\/www.facebook.com\/CompactHabit\/\" \/>\n<meta property=\"article:published_time\" content=\"2014-12-17T15:44:33+00:00\" \/>\n<meta property=\"article:modified_time\" content=\"2017-10-24T16:29:34+00:00\" \/>\n<meta property=\"og:image\" content=\"https:\/\/www.compacthabit.com\/wp-content\/uploads\/2014\/05\/new01.jpg\" \/>\n\t<meta property=\"og:image:width\" content=\"600\" \/>\n\t<meta property=\"og:image:height\" content=\"450\" \/>\n\t<meta property=\"og:image:type\" content=\"image\/jpeg\" \/>\n<meta name=\"author\" content=\"ch_admin\" \/>\n<meta name=\"twitter:card\" content=\"summary_large_image\" \/>\n<meta name=\"twitter:creator\" content=\"@compacthabit2\" \/>\n<meta name=\"twitter:site\" content=\"@compacthabit2\" \/>\n<meta name=\"twitter:label1\" content=\"Escrito por\" \/>\n\t<meta name=\"twitter:data1\" content=\"ch_admin\" \/>\n\t<meta name=\"twitter:label2\" content=\"Tiempo de lectura\" \/>\n\t<meta name=\"twitter:data2\" content=\"1 minuto\" \/>\n<script type=\"application\/ld+json\" class=\"yoast-schema-graph\">{\"@context\":\"https:\/\/schema.org\",\"@graph\":[{\"@type\":\"WebPage\",\"@id\":\"https:\/\/www.compacthabit.com\/es\/2014\/12\/17\/compacthabit-participa-paris-salon-maires-francia-contratacion-publica\/\",\"url\":\"https:\/\/www.compacthabit.com\/es\/2014\/12\/17\/compacthabit-participa-paris-salon-maires-francia-contratacion-publica\/\",\"name\":\"CH participa en Par\u00eds en el sal\u00f3n referente de la contrataci\u00f3n p\u00fablica\",\"isPartOf\":{\"@id\":\"https:\/\/www.compacthabit.com\/es\/fr\/#website\"},\"primaryImageOfPage\":{\"@id\":\"https:\/\/www.compacthabit.com\/es\/2014\/12\/17\/compacthabit-participa-paris-salon-maires-francia-contratacion-publica\/#primaryimage\"},\"image\":{\"@id\":\"https:\/\/www.compacthabit.com\/es\/2014\/12\/17\/compacthabit-participa-paris-salon-maires-francia-contratacion-publica\/#primaryimage\"},\"thumbnailUrl\":\"https:\/\/www.compacthabit.com\/wp-content\/uploads\/2014\/05\/new01.jpg\",\"datePublished\":\"2014-12-17T15:44:33+00:00\",\"dateModified\":\"2017-10-24T16:29:34+00:00\",\"author\":{\"@id\":\"https:\/\/www.compacthabit.com\/es\/fr\/#\/schema\/person\/07a97d7adc0f27cd30c1f5760373210a\"},\"description\":\"La firma de Cardona expone al Salon des Maires, en Versailles, y da a conocer su sistema de construcci\u00f3n modular\",\"breadcrumb\":{\"@id\":\"https:\/\/www.compacthabit.com\/es\/2014\/12\/17\/compacthabit-participa-paris-salon-maires-francia-contratacion-publica\/#breadcrumb\"},\"inLanguage\":\"es\",\"potentialAction\":[{\"@type\":\"ReadAction\",\"target\":[\"https:\/\/www.compacthabit.com\/es\/2014\/12\/17\/compacthabit-participa-paris-salon-maires-francia-contratacion-publica\/\"]}]},{\"@type\":\"ImageObject\",\"inLanguage\":\"es\",\"@id\":\"https:\/\/www.compacthabit.com\/es\/2014\/12\/17\/compacthabit-participa-paris-salon-maires-francia-contratacion-publica\/#primaryimage\",\"url\":\"https:\/\/www.compacthabit.com\/wp-content\/uploads\/2014\/05\/new01.jpg\",\"contentUrl\":\"https:\/\/www.compacthabit.com\/wp-content\/uploads\/2014\/05\/new01.jpg\",\"width\":600,\"height\":450,\"caption\":\"CompactHabit participe Paris salon commande publique France modulaire\"},{\"@type\":\"BreadcrumbList\",\"@id\":\"https:\/\/www.compacthabit.com\/es\/2014\/12\/17\/compacthabit-participa-paris-salon-maires-francia-contratacion-publica\/#breadcrumb\",\"itemListElement\":[{\"@type\":\"ListItem\",\"position\":1,\"name\":\"Portada\",\"item\":\"https:\/\/www.compacthabit.com\/es\/\"},{\"@type\":\"ListItem\",\"position\":2,\"name\":\"CompactHabit participa en Par\u00eds en el sal\u00f3n referente en Francia del campo de la contrataci\u00f3n p\u00fablica\"}]},{\"@type\":\"WebSite\",\"@id\":\"https:\/\/www.compacthabit.com\/es\/fr\/#website\",\"url\":\"https:\/\/www.compacthabit.com\/es\/fr\/\",\"name\":\"CompactHabit\",\"description\":\"\",\"potentialAction\":[{\"@type\":\"SearchAction\",\"target\":{\"@type\":\"EntryPoint\",\"urlTemplate\":\"https:\/\/www.compacthabit.com\/es\/fr\/?s={search_term_string}\"},\"query-input\":{\"@type\":\"PropertyValueSpecification\",\"valueRequired\":true,\"valueName\":\"search_term_string\"}}],\"inLanguage\":\"es\"},{\"@type\":\"Person\",\"@id\":\"https:\/\/www.compacthabit.com\/es\/fr\/#\/schema\/person\/07a97d7adc0f27cd30c1f5760373210a\",\"name\":\"ch_admin\",\"image\":{\"@type\":\"ImageObject\",\"inLanguage\":\"es\",\"@id\":\"https:\/\/www.compacthabit.com\/es\/fr\/#\/schema\/person\/image\/\",\"url\":\"https:\/\/secure.gravatar.com\/avatar\/2a392477be346b1b7c89c12855982831?s=96&d=mm&r=g\",\"contentUrl\":\"https:\/\/secure.gravatar.com\/avatar\/2a392477be346b1b7c89c12855982831?s=96&d=mm&r=g\",\"caption\":\"ch_admin\"}}]}<\/script>\n<!-- \/ Yoast SEO plugin. -->","yoast_head_json":{"title":"CH participa en Par\u00eds en el sal\u00f3n referente de la contrataci\u00f3n p\u00fablica","description":"La firma de Cardona expone al Salon des Maires, en Versailles, y da a conocer su sistema de construcci\u00f3n modular","robots":{"index":"index","follow":"follow","max-snippet":"max-snippet:-1","max-image-preview":"max-image-preview:large","max-video-preview":"max-video-preview:-1"},"og_locale":"es_ES","og_type":"article","og_title":"CH participa en Par\u00eds en el sal\u00f3n referente de la contrataci\u00f3n p\u00fablica","og_description":"La firma de Cardona expone al Salon des Maires, en Versailles, y da a conocer su sistema de construcci\u00f3n modular","og_url":"https:\/\/www.compacthabit.com\/es\/2014\/12\/17\/compacthabit-participa-paris-salon-maires-francia-contratacion-publica\/","og_site_name":"CompactHabit","article_publisher":"https:\/\/www.facebook.com\/CompactHabit\/","article_published_time":"2014-12-17T15:44:33+00:00","article_modified_time":"2017-10-24T16:29:34+00:00","og_image":[{"width":600,"height":450,"url":"https:\/\/www.compacthabit.com\/wp-content\/uploads\/2014\/05\/new01.jpg","type":"image\/jpeg"}],"author":"ch_admin","twitter_card":"summary_large_image","twitter_creator":"@compacthabit2","twitter_site":"@compacthabit2","twitter_misc":{"Escrito por":"ch_admin","Tiempo de lectura":"1 minuto"},"schema":{"@context":"https:\/\/schema.org","@graph":[{"@type":"WebPage","@id":"https:\/\/www.compacthabit.com\/es\/2014\/12\/17\/compacthabit-participa-paris-salon-maires-francia-contratacion-publica\/","url":"https:\/\/www.compacthabit.com\/es\/2014\/12\/17\/compacthabit-participa-paris-salon-maires-francia-contratacion-publica\/","name":"CH participa en Par\u00eds en el sal\u00f3n referente de la contrataci\u00f3n p\u00fablica","isPartOf":{"@id":"https:\/\/www.compacthabit.com\/es\/fr\/#website"},"primaryImageOfPage":{"@id":"https:\/\/www.compacthabit.com\/es\/2014\/12\/17\/compacthabit-participa-paris-salon-maires-francia-contratacion-publica\/#primaryimage"},"image":{"@id":"https:\/\/www.compacthabit.com\/es\/2014\/12\/17\/compacthabit-participa-paris-salon-maires-francia-contratacion-publica\/#primaryimage"},"thumbnailUrl":"https:\/\/www.compacthabit.com\/wp-content\/uploads\/2014\/05\/new01.jpg","datePublished":"2014-12-17T15:44:33+00:00","dateModified":"2017-10-24T16:29:34+00:00","author":{"@id":"https:\/\/www.compacthabit.com\/es\/fr\/#\/schema\/person\/07a97d7adc0f27cd30c1f5760373210a"},"description":"La firma de Cardona expone al Salon des Maires, en Versailles, y da a conocer su sistema de construcci\u00f3n modular","breadcrumb":{"@id":"https:\/\/www.compacthabit.com\/es\/2014\/12\/17\/compacthabit-participa-paris-salon-maires-francia-contratacion-publica\/#breadcrumb"},"inLanguage":"es","potentialAction":[{"@type":"ReadAction","target":["https:\/\/www.compacthabit.com\/es\/2014\/12\/17\/compacthabit-participa-paris-salon-maires-francia-contratacion-publica\/"]}]},{"@type":"ImageObject","inLanguage":"es","@id":"https:\/\/www.compacthabit.com\/es\/2014\/12\/17\/compacthabit-participa-paris-salon-maires-francia-contratacion-publica\/#primaryimage","url":"https:\/\/www.compacthabit.com\/wp-content\/uploads\/2014\/05\/new01.jpg","contentUrl":"https:\/\/www.compacthabit.com\/wp-content\/uploads\/2014\/05\/new01.jpg","width":600,"height":450,"caption":"CompactHabit participe Paris salon commande publique France modulaire"},{"@type":"BreadcrumbList","@id":"https:\/\/www.compacthabit.com\/es\/2014\/12\/17\/compacthabit-participa-paris-salon-maires-francia-contratacion-publica\/#breadcrumb","itemListElement":[{"@type":"ListItem","position":1,"name":"Portada","item":"https:\/\/www.compacthabit.com\/es\/"},{"@type":"ListItem","position":2,"name":"CompactHabit participa en Par\u00eds en el sal\u00f3n referente en Francia del campo de la contrataci\u00f3n p\u00fablica"}]},{"@type":"WebSite","@id":"https:\/\/www.compacthabit.com\/es\/fr\/#website","url":"https:\/\/www.compacthabit.com\/es\/fr\/","name":"CompactHabit","description":"","potentialAction":[{"@type":"SearchAction","target":{"@type":"EntryPoint","urlTemplate":"https:\/\/www.compacthabit.com\/es\/fr\/?s={search_term_string}"},"query-input":{"@type":"PropertyValueSpecification","valueRequired":true,"valueName":"search_term_string"}}],"inLanguage":"es"},{"@type":"Person","@id":"https:\/\/www.compacthabit.com\/es\/fr\/#\/schema\/person\/07a97d7adc0f27cd30c1f5760373210a","name":"ch_admin","image":{"@type":"ImageObject","inLanguage":"es","@id":"https:\/\/www.compacthabit.com\/es\/fr\/#\/schema\/person\/image\/","url":"https:\/\/secure.gravatar.com\/avatar\/2a392477be346b1b7c89c12855982831?s=96&d=mm&r=g","contentUrl":"https:\/\/secure.gravatar.com\/avatar\/2a392477be346b1b7c89c12855982831?s=96&d=mm&r=g","caption":"ch_admin"}}]}},"_links":{"self":[{"href":"https:\/\/www.compacthabit.com\/es\/wp-json\/wp\/v2\/posts\/3905","targetHints":{"allow":["GET"]}}],"collection":[{"href":"https:\/\/www.compacthabit.com\/es\/wp-json\/wp\/v2\/posts"}],"about":[{"href":"https:\/\/www.compacthabit.com\/es\/wp-json\/wp\/v2\/types\/post"}],"author":[{"embeddable":true,"href":"https:\/\/www.compacthabit.com\/es\/wp-json\/wp\/v2\/users\/1"}],"replies":[{"embeddable":true,"href":"https:\/\/www.compacthabit.com\/es\/wp-json\/wp\/v2\/comments?post=3905"}],"version-history":[{"count":2,"href":"https:\/\/www.compacthabit.com\/es\/wp-json\/wp\/v2\/posts\/3905\/revisions"}],"predecessor-version":[{"id":4242,"href":"https:\/\/www.compacthabit.com\/es\/wp-json\/wp\/v2\/posts\/3905\/revisions\/4242"}],"wp:featuredmedia":[{"embeddable":true,"href":"https:\/\/www.compacthabit.com\/es\/wp-json\/wp\/v2\/media\/2403"}],"wp:attachment":[{"href":"https:\/\/www.compacthabit.com\/es\/wp-json\/wp\/v2\/media?parent=3905"}],"wp:term":[{"taxonomy":"category","embeddable":true,"href":"https:\/\/www.compacthabit.com\/es\/wp-json\/wp\/v2\/categories?post=3905"},{"taxonomy":"post_tag","embeddable":true,"href":"https:\/\/www.compacthabit.com\/es\/wp-json\/wp\/v2\/tags?post=3905"}],"curies":[{"name":"wp","href":"https:\/\/api.w.org\/{rel}","templated":true}]}}