{"id":8186,"date":"2025-05-29T10:48:23","date_gmt":"2025-05-29T10:48:23","guid":{"rendered":"https:\/\/www.compacthabit.com\/?p=8186"},"modified":"2025-05-30T10:46:00","modified_gmt":"2025-05-30T10:46:00","slug":"ampliacio-del-cap-de-manlleu-amb-construccio-modular","status":"publish","type":"post","link":"https:\/\/www.compacthabit.com\/ca\/2025\/05\/29\/ampliacio-del-cap-de-manlleu-amb-construccio-modular\/","title":{"rendered":"Del 1992 al 2025: ampliaci\u00f3 del CAP de Manlleu amb construcci\u00f3 modular"},"content":{"rendered":"<p>L\u2019any 1992, <a href=\"https:\/\/constructoradaro.com\/\">Constructora d\u2019Aro<\/a> va construir l\u2019actual CAP de Manlleu. M\u00e9s de 30 anys despr\u00e9s, des de CompactHabit, la marca de construcci\u00f3 modular de Constructora d\u2019Aro, hem realitzat l\u2019ampliaci\u00f3 d\u2019aquest centre amb m\u00f2duls de formig\u00f3 tridimensionals.<\/p>\n<p>El centre sanitari s\u2019havia quedat petit per a aquest municipi, i els m\u00f2duls constru\u00efts amb l\u2019innovador sistema de construcci\u00f3 industrialitzada han perm\u00e8s ampliar l\u2019espai. L\u2019ampliaci\u00f3 modular ha incorporat 6 noves consultes, sumant gaireb\u00e9 160 m\u00b2, amb rapidesa, efici\u00e8ncia i m\u00ednimes afectacions al funcionament habitual del centre.<\/p>\n<p>Els m\u00f2duls han estat fabricats i equipats \u00edntegrament a la nostra planta de Cardona i instal\u00b7lats en un termini total de nom\u00e9s 4 mesos, gr\u00e0cies al proc\u00e9s de construcci\u00f3 industrialitzada.<\/p>\n<p>La construcci\u00f3 modular permet millorar les infraestructures actuals, independentment del seu origen i format, i aquest n\u2019\u00e9s un bon exemple. El sistema de construcci\u00f3 modular CompactHabit construeix edificis i equipaments reduint els terminis de construcci\u00f3 fins a un 70% i minimitzar la sinistralitat laboral en m\u00e9s d\u2019un 80%, ja que el proc\u00e9s de construcci\u00f3 es porta a terme en un entorn controlat a f\u00e0brica.<\/p>\n<p>&nbsp;<\/p>\n","protected":false},"excerpt":{"rendered":"<p>L\u2019any 1992, Constructora d\u2019Aro va construir l\u2019actual CAP de Manlleu. M\u00e9s de 30 anys despr\u00e9s, des de CompactHabit, la marca de construcci\u00f3 modular de Constructora d\u2019Aro,<span class=\"excerpt-hellip\"> [\u2026]<\/span><\/p>\n","protected":false},"author":1,"featured_media":8169,"comment_status":"closed","ping_status":"closed","sticky":false,"template":"","format":"standard","meta":{"_acf_changed":false,"_monsterinsights_skip_tracking":false,"_monsterinsights_sitenote_active":false,"_monsterinsights_sitenote_note":"","_monsterinsights_sitenote_category":0,"footnotes":""},"categories":[46],"tags":[],"class_list":["post-8186","post","type-post","status-publish","format-standard","has-post-thumbnail","hentry","category-blog"],"acf":[],"yoast_head":"<!-- This site is optimized with the Yoast SEO plugin v26.0 - https:\/\/yoast.com\/wordpress\/plugins\/seo\/ -->\n<title>Del 1992 al 2025: ampliaci\u00f3 del CAP de Manlleu amb construcci\u00f3 modular - Compact Habit<\/title>\n<meta name=\"description\" content=\"M\u00e9s de 30 anys despr\u00e9s la construcci\u00f3 modular ha perm\u00e8s ampliar el CAP de Manlleu que ja vam construir. Clica per veure els detalls!\" \/>\n<meta name=\"robots\" content=\"index, follow, max-snippet:-1, max-image-preview:large, max-video-preview:-1\" \/>\n<meta property=\"og:locale\" content=\"ca_ES\" \/>\n<meta property=\"og:type\" content=\"article\" \/>\n<meta property=\"og:title\" content=\"Del 1992 al 2025: ampliaci\u00f3 del CAP de Manlleu amb construcci\u00f3 modular - Compact Habit\" \/>\n<meta property=\"og:description\" content=\"M\u00e9s de 30 anys despr\u00e9s la construcci\u00f3 modular ha perm\u00e8s ampliar el CAP de Manlleu que ja vam construir. Clica per veure els detalls!\" \/>\n<meta property=\"og:url\" content=\"https:\/\/www.compacthabit.com\/ca\/2025\/05\/29\/ampliacio-del-cap-de-manlleu-amb-construccio-modular\/\" \/>\n<meta property=\"og:site_name\" content=\"Compact Habit\" \/>\n<meta property=\"article:publisher\" content=\"https:\/\/www.facebook.com\/CompactHabit\/\" \/>\n<meta property=\"article:published_time\" content=\"2025-05-29T10:48:23+00:00\" \/>\n<meta property=\"article:modified_time\" content=\"2025-05-30T10:46:00+00:00\" \/>\n<meta property=\"og:image\" content=\"https:\/\/www.compacthabit.com\/wp-content\/uploads\/2025\/01\/Ampliacio-CAP-Modular-CompactHabit.png?_t=1748601960\" \/>\n\t<meta property=\"og:image:width\" content=\"905\" \/>\n\t<meta property=\"og:image:height\" content=\"500\" \/>\n\t<meta property=\"og:image:type\" content=\"image\/png\" \/>\n<meta name=\"author\" content=\"ch_admin\" \/>\n<meta name=\"twitter:card\" content=\"summary_large_image\" \/>\n<meta name=\"twitter:creator\" content=\"@compacthabit2\" \/>\n<meta name=\"twitter:site\" content=\"@compacthabit2\" \/>\n<meta name=\"twitter:label1\" content=\"Written by\" \/>\n\t<meta name=\"twitter:data1\" content=\"ch_admin\" \/>\n\t<meta name=\"twitter:label2\" content=\"Est. reading time\" \/>\n\t<meta name=\"twitter:data2\" content=\"2 minutes\" \/>\n<script type=\"application\/ld+json\" class=\"yoast-schema-graph\">{\"@context\":\"https:\/\/schema.org\",\"@graph\":[{\"@type\":\"WebPage\",\"@id\":\"https:\/\/www.compacthabit.com\/ca\/2025\/05\/29\/ampliacio-del-cap-de-manlleu-amb-construccio-modular\/\",\"url\":\"https:\/\/www.compacthabit.com\/ca\/2025\/05\/29\/ampliacio-del-cap-de-manlleu-amb-construccio-modular\/\",\"name\":\"Del 1992 al 2025: ampliaci\u00f3 del CAP de Manlleu amb construcci\u00f3 modular - Compact Habit\",\"isPartOf\":{\"@id\":\"https:\/\/www.compacthabit.com\/ca\/fr\/#website\"},\"primaryImageOfPage\":{\"@id\":\"https:\/\/www.compacthabit.com\/ca\/2025\/05\/29\/ampliacio-del-cap-de-manlleu-amb-construccio-modular\/#primaryimage\"},\"image\":{\"@id\":\"https:\/\/www.compacthabit.com\/ca\/2025\/05\/29\/ampliacio-del-cap-de-manlleu-amb-construccio-modular\/#primaryimage\"},\"thumbnailUrl\":\"https:\/\/www.compacthabit.com\/wp-content\/uploads\/2025\/01\/Ampliacio-CAP-Modular-CompactHabit.png\",\"datePublished\":\"2025-05-29T10:48:23+00:00\",\"dateModified\":\"2025-05-30T10:46:00+00:00\",\"author\":{\"@id\":\"https:\/\/www.compacthabit.com\/ca\/fr\/#\/schema\/person\/07a97d7adc0f27cd30c1f5760373210a\"},\"description\":\"M\u00e9s de 30 anys despr\u00e9s la construcci\u00f3 modular ha perm\u00e8s ampliar el CAP de Manlleu que ja vam construir. Clica per veure els detalls!\",\"breadcrumb\":{\"@id\":\"https:\/\/www.compacthabit.com\/ca\/2025\/05\/29\/ampliacio-del-cap-de-manlleu-amb-construccio-modular\/#breadcrumb\"},\"inLanguage\":\"ca-ES\",\"potentialAction\":[{\"@type\":\"ReadAction\",\"target\":[\"https:\/\/www.compacthabit.com\/ca\/2025\/05\/29\/ampliacio-del-cap-de-manlleu-amb-construccio-modular\/\"]}]},{\"@type\":\"ImageObject\",\"inLanguage\":\"ca-ES\",\"@id\":\"https:\/\/www.compacthabit.com\/ca\/2025\/05\/29\/ampliacio-del-cap-de-manlleu-amb-construccio-modular\/#primaryimage\",\"url\":\"https:\/\/www.compacthabit.com\/wp-content\/uploads\/2025\/01\/Ampliacio-CAP-Modular-CompactHabit.png\",\"contentUrl\":\"https:\/\/www.compacthabit.com\/wp-content\/uploads\/2025\/01\/Ampliacio-CAP-Modular-CompactHabit.png\",\"width\":905,\"height\":500,\"caption\":\"Ampliaci\u00f3 CAP modular de la Manlleu amb m\u00f2duls tridimensionals de formig\u00f3\"},{\"@type\":\"BreadcrumbList\",\"@id\":\"https:\/\/www.compacthabit.com\/ca\/2025\/05\/29\/ampliacio-del-cap-de-manlleu-amb-construccio-modular\/#breadcrumb\",\"itemListElement\":[{\"@type\":\"ListItem\",\"position\":1,\"name\":\"Portada\",\"item\":\"https:\/\/www.compacthabit.com\/ca\/\"},{\"@type\":\"ListItem\",\"position\":2,\"name\":\"Del 1992 al 2025: ampliaci\u00f3 del CAP de Manlleu amb construcci\u00f3 modular\"}]},{\"@type\":\"WebSite\",\"@id\":\"https:\/\/www.compacthabit.com\/ca\/fr\/#website\",\"url\":\"https:\/\/www.compacthabit.com\/ca\/fr\/\",\"name\":\"Compact Habit\",\"description\":\"\",\"potentialAction\":[{\"@type\":\"SearchAction\",\"target\":{\"@type\":\"EntryPoint\",\"urlTemplate\":\"https:\/\/www.compacthabit.com\/ca\/fr\/?s={search_term_string}\"},\"query-input\":{\"@type\":\"PropertyValueSpecification\",\"valueRequired\":true,\"valueName\":\"search_term_string\"}}],\"inLanguage\":\"ca-ES\"},{\"@type\":\"Person\",\"@id\":\"https:\/\/www.compacthabit.com\/ca\/fr\/#\/schema\/person\/07a97d7adc0f27cd30c1f5760373210a\",\"name\":\"ch_admin\",\"image\":{\"@type\":\"ImageObject\",\"inLanguage\":\"ca-ES\",\"@id\":\"https:\/\/www.compacthabit.com\/ca\/fr\/#\/schema\/person\/image\/\",\"url\":\"https:\/\/secure.gravatar.com\/avatar\/2a392477be346b1b7c89c12855982831?s=96&d=mm&r=g\",\"contentUrl\":\"https:\/\/secure.gravatar.com\/avatar\/2a392477be346b1b7c89c12855982831?s=96&d=mm&r=g\",\"caption\":\"ch_admin\"}}]}<\/script>\n<!-- \/ Yoast SEO plugin. -->","yoast_head_json":{"title":"Del 1992 al 2025: ampliaci\u00f3 del CAP de Manlleu amb construcci\u00f3 modular - Compact Habit","description":"M\u00e9s de 30 anys despr\u00e9s la construcci\u00f3 modular ha perm\u00e8s ampliar el CAP de Manlleu que ja vam construir. Clica per veure els detalls!","robots":{"index":"index","follow":"follow","max-snippet":"max-snippet:-1","max-image-preview":"max-image-preview:large","max-video-preview":"max-video-preview:-1"},"og_locale":"ca_ES","og_type":"article","og_title":"Del 1992 al 2025: ampliaci\u00f3 del CAP de Manlleu amb construcci\u00f3 modular - Compact Habit","og_description":"M\u00e9s de 30 anys despr\u00e9s la construcci\u00f3 modular ha perm\u00e8s ampliar el CAP de Manlleu que ja vam construir. Clica per veure els detalls!","og_url":"https:\/\/www.compacthabit.com\/ca\/2025\/05\/29\/ampliacio-del-cap-de-manlleu-amb-construccio-modular\/","og_site_name":"Compact Habit","article_publisher":"https:\/\/www.facebook.com\/CompactHabit\/","article_published_time":"2025-05-29T10:48:23+00:00","article_modified_time":"2025-05-30T10:46:00+00:00","og_image":[{"width":905,"height":500,"url":"https:\/\/www.compacthabit.com\/wp-content\/uploads\/2025\/01\/Ampliacio-CAP-Modular-CompactHabit.png?_t=1748601960","type":"image\/png"}],"author":"ch_admin","twitter_card":"summary_large_image","twitter_creator":"@compacthabit2","twitter_site":"@compacthabit2","twitter_misc":{"Written by":"ch_admin","Est. reading time":"2 minutes"},"schema":{"@context":"https:\/\/schema.org","@graph":[{"@type":"WebPage","@id":"https:\/\/www.compacthabit.com\/ca\/2025\/05\/29\/ampliacio-del-cap-de-manlleu-amb-construccio-modular\/","url":"https:\/\/www.compacthabit.com\/ca\/2025\/05\/29\/ampliacio-del-cap-de-manlleu-amb-construccio-modular\/","name":"Del 1992 al 2025: ampliaci\u00f3 del CAP de Manlleu amb construcci\u00f3 modular - Compact Habit","isPartOf":{"@id":"https:\/\/www.compacthabit.com\/ca\/fr\/#website"},"primaryImageOfPage":{"@id":"https:\/\/www.compacthabit.com\/ca\/2025\/05\/29\/ampliacio-del-cap-de-manlleu-amb-construccio-modular\/#primaryimage"},"image":{"@id":"https:\/\/www.compacthabit.com\/ca\/2025\/05\/29\/ampliacio-del-cap-de-manlleu-amb-construccio-modular\/#primaryimage"},"thumbnailUrl":"https:\/\/www.compacthabit.com\/wp-content\/uploads\/2025\/01\/Ampliacio-CAP-Modular-CompactHabit.png","datePublished":"2025-05-29T10:48:23+00:00","dateModified":"2025-05-30T10:46:00+00:00","author":{"@id":"https:\/\/www.compacthabit.com\/ca\/fr\/#\/schema\/person\/07a97d7adc0f27cd30c1f5760373210a"},"description":"M\u00e9s de 30 anys despr\u00e9s la construcci\u00f3 modular ha perm\u00e8s ampliar el CAP de Manlleu que ja vam construir. Clica per veure els detalls!","breadcrumb":{"@id":"https:\/\/www.compacthabit.com\/ca\/2025\/05\/29\/ampliacio-del-cap-de-manlleu-amb-construccio-modular\/#breadcrumb"},"inLanguage":"ca-ES","potentialAction":[{"@type":"ReadAction","target":["https:\/\/www.compacthabit.com\/ca\/2025\/05\/29\/ampliacio-del-cap-de-manlleu-amb-construccio-modular\/"]}]},{"@type":"ImageObject","inLanguage":"ca-ES","@id":"https:\/\/www.compacthabit.com\/ca\/2025\/05\/29\/ampliacio-del-cap-de-manlleu-amb-construccio-modular\/#primaryimage","url":"https:\/\/www.compacthabit.com\/wp-content\/uploads\/2025\/01\/Ampliacio-CAP-Modular-CompactHabit.png","contentUrl":"https:\/\/www.compacthabit.com\/wp-content\/uploads\/2025\/01\/Ampliacio-CAP-Modular-CompactHabit.png","width":905,"height":500,"caption":"Ampliaci\u00f3 CAP modular de la Manlleu amb m\u00f2duls tridimensionals de formig\u00f3"},{"@type":"BreadcrumbList","@id":"https:\/\/www.compacthabit.com\/ca\/2025\/05\/29\/ampliacio-del-cap-de-manlleu-amb-construccio-modular\/#breadcrumb","itemListElement":[{"@type":"ListItem","position":1,"name":"Portada","item":"https:\/\/www.compacthabit.com\/ca\/"},{"@type":"ListItem","position":2,"name":"Del 1992 al 2025: ampliaci\u00f3 del CAP de Manlleu amb construcci\u00f3 modular"}]},{"@type":"WebSite","@id":"https:\/\/www.compacthabit.com\/ca\/fr\/#website","url":"https:\/\/www.compacthabit.com\/ca\/fr\/","name":"Compact Habit","description":"","potentialAction":[{"@type":"SearchAction","target":{"@type":"EntryPoint","urlTemplate":"https:\/\/www.compacthabit.com\/ca\/fr\/?s={search_term_string}"},"query-input":{"@type":"PropertyValueSpecification","valueRequired":true,"valueName":"search_term_string"}}],"inLanguage":"ca-ES"},{"@type":"Person","@id":"https:\/\/www.compacthabit.com\/ca\/fr\/#\/schema\/person\/07a97d7adc0f27cd30c1f5760373210a","name":"ch_admin","image":{"@type":"ImageObject","inLanguage":"ca-ES","@id":"https:\/\/www.compacthabit.com\/ca\/fr\/#\/schema\/person\/image\/","url":"https:\/\/secure.gravatar.com\/avatar\/2a392477be346b1b7c89c12855982831?s=96&d=mm&r=g","contentUrl":"https:\/\/secure.gravatar.com\/avatar\/2a392477be346b1b7c89c12855982831?s=96&d=mm&r=g","caption":"ch_admin"}}]}},"_links":{"self":[{"href":"https:\/\/www.compacthabit.com\/ca\/wp-json\/wp\/v2\/posts\/8186","targetHints":{"allow":["GET"]}}],"collection":[{"href":"https:\/\/www.compacthabit.com\/ca\/wp-json\/wp\/v2\/posts"}],"about":[{"href":"https:\/\/www.compacthabit.com\/ca\/wp-json\/wp\/v2\/types\/post"}],"author":[{"embeddable":true,"href":"https:\/\/www.compacthabit.com\/ca\/wp-json\/wp\/v2\/users\/1"}],"replies":[{"embeddable":true,"href":"https:\/\/www.compacthabit.com\/ca\/wp-json\/wp\/v2\/comments?post=8186"}],"version-history":[{"count":3,"href":"https:\/\/www.compacthabit.com\/ca\/wp-json\/wp\/v2\/posts\/8186\/revisions"}],"predecessor-version":[{"id":8194,"href":"https:\/\/www.compacthabit.com\/ca\/wp-json\/wp\/v2\/posts\/8186\/revisions\/8194"}],"wp:featuredmedia":[{"embeddable":true,"href":"https:\/\/www.compacthabit.com\/ca\/wp-json\/wp\/v2\/media\/8169"}],"wp:attachment":[{"href":"https:\/\/www.compacthabit.com\/ca\/wp-json\/wp\/v2\/media?parent=8186"}],"wp:term":[{"taxonomy":"category","embeddable":true,"href":"https:\/\/www.compacthabit.com\/ca\/wp-json\/wp\/v2\/categories?post=8186"},{"taxonomy":"post_tag","embeddable":true,"href":"https:\/\/www.compacthabit.com\/ca\/wp-json\/wp\/v2\/tags?post=8186"}],"curies":[{"name":"wp","href":"https:\/\/api.w.org\/{rel}","templated":true}]}}