{"id":7943,"date":"2024-11-21T08:39:02","date_gmt":"2024-11-21T08:39:02","guid":{"rendered":"https:\/\/www.compacthabit.com\/?p=7943"},"modified":"2024-11-21T08:44:48","modified_gmt":"2024-11-21T08:44:48","slug":"construccio-modular-en-centres-d-atencio-primaria-rapidesa-eficiencia-i-qualitat-amb-compacthabit","status":"publish","type":"post","link":"https:\/\/www.compacthabit.com\/ca\/2024\/11\/21\/construccio-modular-en-centres-d-atencio-primaria-rapidesa-eficiencia-i-qualitat-amb-compacthabit\/","title":{"rendered":"Construcci\u00f3 Modular en Centres d\u2019Atenci\u00f3 Prim\u00e0ria: rapidesa, efici\u00e8ncia i qualitat"},"content":{"rendered":"<p>CompactHabit ha constru\u00eft recentment Centres d\u2019Atenci\u00f3 Prim\u00e0ria (CAP) per al Servei Catal\u00e0 de la Salut a Tarragona, Igualada, Esplugues de Llobregat i Santa Perp\u00e8tua de Mogoda utilitzant l\u2019innovador sistema de construcci\u00f3 modular tridimensional.<\/p>\n<p>Aquest sistema permet reduir els terminis d\u2019entrega fins a un 70%, optimitzant els costos i fent-lo ideal per a projectes que requereixen rapidesa i efici\u00e8ncia. Els m\u00f2duls es fabriquen i s\u2019equipen completament a la f\u00e0brica de Cardona, minimitzant les mol\u00e8sties a les zones de construcci\u00f3 i fent possible que les infraestructures ja existents mantinguin la seva activitat durant tot el proc\u00e9s.<\/p>\n<p>Aquests projectes, que inclouen tant noves construccions com ampliacions d\u2019edificacions en funcionament, han estat liderats per Manel Par\u00e9s, del despatx d\u2019arquitectura <a href=\"https:\/\/mancineiraspares.com\/\">MANCI\u00d1ERIAS\/PAR\u00c9S arquitectes associats<\/a>, qui destaca les m\u00faltiples avantatges del sistema modular eMii i del proc\u00e9s de construcci\u00f3 industrialitzada de CompactHabit:<\/p>\n<blockquote><p><em>\u201cLa construcci\u00f3 modular ha perm\u00e8s optimitzar els temps de construcci\u00f3 de manera significativa. En projectes com l\u2019ampliaci\u00f3 del CAP Torreforta es va completar l\u2019obra in situ en nom\u00e9s 18 setmanes, una reducci\u00f3 important que va facilitar la continu\u00eftat dels serveis sanitaris sense alteracions.\u201d<br \/>\n\u201cEl sistema modular ens ofereix gran flexibilitat per adaptar els espais a les necessitats de cada projecte. A m\u00e9s, la fabricaci\u00f3 a taller garanteix un control de qualitat exhaustiu i una m\u00ednima afectaci\u00f3 en l\u2019entorn, amb un impacte positiu en la gesti\u00f3 dels recursos i els costos.\u201d<\/em> <\/p><\/blockquote>\n<h2><strong>Centres d\u2019Atenci\u00f3 Prim\u00e0ria constru\u00efts amb el sistema de construcci\u00f3 industrialitzada de CompactHabit:<\/strong><\/h2>\n<p><strong><a href=\"https:\/\/www.compacthabit.com\/ca\/project\/centre-d-urgencies-d-atencio-primaria-baix-valles\/\" rel=\"noopener\" target=\"_blank\">CUAP Baix Vall\u00e8s<\/a><\/strong> (Vall\u00e8s Occidental, Barcelona)<br \/>\nConstrucci\u00f3 d\u2019un nou centre d\u2019urg\u00e8ncies d\u2019atenci\u00f3 prim\u00e0ria de 1.081 m\u00b2 amb el sistema de construcci\u00f3 modular eMii-CS. El nou centre es desenvolupa en planta baixa, utilitzant 21 m\u00f2duls tridimensionals. La intervenci\u00f3 consta de dos volums units per un porxo d\u2019aparcament d\u2019ambul\u00e0ncies. Al volum principal s\u2019hi desenvolupa el servei d\u2019atenci\u00f3 prim\u00e0ria d\u2019urg\u00e8ncies, mentre que el segon volum pertany al servei d\u2019emerg\u00e8ncies m\u00e8diques (SEM). El transport i muntatge dels m\u00f2duls es va realitzar en nom\u00e9s 4 dies.<\/p>\n<p><strong><a href=\"https:\/\/www.compacthabit.com\/ca\/project\/centre-sanitari-d-atencio-primaria-torreforta\/\" rel=\"noopener\" target=\"_blank\">Ampliaci\u00f3 del CAP Torreforta &#8211; La Granja<\/a><\/strong> (Tarragona)<br \/>\nReforma i ampliaci\u00f3 de 2.671 m\u00b2 amb el sistema de construcci\u00f3 modular eMii-CS. La intervenci\u00f3 ha donat lloc a un edifici de tres plantes, utilitzant un total de 58 m\u00f2duls tridimensionals. L\u2019ampliaci\u00f3 dota el centre amb 51 consultes que permeten ampliar serveis com pediatria, atenci\u00f3 a la salut sexual i reproductiva, rehabilitaci\u00f3 i emerg\u00e8ncies, entre d\u2019altres. Tamb\u00e9 incorpora noves consultes de medicina general i una sala d\u2019activitats comunit\u00e0ries. El proc\u00e9s de construcci\u00f3 industrialitzada eMii va permetre reduir les obres in situ a 18 setmanes.<\/p>\n<p><strong>CAP Igualada<\/strong> (Anoia, Barcelona)<br \/>\nAmpliaci\u00f3 de 358 m\u00b2 amb 7 m\u00f2duls industrialitzats amb el sistema de construcci\u00f3 modular eMii-CS. S\u2019amplia el centre d&#8217;atenci\u00f3 prim\u00e0ria amb 12 noves consultes destinades a la unitat de pediatria, amb una sala d\u2019espera amb pati central.<\/p>\n<p><strong>CAP Llu\u00eds Millet<\/strong> (Esplugues de Llobregat, Barcelona)<br \/>\nAmpliaci\u00f3 del CAP d\u2019Esplugues de Llobregat realitzada amb 7 m\u00f2duls tridimensionals, amb una superf\u00edcie constru\u00efda de 293 m\u00b2. La intervenci\u00f3 incorpora 8 consultes, zona de recepci\u00f3 i espera, magatzem i sala d\u2019instal\u00b7lacions per fer front a l\u2019augment de demanda i necessitats de l\u2019equipament existent.<\/p>\n<p>La construcci\u00f3 modular de CompactHabit permet optimitzar temps en projectes sanitaris, oferint solucions eficients que responen a les necessitats del sector. Amb la seva metodologia innovadora, CompactHabit continua millorant la qualitat i velocitat en la construcci\u00f3 d\u2019infraestructures per a la salut p\u00fablica.<\/p>\n","protected":false},"excerpt":{"rendered":"<p>CompactHabit ha constru\u00eft recentment Centres d\u2019Atenci\u00f3 Prim\u00e0ria (CAP) per al Servei Catal\u00e0 de la Salut a Tarragona, Igualada, Esplugues de Llobregat i Santa Perp\u00e8tua de Mogoda<span class=\"excerpt-hellip\"> [\u2026]<\/span><\/p>\n","protected":false},"author":1,"featured_media":7997,"comment_status":"closed","ping_status":"closed","sticky":false,"template":"","format":"standard","meta":{"_acf_changed":false,"_monsterinsights_skip_tracking":false,"_monsterinsights_sitenote_active":false,"_monsterinsights_sitenote_note":"","_monsterinsights_sitenote_category":0,"footnotes":""},"categories":[46],"tags":[],"class_list":["post-7943","post","type-post","status-publish","format-standard","has-post-thumbnail","hentry","category-blog"],"acf":[],"yoast_head":"<!-- This site is optimized with the Yoast SEO plugin v26.0 - https:\/\/yoast.com\/wordpress\/plugins\/seo\/ -->\n<title>Construcci\u00f3 Modular en Centres d\u2019Atenci\u00f3 Prim\u00e0ria: rapidesa, efici\u00e8ncia i qualitat - Compact Habit<\/title>\n<meta name=\"description\" content=\"CompactHabit revoluciona la construcci\u00f3 de CAPs amb el sistema de construcci\u00f3 modular. Projectes eficients arreu de Catalunya, clica per tota la informaci\u00f3!\" \/>\n<meta name=\"robots\" content=\"index, follow, max-snippet:-1, max-image-preview:large, max-video-preview:-1\" \/>\n<meta property=\"og:locale\" content=\"ca_ES\" \/>\n<meta property=\"og:type\" content=\"article\" \/>\n<meta property=\"og:title\" content=\"Construcci\u00f3 Modular en Centres d\u2019Atenci\u00f3 Prim\u00e0ria: rapidesa, efici\u00e8ncia i qualitat - Compact Habit\" \/>\n<meta property=\"og:description\" content=\"CompactHabit revoluciona la construcci\u00f3 de CAPs amb el sistema de construcci\u00f3 modular. Projectes eficients arreu de Catalunya, clica per tota la informaci\u00f3!\" \/>\n<meta property=\"og:url\" content=\"https:\/\/www.compacthabit.com\/ca\/2024\/11\/21\/construccio-modular-en-centres-d-atencio-primaria-rapidesa-eficiencia-i-qualitat-amb-compacthabit\/\" \/>\n<meta property=\"og:site_name\" content=\"Compact Habit\" \/>\n<meta property=\"article:publisher\" content=\"https:\/\/www.facebook.com\/CompactHabit\/\" \/>\n<meta property=\"article:published_time\" content=\"2024-11-21T08:39:02+00:00\" \/>\n<meta property=\"article:modified_time\" content=\"2024-11-21T08:44:48+00:00\" \/>\n<meta property=\"og:image\" content=\"https:\/\/www.compacthabit.com\/wp-content\/uploads\/2024\/11\/Equipaments-sanitaris-construccio-modular-1.png?_t=1732178689\" \/>\n\t<meta property=\"og:image:width\" content=\"905\" \/>\n\t<meta property=\"og:image:height\" content=\"500\" \/>\n\t<meta property=\"og:image:type\" content=\"image\/png\" \/>\n<meta name=\"author\" content=\"ch_admin\" \/>\n<meta name=\"twitter:card\" content=\"summary_large_image\" \/>\n<meta name=\"twitter:creator\" content=\"@compacthabit2\" \/>\n<meta name=\"twitter:site\" content=\"@compacthabit2\" \/>\n<meta name=\"twitter:label1\" content=\"Written by\" \/>\n\t<meta name=\"twitter:data1\" content=\"ch_admin\" \/>\n\t<meta name=\"twitter:label2\" content=\"Est. reading time\" \/>\n\t<meta name=\"twitter:data2\" content=\"3 minutes\" \/>\n<script type=\"application\/ld+json\" class=\"yoast-schema-graph\">{\"@context\":\"https:\/\/schema.org\",\"@graph\":[{\"@type\":\"WebPage\",\"@id\":\"https:\/\/www.compacthabit.com\/ca\/2024\/11\/21\/construccio-modular-en-centres-d-atencio-primaria-rapidesa-eficiencia-i-qualitat-amb-compacthabit\/\",\"url\":\"https:\/\/www.compacthabit.com\/ca\/2024\/11\/21\/construccio-modular-en-centres-d-atencio-primaria-rapidesa-eficiencia-i-qualitat-amb-compacthabit\/\",\"name\":\"Construcci\u00f3 Modular en Centres d\u2019Atenci\u00f3 Prim\u00e0ria: rapidesa, efici\u00e8ncia i qualitat - Compact Habit\",\"isPartOf\":{\"@id\":\"https:\/\/www.compacthabit.com\/ca\/fr\/#website\"},\"primaryImageOfPage\":{\"@id\":\"https:\/\/www.compacthabit.com\/ca\/2024\/11\/21\/construccio-modular-en-centres-d-atencio-primaria-rapidesa-eficiencia-i-qualitat-amb-compacthabit\/#primaryimage\"},\"image\":{\"@id\":\"https:\/\/www.compacthabit.com\/ca\/2024\/11\/21\/construccio-modular-en-centres-d-atencio-primaria-rapidesa-eficiencia-i-qualitat-amb-compacthabit\/#primaryimage\"},\"thumbnailUrl\":\"https:\/\/www.compacthabit.com\/wp-content\/uploads\/2024\/11\/Equipaments-sanitaris-construccio-modular-1.png\",\"datePublished\":\"2024-11-21T08:39:02+00:00\",\"dateModified\":\"2024-11-21T08:44:48+00:00\",\"author\":{\"@id\":\"https:\/\/www.compacthabit.com\/ca\/fr\/#\/schema\/person\/07a97d7adc0f27cd30c1f5760373210a\"},\"description\":\"CompactHabit revoluciona la construcci\u00f3 de CAPs amb el sistema de construcci\u00f3 modular. Projectes eficients arreu de Catalunya, clica per tota la informaci\u00f3!\",\"breadcrumb\":{\"@id\":\"https:\/\/www.compacthabit.com\/ca\/2024\/11\/21\/construccio-modular-en-centres-d-atencio-primaria-rapidesa-eficiencia-i-qualitat-amb-compacthabit\/#breadcrumb\"},\"inLanguage\":\"ca-ES\",\"potentialAction\":[{\"@type\":\"ReadAction\",\"target\":[\"https:\/\/www.compacthabit.com\/ca\/2024\/11\/21\/construccio-modular-en-centres-d-atencio-primaria-rapidesa-eficiencia-i-qualitat-amb-compacthabit\/\"]}]},{\"@type\":\"ImageObject\",\"inLanguage\":\"ca-ES\",\"@id\":\"https:\/\/www.compacthabit.com\/ca\/2024\/11\/21\/construccio-modular-en-centres-d-atencio-primaria-rapidesa-eficiencia-i-qualitat-amb-compacthabit\/#primaryimage\",\"url\":\"https:\/\/www.compacthabit.com\/wp-content\/uploads\/2024\/11\/Equipaments-sanitaris-construccio-modular-1.png\",\"contentUrl\":\"https:\/\/www.compacthabit.com\/wp-content\/uploads\/2024\/11\/Equipaments-sanitaris-construccio-modular-1.png\",\"width\":905,\"height\":500},{\"@type\":\"BreadcrumbList\",\"@id\":\"https:\/\/www.compacthabit.com\/ca\/2024\/11\/21\/construccio-modular-en-centres-d-atencio-primaria-rapidesa-eficiencia-i-qualitat-amb-compacthabit\/#breadcrumb\",\"itemListElement\":[{\"@type\":\"ListItem\",\"position\":1,\"name\":\"Portada\",\"item\":\"https:\/\/www.compacthabit.com\/ca\/\"},{\"@type\":\"ListItem\",\"position\":2,\"name\":\"Construcci\u00f3 Modular en Centres d\u2019Atenci\u00f3 Prim\u00e0ria: rapidesa, efici\u00e8ncia i qualitat\"}]},{\"@type\":\"WebSite\",\"@id\":\"https:\/\/www.compacthabit.com\/ca\/fr\/#website\",\"url\":\"https:\/\/www.compacthabit.com\/ca\/fr\/\",\"name\":\"Compact Habit\",\"description\":\"\",\"potentialAction\":[{\"@type\":\"SearchAction\",\"target\":{\"@type\":\"EntryPoint\",\"urlTemplate\":\"https:\/\/www.compacthabit.com\/ca\/fr\/?s={search_term_string}\"},\"query-input\":{\"@type\":\"PropertyValueSpecification\",\"valueRequired\":true,\"valueName\":\"search_term_string\"}}],\"inLanguage\":\"ca-ES\"},{\"@type\":\"Person\",\"@id\":\"https:\/\/www.compacthabit.com\/ca\/fr\/#\/schema\/person\/07a97d7adc0f27cd30c1f5760373210a\",\"name\":\"ch_admin\",\"image\":{\"@type\":\"ImageObject\",\"inLanguage\":\"ca-ES\",\"@id\":\"https:\/\/www.compacthabit.com\/ca\/fr\/#\/schema\/person\/image\/\",\"url\":\"https:\/\/secure.gravatar.com\/avatar\/2a392477be346b1b7c89c12855982831?s=96&d=mm&r=g\",\"contentUrl\":\"https:\/\/secure.gravatar.com\/avatar\/2a392477be346b1b7c89c12855982831?s=96&d=mm&r=g\",\"caption\":\"ch_admin\"}}]}<\/script>\n<!-- \/ Yoast SEO plugin. -->","yoast_head_json":{"title":"Construcci\u00f3 Modular en Centres d\u2019Atenci\u00f3 Prim\u00e0ria: rapidesa, efici\u00e8ncia i qualitat - Compact Habit","description":"CompactHabit revoluciona la construcci\u00f3 de CAPs amb el sistema de construcci\u00f3 modular. Projectes eficients arreu de Catalunya, clica per tota la informaci\u00f3!","robots":{"index":"index","follow":"follow","max-snippet":"max-snippet:-1","max-image-preview":"max-image-preview:large","max-video-preview":"max-video-preview:-1"},"og_locale":"ca_ES","og_type":"article","og_title":"Construcci\u00f3 Modular en Centres d\u2019Atenci\u00f3 Prim\u00e0ria: rapidesa, efici\u00e8ncia i qualitat - Compact Habit","og_description":"CompactHabit revoluciona la construcci\u00f3 de CAPs amb el sistema de construcci\u00f3 modular. Projectes eficients arreu de Catalunya, clica per tota la informaci\u00f3!","og_url":"https:\/\/www.compacthabit.com\/ca\/2024\/11\/21\/construccio-modular-en-centres-d-atencio-primaria-rapidesa-eficiencia-i-qualitat-amb-compacthabit\/","og_site_name":"Compact Habit","article_publisher":"https:\/\/www.facebook.com\/CompactHabit\/","article_published_time":"2024-11-21T08:39:02+00:00","article_modified_time":"2024-11-21T08:44:48+00:00","og_image":[{"width":905,"height":500,"url":"https:\/\/www.compacthabit.com\/wp-content\/uploads\/2024\/11\/Equipaments-sanitaris-construccio-modular-1.png?_t=1732178689","type":"image\/png"}],"author":"ch_admin","twitter_card":"summary_large_image","twitter_creator":"@compacthabit2","twitter_site":"@compacthabit2","twitter_misc":{"Written by":"ch_admin","Est. reading time":"3 minutes"},"schema":{"@context":"https:\/\/schema.org","@graph":[{"@type":"WebPage","@id":"https:\/\/www.compacthabit.com\/ca\/2024\/11\/21\/construccio-modular-en-centres-d-atencio-primaria-rapidesa-eficiencia-i-qualitat-amb-compacthabit\/","url":"https:\/\/www.compacthabit.com\/ca\/2024\/11\/21\/construccio-modular-en-centres-d-atencio-primaria-rapidesa-eficiencia-i-qualitat-amb-compacthabit\/","name":"Construcci\u00f3 Modular en Centres d\u2019Atenci\u00f3 Prim\u00e0ria: rapidesa, efici\u00e8ncia i qualitat - Compact Habit","isPartOf":{"@id":"https:\/\/www.compacthabit.com\/ca\/fr\/#website"},"primaryImageOfPage":{"@id":"https:\/\/www.compacthabit.com\/ca\/2024\/11\/21\/construccio-modular-en-centres-d-atencio-primaria-rapidesa-eficiencia-i-qualitat-amb-compacthabit\/#primaryimage"},"image":{"@id":"https:\/\/www.compacthabit.com\/ca\/2024\/11\/21\/construccio-modular-en-centres-d-atencio-primaria-rapidesa-eficiencia-i-qualitat-amb-compacthabit\/#primaryimage"},"thumbnailUrl":"https:\/\/www.compacthabit.com\/wp-content\/uploads\/2024\/11\/Equipaments-sanitaris-construccio-modular-1.png","datePublished":"2024-11-21T08:39:02+00:00","dateModified":"2024-11-21T08:44:48+00:00","author":{"@id":"https:\/\/www.compacthabit.com\/ca\/fr\/#\/schema\/person\/07a97d7adc0f27cd30c1f5760373210a"},"description":"CompactHabit revoluciona la construcci\u00f3 de CAPs amb el sistema de construcci\u00f3 modular. Projectes eficients arreu de Catalunya, clica per tota la informaci\u00f3!","breadcrumb":{"@id":"https:\/\/www.compacthabit.com\/ca\/2024\/11\/21\/construccio-modular-en-centres-d-atencio-primaria-rapidesa-eficiencia-i-qualitat-amb-compacthabit\/#breadcrumb"},"inLanguage":"ca-ES","potentialAction":[{"@type":"ReadAction","target":["https:\/\/www.compacthabit.com\/ca\/2024\/11\/21\/construccio-modular-en-centres-d-atencio-primaria-rapidesa-eficiencia-i-qualitat-amb-compacthabit\/"]}]},{"@type":"ImageObject","inLanguage":"ca-ES","@id":"https:\/\/www.compacthabit.com\/ca\/2024\/11\/21\/construccio-modular-en-centres-d-atencio-primaria-rapidesa-eficiencia-i-qualitat-amb-compacthabit\/#primaryimage","url":"https:\/\/www.compacthabit.com\/wp-content\/uploads\/2024\/11\/Equipaments-sanitaris-construccio-modular-1.png","contentUrl":"https:\/\/www.compacthabit.com\/wp-content\/uploads\/2024\/11\/Equipaments-sanitaris-construccio-modular-1.png","width":905,"height":500},{"@type":"BreadcrumbList","@id":"https:\/\/www.compacthabit.com\/ca\/2024\/11\/21\/construccio-modular-en-centres-d-atencio-primaria-rapidesa-eficiencia-i-qualitat-amb-compacthabit\/#breadcrumb","itemListElement":[{"@type":"ListItem","position":1,"name":"Portada","item":"https:\/\/www.compacthabit.com\/ca\/"},{"@type":"ListItem","position":2,"name":"Construcci\u00f3 Modular en Centres d\u2019Atenci\u00f3 Prim\u00e0ria: rapidesa, efici\u00e8ncia i qualitat"}]},{"@type":"WebSite","@id":"https:\/\/www.compacthabit.com\/ca\/fr\/#website","url":"https:\/\/www.compacthabit.com\/ca\/fr\/","name":"Compact Habit","description":"","potentialAction":[{"@type":"SearchAction","target":{"@type":"EntryPoint","urlTemplate":"https:\/\/www.compacthabit.com\/ca\/fr\/?s={search_term_string}"},"query-input":{"@type":"PropertyValueSpecification","valueRequired":true,"valueName":"search_term_string"}}],"inLanguage":"ca-ES"},{"@type":"Person","@id":"https:\/\/www.compacthabit.com\/ca\/fr\/#\/schema\/person\/07a97d7adc0f27cd30c1f5760373210a","name":"ch_admin","image":{"@type":"ImageObject","inLanguage":"ca-ES","@id":"https:\/\/www.compacthabit.com\/ca\/fr\/#\/schema\/person\/image\/","url":"https:\/\/secure.gravatar.com\/avatar\/2a392477be346b1b7c89c12855982831?s=96&d=mm&r=g","contentUrl":"https:\/\/secure.gravatar.com\/avatar\/2a392477be346b1b7c89c12855982831?s=96&d=mm&r=g","caption":"ch_admin"}}]}},"_links":{"self":[{"href":"https:\/\/www.compacthabit.com\/ca\/wp-json\/wp\/v2\/posts\/7943","targetHints":{"allow":["GET"]}}],"collection":[{"href":"https:\/\/www.compacthabit.com\/ca\/wp-json\/wp\/v2\/posts"}],"about":[{"href":"https:\/\/www.compacthabit.com\/ca\/wp-json\/wp\/v2\/types\/post"}],"author":[{"embeddable":true,"href":"https:\/\/www.compacthabit.com\/ca\/wp-json\/wp\/v2\/users\/1"}],"replies":[{"embeddable":true,"href":"https:\/\/www.compacthabit.com\/ca\/wp-json\/wp\/v2\/comments?post=7943"}],"version-history":[{"count":27,"href":"https:\/\/www.compacthabit.com\/ca\/wp-json\/wp\/v2\/posts\/7943\/revisions"}],"predecessor-version":[{"id":8000,"href":"https:\/\/www.compacthabit.com\/ca\/wp-json\/wp\/v2\/posts\/7943\/revisions\/8000"}],"wp:featuredmedia":[{"embeddable":true,"href":"https:\/\/www.compacthabit.com\/ca\/wp-json\/wp\/v2\/media\/7997"}],"wp:attachment":[{"href":"https:\/\/www.compacthabit.com\/ca\/wp-json\/wp\/v2\/media?parent=7943"}],"wp:term":[{"taxonomy":"category","embeddable":true,"href":"https:\/\/www.compacthabit.com\/ca\/wp-json\/wp\/v2\/categories?post=7943"},{"taxonomy":"post_tag","embeddable":true,"href":"https:\/\/www.compacthabit.com\/ca\/wp-json\/wp\/v2\/tags?post=7943"}],"curies":[{"name":"wp","href":"https:\/\/api.w.org\/{rel}","templated":true}]}}