{"id":7764,"date":"2024-10-02T06:41:45","date_gmt":"2024-10-02T06:41:45","guid":{"rendered":"https:\/\/www.compacthabit.com\/?p=7764"},"modified":"2024-12-16T13:46:04","modified_gmt":"2024-12-16T13:46:04","slug":"compacthabit-15-anys-construint-edificis-amb-moduls-tridimensionals-de-formigo","status":"publish","type":"post","link":"https:\/\/www.compacthabit.com\/ca\/2024\/10\/02\/compacthabit-15-anys-construint-edificis-amb-moduls-tridimensionals-de-formigo\/","title":{"rendered":"CompactHabit: 15 anys Construint Edificis amb M\u00f2duls Tridimensionals de Formig\u00f3"},"content":{"rendered":"<p>Aquest any a CompactHabit celebrem 15 anys d&#8217;innovaci\u00f3 en la construcci\u00f3 modular. Des del 2009, quan vam completar el nostre primer edifici modular, hem transformat el sector de la construcci\u00f3 gr\u00e0cies al nostre sistema de construcci\u00f3 industrialitzada, oferint solucions m\u00e9s r\u00e0pides, segures i sostenibles.<\/p>\n<p>Des de llavors, hem constru\u00eft m\u00e9s de 80.000 m\u00b2 de superf\u00edcie i 1.500 m\u00f2duls tridimensionals de formig\u00f3 en edificis a Catalunya, Fran\u00e7a i Su\u00efssa. El nostre sistema modular ens ha perm\u00e8s desenvolupar una \u00e0mplia varietat de projectes: resid\u00e8ncies d\u2019estudiants, habitatges, escoles, oficines, hospitals, entre d&#8217;altres. La construcci\u00f3 industrialitzada ofereix grans avantatges en comparaci\u00f3 a la construcci\u00f3 tradicional com la reducci\u00f3 dels terminis d&#8217;execuci\u00f3, la millora de la qualitat i la disminuci\u00f3 dels residus.<\/p>\n<p>Tot va comen\u00e7ar el 2007, quan vam presentar el nostre primer prototip de m\u00f2dul a la fira Construmat de Barcelona, on vam guanyar el premi a la innovaci\u00f3 tecnol\u00f2gica. Aquesta fita va marcar l\u2019inici de la nostra traject\u00f2ria per revolucionar el sector de la construcci\u00f3 modular.<\/p>\n<p>Entre altres projectes emblem\u00e0tics, destaca l\u2019<a href=\"http:\/\/\"https:\/\/www.compacthabit.com\/ca\/project\/hospital-universitari-arnau-de-vilanova\">annex al hospital Arnau de Vilanova de Lleida<\/a> per fer front a l\u2019emerg\u00e8ncia sanit\u00e0ria del COVID-19 que vam construir amb un temps r\u00e8cord de poc m\u00e9s de 4 mesos. O, l\u2019edifici d\u2019habitatges dotacionals del carrer Marroc a Barcelona, que amb les seves 9 plantes \u00e9s l\u2019edifici modular m\u00e9s alt d&#8217;Espanya.<\/p>\n<p>Avui, despr\u00e9s de 15 anys, seguim fidels al nostre comprom\u00eds amb la innovaci\u00f3 i l\u2019efici\u00e8ncia al sector de la construcci\u00f3. A CompactHabit, continuem treballant per oferir solucions constructives sostenibles que redueixin els terminis de lliurament fins a un 70%, incorporant nous materials com la fusta als nostres projectes futurs.<\/p>\n","protected":false},"excerpt":{"rendered":"<p>Aquest any a CompactHabit celebrem 15 anys d&#8217;innovaci\u00f3 en la construcci\u00f3 modular. Des del 2009, quan vam completar el nostre primer edifici modular, hem transformat el<span class=\"excerpt-hellip\"> [\u2026]<\/span><\/p>\n","protected":false},"author":1,"featured_media":7766,"comment_status":"closed","ping_status":"closed","sticky":false,"template":"","format":"standard","meta":{"_acf_changed":false,"_monsterinsights_skip_tracking":false,"_monsterinsights_sitenote_active":false,"_monsterinsights_sitenote_note":"","_monsterinsights_sitenote_category":0,"footnotes":""},"categories":[46],"tags":[],"class_list":["post-7764","post","type-post","status-publish","format-standard","has-post-thumbnail","hentry","category-blog"],"acf":[],"yoast_head":"<!-- This site is optimized with the Yoast SEO plugin v26.0 - https:\/\/yoast.com\/wordpress\/plugins\/seo\/ -->\n<title>CompactHabit: 15 anys Construint Edificis amb M\u00f2duls Tridimensionals de Formig\u00f3 - Compact Habit<\/title>\n<meta name=\"description\" content=\"CompactHabit celebra 15 anys d&#039;experi\u00e8ncia en la construcci\u00f3 d&#039;edificis modulars de formig\u00f3! Descobreix m\u00e9s sobre aquesta fita i els nostres projectes destacats. Clica per llegir tota la not\u00edcia.\" \/>\n<meta name=\"robots\" content=\"index, follow, max-snippet:-1, max-image-preview:large, max-video-preview:-1\" \/>\n<meta property=\"og:locale\" content=\"ca_ES\" \/>\n<meta property=\"og:type\" content=\"article\" \/>\n<meta property=\"og:title\" content=\"CompactHabit: 15 anys Construint Edificis amb M\u00f2duls Tridimensionals de Formig\u00f3 - Compact Habit\" \/>\n<meta property=\"og:description\" content=\"CompactHabit celebra 15 anys d&#039;experi\u00e8ncia en la construcci\u00f3 d&#039;edificis modulars de formig\u00f3! Descobreix m\u00e9s sobre aquesta fita i els nostres projectes destacats. Clica per llegir tota la not\u00edcia.\" \/>\n<meta property=\"og:url\" content=\"https:\/\/www.compacthabit.com\/ca\/2024\/10\/02\/compacthabit-15-anys-construint-edificis-amb-moduls-tridimensionals-de-formigo\/\" \/>\n<meta property=\"og:site_name\" content=\"Compact Habit\" \/>\n<meta property=\"article:publisher\" content=\"https:\/\/www.facebook.com\/CompactHabit\/\" \/>\n<meta property=\"article:published_time\" content=\"2024-10-02T06:41:45+00:00\" \/>\n<meta property=\"article:modified_time\" content=\"2024-12-16T13:46:04+00:00\" \/>\n<meta property=\"og:image\" content=\"https:\/\/www.compacthabit.com\/wp-content\/uploads\/2024\/09\/15-anys-d-innovacio-en-Construccio-Modular.jpg?_t=1734356764\" \/>\n\t<meta property=\"og:image:width\" content=\"905\" \/>\n\t<meta property=\"og:image:height\" content=\"500\" \/>\n\t<meta property=\"og:image:type\" content=\"image\/jpeg\" \/>\n<meta name=\"author\" content=\"ch_admin\" \/>\n<meta name=\"twitter:card\" content=\"summary_large_image\" \/>\n<meta name=\"twitter:creator\" content=\"@compacthabit2\" \/>\n<meta name=\"twitter:site\" content=\"@compacthabit2\" \/>\n<meta name=\"twitter:label1\" content=\"Written by\" \/>\n\t<meta name=\"twitter:data1\" content=\"ch_admin\" \/>\n\t<meta name=\"twitter:label2\" content=\"Est. reading time\" \/>\n\t<meta name=\"twitter:data2\" content=\"2 minutes\" \/>\n<script type=\"application\/ld+json\" class=\"yoast-schema-graph\">{\"@context\":\"https:\/\/schema.org\",\"@graph\":[{\"@type\":\"WebPage\",\"@id\":\"https:\/\/www.compacthabit.com\/ca\/2024\/10\/02\/compacthabit-15-anys-construint-edificis-amb-moduls-tridimensionals-de-formigo\/\",\"url\":\"https:\/\/www.compacthabit.com\/ca\/2024\/10\/02\/compacthabit-15-anys-construint-edificis-amb-moduls-tridimensionals-de-formigo\/\",\"name\":\"CompactHabit: 15 anys Construint Edificis amb M\u00f2duls Tridimensionals de Formig\u00f3 - Compact Habit\",\"isPartOf\":{\"@id\":\"https:\/\/www.compacthabit.com\/ca\/fr\/#website\"},\"primaryImageOfPage\":{\"@id\":\"https:\/\/www.compacthabit.com\/ca\/2024\/10\/02\/compacthabit-15-anys-construint-edificis-amb-moduls-tridimensionals-de-formigo\/#primaryimage\"},\"image\":{\"@id\":\"https:\/\/www.compacthabit.com\/ca\/2024\/10\/02\/compacthabit-15-anys-construint-edificis-amb-moduls-tridimensionals-de-formigo\/#primaryimage\"},\"thumbnailUrl\":\"https:\/\/www.compacthabit.com\/wp-content\/uploads\/2024\/09\/15-anys-d-innovacio-en-Construccio-Modular.jpg\",\"datePublished\":\"2024-10-02T06:41:45+00:00\",\"dateModified\":\"2024-12-16T13:46:04+00:00\",\"author\":{\"@id\":\"https:\/\/www.compacthabit.com\/ca\/fr\/#\/schema\/person\/07a97d7adc0f27cd30c1f5760373210a\"},\"description\":\"CompactHabit celebra 15 anys d'experi\u00e8ncia en la construcci\u00f3 d'edificis modulars de formig\u00f3! Descobreix m\u00e9s sobre aquesta fita i els nostres projectes destacats. Clica per llegir tota la not\u00edcia.\",\"breadcrumb\":{\"@id\":\"https:\/\/www.compacthabit.com\/ca\/2024\/10\/02\/compacthabit-15-anys-construint-edificis-amb-moduls-tridimensionals-de-formigo\/#breadcrumb\"},\"inLanguage\":\"ca-ES\",\"potentialAction\":[{\"@type\":\"ReadAction\",\"target\":[\"https:\/\/www.compacthabit.com\/ca\/2024\/10\/02\/compacthabit-15-anys-construint-edificis-amb-moduls-tridimensionals-de-formigo\/\"]}]},{\"@type\":\"ImageObject\",\"inLanguage\":\"ca-ES\",\"@id\":\"https:\/\/www.compacthabit.com\/ca\/2024\/10\/02\/compacthabit-15-anys-construint-edificis-amb-moduls-tridimensionals-de-formigo\/#primaryimage\",\"url\":\"https:\/\/www.compacthabit.com\/wp-content\/uploads\/2024\/09\/15-anys-d-innovacio-en-Construccio-Modular.jpg\",\"contentUrl\":\"https:\/\/www.compacthabit.com\/wp-content\/uploads\/2024\/09\/15-anys-d-innovacio-en-Construccio-Modular.jpg\",\"width\":905,\"height\":500},{\"@type\":\"BreadcrumbList\",\"@id\":\"https:\/\/www.compacthabit.com\/ca\/2024\/10\/02\/compacthabit-15-anys-construint-edificis-amb-moduls-tridimensionals-de-formigo\/#breadcrumb\",\"itemListElement\":[{\"@type\":\"ListItem\",\"position\":1,\"name\":\"Portada\",\"item\":\"https:\/\/www.compacthabit.com\/ca\/\"},{\"@type\":\"ListItem\",\"position\":2,\"name\":\"CompactHabit: 15 anys Construint Edificis amb M\u00f2duls Tridimensionals de Formig\u00f3\"}]},{\"@type\":\"WebSite\",\"@id\":\"https:\/\/www.compacthabit.com\/ca\/fr\/#website\",\"url\":\"https:\/\/www.compacthabit.com\/ca\/fr\/\",\"name\":\"Compact Habit\",\"description\":\"\",\"potentialAction\":[{\"@type\":\"SearchAction\",\"target\":{\"@type\":\"EntryPoint\",\"urlTemplate\":\"https:\/\/www.compacthabit.com\/ca\/fr\/?s={search_term_string}\"},\"query-input\":{\"@type\":\"PropertyValueSpecification\",\"valueRequired\":true,\"valueName\":\"search_term_string\"}}],\"inLanguage\":\"ca-ES\"},{\"@type\":\"Person\",\"@id\":\"https:\/\/www.compacthabit.com\/ca\/fr\/#\/schema\/person\/07a97d7adc0f27cd30c1f5760373210a\",\"name\":\"ch_admin\",\"image\":{\"@type\":\"ImageObject\",\"inLanguage\":\"ca-ES\",\"@id\":\"https:\/\/www.compacthabit.com\/ca\/fr\/#\/schema\/person\/image\/\",\"url\":\"https:\/\/secure.gravatar.com\/avatar\/2a392477be346b1b7c89c12855982831?s=96&d=mm&r=g\",\"contentUrl\":\"https:\/\/secure.gravatar.com\/avatar\/2a392477be346b1b7c89c12855982831?s=96&d=mm&r=g\",\"caption\":\"ch_admin\"}}]}<\/script>\n<!-- \/ Yoast SEO plugin. -->","yoast_head_json":{"title":"CompactHabit: 15 anys Construint Edificis amb M\u00f2duls Tridimensionals de Formig\u00f3 - Compact Habit","description":"CompactHabit celebra 15 anys d'experi\u00e8ncia en la construcci\u00f3 d'edificis modulars de formig\u00f3! Descobreix m\u00e9s sobre aquesta fita i els nostres projectes destacats. Clica per llegir tota la not\u00edcia.","robots":{"index":"index","follow":"follow","max-snippet":"max-snippet:-1","max-image-preview":"max-image-preview:large","max-video-preview":"max-video-preview:-1"},"og_locale":"ca_ES","og_type":"article","og_title":"CompactHabit: 15 anys Construint Edificis amb M\u00f2duls Tridimensionals de Formig\u00f3 - Compact Habit","og_description":"CompactHabit celebra 15 anys d'experi\u00e8ncia en la construcci\u00f3 d'edificis modulars de formig\u00f3! Descobreix m\u00e9s sobre aquesta fita i els nostres projectes destacats. Clica per llegir tota la not\u00edcia.","og_url":"https:\/\/www.compacthabit.com\/ca\/2024\/10\/02\/compacthabit-15-anys-construint-edificis-amb-moduls-tridimensionals-de-formigo\/","og_site_name":"Compact Habit","article_publisher":"https:\/\/www.facebook.com\/CompactHabit\/","article_published_time":"2024-10-02T06:41:45+00:00","article_modified_time":"2024-12-16T13:46:04+00:00","og_image":[{"width":905,"height":500,"url":"https:\/\/www.compacthabit.com\/wp-content\/uploads\/2024\/09\/15-anys-d-innovacio-en-Construccio-Modular.jpg?_t=1734356764","type":"image\/jpeg"}],"author":"ch_admin","twitter_card":"summary_large_image","twitter_creator":"@compacthabit2","twitter_site":"@compacthabit2","twitter_misc":{"Written by":"ch_admin","Est. reading time":"2 minutes"},"schema":{"@context":"https:\/\/schema.org","@graph":[{"@type":"WebPage","@id":"https:\/\/www.compacthabit.com\/ca\/2024\/10\/02\/compacthabit-15-anys-construint-edificis-amb-moduls-tridimensionals-de-formigo\/","url":"https:\/\/www.compacthabit.com\/ca\/2024\/10\/02\/compacthabit-15-anys-construint-edificis-amb-moduls-tridimensionals-de-formigo\/","name":"CompactHabit: 15 anys Construint Edificis amb M\u00f2duls Tridimensionals de Formig\u00f3 - Compact Habit","isPartOf":{"@id":"https:\/\/www.compacthabit.com\/ca\/fr\/#website"},"primaryImageOfPage":{"@id":"https:\/\/www.compacthabit.com\/ca\/2024\/10\/02\/compacthabit-15-anys-construint-edificis-amb-moduls-tridimensionals-de-formigo\/#primaryimage"},"image":{"@id":"https:\/\/www.compacthabit.com\/ca\/2024\/10\/02\/compacthabit-15-anys-construint-edificis-amb-moduls-tridimensionals-de-formigo\/#primaryimage"},"thumbnailUrl":"https:\/\/www.compacthabit.com\/wp-content\/uploads\/2024\/09\/15-anys-d-innovacio-en-Construccio-Modular.jpg","datePublished":"2024-10-02T06:41:45+00:00","dateModified":"2024-12-16T13:46:04+00:00","author":{"@id":"https:\/\/www.compacthabit.com\/ca\/fr\/#\/schema\/person\/07a97d7adc0f27cd30c1f5760373210a"},"description":"CompactHabit celebra 15 anys d'experi\u00e8ncia en la construcci\u00f3 d'edificis modulars de formig\u00f3! Descobreix m\u00e9s sobre aquesta fita i els nostres projectes destacats. Clica per llegir tota la not\u00edcia.","breadcrumb":{"@id":"https:\/\/www.compacthabit.com\/ca\/2024\/10\/02\/compacthabit-15-anys-construint-edificis-amb-moduls-tridimensionals-de-formigo\/#breadcrumb"},"inLanguage":"ca-ES","potentialAction":[{"@type":"ReadAction","target":["https:\/\/www.compacthabit.com\/ca\/2024\/10\/02\/compacthabit-15-anys-construint-edificis-amb-moduls-tridimensionals-de-formigo\/"]}]},{"@type":"ImageObject","inLanguage":"ca-ES","@id":"https:\/\/www.compacthabit.com\/ca\/2024\/10\/02\/compacthabit-15-anys-construint-edificis-amb-moduls-tridimensionals-de-formigo\/#primaryimage","url":"https:\/\/www.compacthabit.com\/wp-content\/uploads\/2024\/09\/15-anys-d-innovacio-en-Construccio-Modular.jpg","contentUrl":"https:\/\/www.compacthabit.com\/wp-content\/uploads\/2024\/09\/15-anys-d-innovacio-en-Construccio-Modular.jpg","width":905,"height":500},{"@type":"BreadcrumbList","@id":"https:\/\/www.compacthabit.com\/ca\/2024\/10\/02\/compacthabit-15-anys-construint-edificis-amb-moduls-tridimensionals-de-formigo\/#breadcrumb","itemListElement":[{"@type":"ListItem","position":1,"name":"Portada","item":"https:\/\/www.compacthabit.com\/ca\/"},{"@type":"ListItem","position":2,"name":"CompactHabit: 15 anys Construint Edificis amb M\u00f2duls Tridimensionals de Formig\u00f3"}]},{"@type":"WebSite","@id":"https:\/\/www.compacthabit.com\/ca\/fr\/#website","url":"https:\/\/www.compacthabit.com\/ca\/fr\/","name":"Compact Habit","description":"","potentialAction":[{"@type":"SearchAction","target":{"@type":"EntryPoint","urlTemplate":"https:\/\/www.compacthabit.com\/ca\/fr\/?s={search_term_string}"},"query-input":{"@type":"PropertyValueSpecification","valueRequired":true,"valueName":"search_term_string"}}],"inLanguage":"ca-ES"},{"@type":"Person","@id":"https:\/\/www.compacthabit.com\/ca\/fr\/#\/schema\/person\/07a97d7adc0f27cd30c1f5760373210a","name":"ch_admin","image":{"@type":"ImageObject","inLanguage":"ca-ES","@id":"https:\/\/www.compacthabit.com\/ca\/fr\/#\/schema\/person\/image\/","url":"https:\/\/secure.gravatar.com\/avatar\/2a392477be346b1b7c89c12855982831?s=96&d=mm&r=g","contentUrl":"https:\/\/secure.gravatar.com\/avatar\/2a392477be346b1b7c89c12855982831?s=96&d=mm&r=g","caption":"ch_admin"}}]}},"_links":{"self":[{"href":"https:\/\/www.compacthabit.com\/ca\/wp-json\/wp\/v2\/posts\/7764","targetHints":{"allow":["GET"]}}],"collection":[{"href":"https:\/\/www.compacthabit.com\/ca\/wp-json\/wp\/v2\/posts"}],"about":[{"href":"https:\/\/www.compacthabit.com\/ca\/wp-json\/wp\/v2\/types\/post"}],"author":[{"embeddable":true,"href":"https:\/\/www.compacthabit.com\/ca\/wp-json\/wp\/v2\/users\/1"}],"replies":[{"embeddable":true,"href":"https:\/\/www.compacthabit.com\/ca\/wp-json\/wp\/v2\/comments?post=7764"}],"version-history":[{"count":13,"href":"https:\/\/www.compacthabit.com\/ca\/wp-json\/wp\/v2\/posts\/7764\/revisions"}],"predecessor-version":[{"id":8012,"href":"https:\/\/www.compacthabit.com\/ca\/wp-json\/wp\/v2\/posts\/7764\/revisions\/8012"}],"wp:featuredmedia":[{"embeddable":true,"href":"https:\/\/www.compacthabit.com\/ca\/wp-json\/wp\/v2\/media\/7766"}],"wp:attachment":[{"href":"https:\/\/www.compacthabit.com\/ca\/wp-json\/wp\/v2\/media?parent=7764"}],"wp:term":[{"taxonomy":"category","embeddable":true,"href":"https:\/\/www.compacthabit.com\/ca\/wp-json\/wp\/v2\/categories?post=7764"},{"taxonomy":"post_tag","embeddable":true,"href":"https:\/\/www.compacthabit.com\/ca\/wp-json\/wp\/v2\/tags?post=7764"}],"curies":[{"name":"wp","href":"https:\/\/api.w.org\/{rel}","templated":true}]}}