{"id":7515,"date":"2023-03-14T14:48:26","date_gmt":"2023-03-14T14:48:26","guid":{"rendered":"https:\/\/www.compacthabit.com\/?p=7515"},"modified":"2024-08-08T10:20:39","modified_gmt":"2024-08-08T10:20:39","slug":"compact-habit-en-el-master-direccio-dempreses-immobiliaries-innovadores-mdeii-5a-edicio","status":"publish","type":"post","link":"https:\/\/www.compacthabit.com\/ca\/2023\/03\/14\/compact-habit-en-el-master-direccio-dempreses-immobiliaries-innovadores-mdeii-5a-edicio\/","title":{"rendered":"COMPACTHABIT en el M\u00e0ster: DIRECCI\u00d3 D&#8217;EMPRESES IMMOBILI\u00c0RIES INNOVADORES (MDEI+I) \u2013 5a EDICI\u00d3"},"content":{"rendered":"<div class=\"traductor-textarea form-group\">\n<div class=\"textarea-desti col-xs-12 col-sm-6\">\n<div class=\"form-control second-textarea\">El dia 8 de mar\u00e7, els participants en el m\u00e0ster, van visitar les nostres instal\u00b7lacions a Cardona, organitzant una primera visita al prototip d&#8217;habitatge de 45 m\u00b2, premiada en Construmat 2007, que va donar origen a l&#8217;emprenedoria de l&#8217;empresa i construcci\u00f3 de la f\u00e0brica actual amb 7500 m\u00b2, situada en un recinte de 45.000 m\u00b2.<\/div>\n<div><\/div>\n<div class=\"form-control second-textarea\">Despr\u00e9s es va procedir a realitzar una pon\u00e8ncia explicativa per part de Miguel Morte, director d&#8217;Innovaci\u00f3, en la qual es van exposar les metodologies de treball durant el projecte, contractaci\u00f3, avantatges i criteris per a l&#8217;elecci\u00f3 de sistemes. Tamb\u00e9 es van donar a con\u00e8ixer les caracter\u00edstiques dels 3 sistemes constructius eMii que ha desenvolupat COMPACT HABIT, mostrant exemples d&#8217;edificis constru\u00efts i la seva evoluci\u00f3.<\/div>\n<div><\/div>\n<div class=\"form-control second-textarea\">A continuaci\u00f3, es va fer una visita a f\u00e0brica i campa exterior descrivint els processos constructius i destacant l&#8217;agilitat dels sistemes 3D. Es va presentar l&#8217;\u00faltima novetat en el nostre desenvolupament, que \u00e9s el sistema eMii amb pilars de formig\u00f3, amb el qual s&#8217;est\u00e0 construint actualment un edifici d&#8217;habitatges de PB + 8PP.<\/div>\n<\/div>\n<\/div>\n<div class=\"traductor-checkbox form-group\">\n<div class=\"row\">\n<div class=\"col-sm-offset-2 col-sm-5\"><\/div>\n<\/div>\n<\/div>\n","protected":false},"excerpt":{"rendered":"<p>El dia 8 de mar\u00e7, els participants en el m\u00e0ster, van visitar les nostres instal\u00b7lacions a Cardona, organitzant una primera visita al prototip d&#8217;habitatge de 45<span class=\"excerpt-hellip\"> [\u2026]<\/span><\/p>\n","protected":false},"author":1,"featured_media":7673,"comment_status":"closed","ping_status":"closed","sticky":false,"template":"","format":"image","meta":{"_acf_changed":false,"_monsterinsights_skip_tracking":false,"_monsterinsights_sitenote_active":false,"_monsterinsights_sitenote_note":"","_monsterinsights_sitenote_category":0,"footnotes":""},"categories":[46],"tags":[],"class_list":["post-7515","post","type-post","status-publish","format-image","has-post-thumbnail","hentry","category-blog","post_format-post-format-image"],"acf":[],"yoast_head":"<!-- This site is optimized with the Yoast SEO plugin v26.0 - https:\/\/yoast.com\/wordpress\/plugins\/seo\/ -->\n<title>COMPACTHABIT en el M\u00e0ster: DIRECCI\u00d3 D&#039;EMPRESES IMMOBILI\u00c0RIES INNOVADORES (MDEI+I) \u2013 5a EDICI\u00d3 - Compact Habit<\/title>\n<meta name=\"robots\" content=\"index, follow, max-snippet:-1, max-image-preview:large, max-video-preview:-1\" \/>\n<meta property=\"og:locale\" content=\"ca_ES\" \/>\n<meta property=\"og:type\" content=\"article\" \/>\n<meta property=\"og:title\" content=\"COMPACTHABIT en el M\u00e0ster: DIRECCI\u00d3 D&#039;EMPRESES IMMOBILI\u00c0RIES INNOVADORES (MDEI+I) \u2013 5a EDICI\u00d3 - Compact Habit\" \/>\n<meta property=\"og:description\" content=\"El dia 8 de mar\u00e7, els participants en el m\u00e0ster, van visitar les nostres instal\u00b7lacions a Cardona, organitzant una primera visita al prototip d&#8217;habitatge de 45 [\u2026]\" \/>\n<meta property=\"og:url\" content=\"https:\/\/www.compacthabit.com\/ca\/2023\/03\/14\/compact-habit-en-el-master-direccio-dempreses-immobiliaries-innovadores-mdeii-5a-edicio\/\" \/>\n<meta property=\"og:site_name\" content=\"Compact Habit\" \/>\n<meta property=\"article:publisher\" content=\"https:\/\/www.facebook.com\/CompactHabit\/\" \/>\n<meta property=\"article:published_time\" content=\"2023-03-14T14:48:26+00:00\" \/>\n<meta property=\"article:modified_time\" content=\"2024-08-08T10:20:39+00:00\" \/>\n<meta property=\"og:image\" content=\"https:\/\/www.compacthabit.com\/wp-content\/uploads\/2023\/03\/Sense-titol-905-x-550-px-905-x-500-px-3.jpg?_t=1723112439\" \/>\n\t<meta property=\"og:image:width\" content=\"905\" \/>\n\t<meta property=\"og:image:height\" content=\"500\" \/>\n\t<meta property=\"og:image:type\" content=\"image\/jpeg\" \/>\n<meta name=\"author\" content=\"ch_admin\" \/>\n<meta name=\"twitter:card\" content=\"summary_large_image\" \/>\n<meta name=\"twitter:creator\" content=\"@compacthabit2\" \/>\n<meta name=\"twitter:site\" content=\"@compacthabit2\" \/>\n<meta name=\"twitter:label1\" content=\"Written by\" \/>\n\t<meta name=\"twitter:data1\" content=\"ch_admin\" \/>\n\t<meta name=\"twitter:label2\" content=\"Est. reading time\" \/>\n\t<meta name=\"twitter:data2\" content=\"1 minute\" \/>\n<script type=\"application\/ld+json\" class=\"yoast-schema-graph\">{\"@context\":\"https:\/\/schema.org\",\"@graph\":[{\"@type\":\"WebPage\",\"@id\":\"https:\/\/www.compacthabit.com\/ca\/2023\/03\/14\/compact-habit-en-el-master-direccio-dempreses-immobiliaries-innovadores-mdeii-5a-edicio\/\",\"url\":\"https:\/\/www.compacthabit.com\/ca\/2023\/03\/14\/compact-habit-en-el-master-direccio-dempreses-immobiliaries-innovadores-mdeii-5a-edicio\/\",\"name\":\"COMPACTHABIT en el M\u00e0ster: DIRECCI\u00d3 D'EMPRESES IMMOBILI\u00c0RIES INNOVADORES (MDEI+I) \u2013 5a EDICI\u00d3 - Compact Habit\",\"isPartOf\":{\"@id\":\"https:\/\/www.compacthabit.com\/ca\/fr\/#website\"},\"primaryImageOfPage\":{\"@id\":\"https:\/\/www.compacthabit.com\/ca\/2023\/03\/14\/compact-habit-en-el-master-direccio-dempreses-immobiliaries-innovadores-mdeii-5a-edicio\/#primaryimage\"},\"image\":{\"@id\":\"https:\/\/www.compacthabit.com\/ca\/2023\/03\/14\/compact-habit-en-el-master-direccio-dempreses-immobiliaries-innovadores-mdeii-5a-edicio\/#primaryimage\"},\"thumbnailUrl\":\"https:\/\/www.compacthabit.com\/wp-content\/uploads\/2023\/03\/Sense-titol-905-x-550-px-905-x-500-px-3.jpg\",\"datePublished\":\"2023-03-14T14:48:26+00:00\",\"dateModified\":\"2024-08-08T10:20:39+00:00\",\"author\":{\"@id\":\"https:\/\/www.compacthabit.com\/ca\/fr\/#\/schema\/person\/07a97d7adc0f27cd30c1f5760373210a\"},\"breadcrumb\":{\"@id\":\"https:\/\/www.compacthabit.com\/ca\/2023\/03\/14\/compact-habit-en-el-master-direccio-dempreses-immobiliaries-innovadores-mdeii-5a-edicio\/#breadcrumb\"},\"inLanguage\":\"ca-ES\",\"potentialAction\":[{\"@type\":\"ReadAction\",\"target\":[\"https:\/\/www.compacthabit.com\/ca\/2023\/03\/14\/compact-habit-en-el-master-direccio-dempreses-immobiliaries-innovadores-mdeii-5a-edicio\/\"]}]},{\"@type\":\"ImageObject\",\"inLanguage\":\"ca-ES\",\"@id\":\"https:\/\/www.compacthabit.com\/ca\/2023\/03\/14\/compact-habit-en-el-master-direccio-dempreses-immobiliaries-innovadores-mdeii-5a-edicio\/#primaryimage\",\"url\":\"https:\/\/www.compacthabit.com\/wp-content\/uploads\/2023\/03\/Sense-titol-905-x-550-px-905-x-500-px-3.jpg\",\"contentUrl\":\"https:\/\/www.compacthabit.com\/wp-content\/uploads\/2023\/03\/Sense-titol-905-x-550-px-905-x-500-px-3.jpg\",\"width\":905,\"height\":500,\"caption\":\"COMPACT HABIT en el Master: DIRECCI\u00d3N DE EMPRESAS INMOBILIARIAS INNOVADORAS (MDEI+I) \u2013 5\u00aa EDICI\u00d3N\"},{\"@type\":\"BreadcrumbList\",\"@id\":\"https:\/\/www.compacthabit.com\/ca\/2023\/03\/14\/compact-habit-en-el-master-direccio-dempreses-immobiliaries-innovadores-mdeii-5a-edicio\/#breadcrumb\",\"itemListElement\":[{\"@type\":\"ListItem\",\"position\":1,\"name\":\"Portada\",\"item\":\"https:\/\/www.compacthabit.com\/ca\/\"},{\"@type\":\"ListItem\",\"position\":2,\"name\":\"COMPACTHABIT en el M\u00e0ster: DIRECCI\u00d3 D&#8217;EMPRESES IMMOBILI\u00c0RIES INNOVADORES (MDEI+I) \u2013 5a EDICI\u00d3\"}]},{\"@type\":\"WebSite\",\"@id\":\"https:\/\/www.compacthabit.com\/ca\/fr\/#website\",\"url\":\"https:\/\/www.compacthabit.com\/ca\/fr\/\",\"name\":\"Compact Habit\",\"description\":\"\",\"potentialAction\":[{\"@type\":\"SearchAction\",\"target\":{\"@type\":\"EntryPoint\",\"urlTemplate\":\"https:\/\/www.compacthabit.com\/ca\/fr\/?s={search_term_string}\"},\"query-input\":{\"@type\":\"PropertyValueSpecification\",\"valueRequired\":true,\"valueName\":\"search_term_string\"}}],\"inLanguage\":\"ca-ES\"},{\"@type\":\"Person\",\"@id\":\"https:\/\/www.compacthabit.com\/ca\/fr\/#\/schema\/person\/07a97d7adc0f27cd30c1f5760373210a\",\"name\":\"ch_admin\",\"image\":{\"@type\":\"ImageObject\",\"inLanguage\":\"ca-ES\",\"@id\":\"https:\/\/www.compacthabit.com\/ca\/fr\/#\/schema\/person\/image\/\",\"url\":\"https:\/\/secure.gravatar.com\/avatar\/2a392477be346b1b7c89c12855982831?s=96&d=mm&r=g\",\"contentUrl\":\"https:\/\/secure.gravatar.com\/avatar\/2a392477be346b1b7c89c12855982831?s=96&d=mm&r=g\",\"caption\":\"ch_admin\"}}]}<\/script>\n<!-- \/ Yoast SEO plugin. -->","yoast_head_json":{"title":"COMPACTHABIT en el M\u00e0ster: DIRECCI\u00d3 D'EMPRESES IMMOBILI\u00c0RIES INNOVADORES (MDEI+I) \u2013 5a EDICI\u00d3 - Compact Habit","robots":{"index":"index","follow":"follow","max-snippet":"max-snippet:-1","max-image-preview":"max-image-preview:large","max-video-preview":"max-video-preview:-1"},"og_locale":"ca_ES","og_type":"article","og_title":"COMPACTHABIT en el M\u00e0ster: DIRECCI\u00d3 D'EMPRESES IMMOBILI\u00c0RIES INNOVADORES (MDEI+I) \u2013 5a EDICI\u00d3 - Compact Habit","og_description":"El dia 8 de mar\u00e7, els participants en el m\u00e0ster, van visitar les nostres instal\u00b7lacions a Cardona, organitzant una primera visita al prototip d&#8217;habitatge de 45 [\u2026]","og_url":"https:\/\/www.compacthabit.com\/ca\/2023\/03\/14\/compact-habit-en-el-master-direccio-dempreses-immobiliaries-innovadores-mdeii-5a-edicio\/","og_site_name":"Compact Habit","article_publisher":"https:\/\/www.facebook.com\/CompactHabit\/","article_published_time":"2023-03-14T14:48:26+00:00","article_modified_time":"2024-08-08T10:20:39+00:00","og_image":[{"width":905,"height":500,"url":"https:\/\/www.compacthabit.com\/wp-content\/uploads\/2023\/03\/Sense-titol-905-x-550-px-905-x-500-px-3.jpg?_t=1723112439","type":"image\/jpeg"}],"author":"ch_admin","twitter_card":"summary_large_image","twitter_creator":"@compacthabit2","twitter_site":"@compacthabit2","twitter_misc":{"Written by":"ch_admin","Est. reading time":"1 minute"},"schema":{"@context":"https:\/\/schema.org","@graph":[{"@type":"WebPage","@id":"https:\/\/www.compacthabit.com\/ca\/2023\/03\/14\/compact-habit-en-el-master-direccio-dempreses-immobiliaries-innovadores-mdeii-5a-edicio\/","url":"https:\/\/www.compacthabit.com\/ca\/2023\/03\/14\/compact-habit-en-el-master-direccio-dempreses-immobiliaries-innovadores-mdeii-5a-edicio\/","name":"COMPACTHABIT en el M\u00e0ster: DIRECCI\u00d3 D'EMPRESES IMMOBILI\u00c0RIES INNOVADORES (MDEI+I) \u2013 5a EDICI\u00d3 - Compact Habit","isPartOf":{"@id":"https:\/\/www.compacthabit.com\/ca\/fr\/#website"},"primaryImageOfPage":{"@id":"https:\/\/www.compacthabit.com\/ca\/2023\/03\/14\/compact-habit-en-el-master-direccio-dempreses-immobiliaries-innovadores-mdeii-5a-edicio\/#primaryimage"},"image":{"@id":"https:\/\/www.compacthabit.com\/ca\/2023\/03\/14\/compact-habit-en-el-master-direccio-dempreses-immobiliaries-innovadores-mdeii-5a-edicio\/#primaryimage"},"thumbnailUrl":"https:\/\/www.compacthabit.com\/wp-content\/uploads\/2023\/03\/Sense-titol-905-x-550-px-905-x-500-px-3.jpg","datePublished":"2023-03-14T14:48:26+00:00","dateModified":"2024-08-08T10:20:39+00:00","author":{"@id":"https:\/\/www.compacthabit.com\/ca\/fr\/#\/schema\/person\/07a97d7adc0f27cd30c1f5760373210a"},"breadcrumb":{"@id":"https:\/\/www.compacthabit.com\/ca\/2023\/03\/14\/compact-habit-en-el-master-direccio-dempreses-immobiliaries-innovadores-mdeii-5a-edicio\/#breadcrumb"},"inLanguage":"ca-ES","potentialAction":[{"@type":"ReadAction","target":["https:\/\/www.compacthabit.com\/ca\/2023\/03\/14\/compact-habit-en-el-master-direccio-dempreses-immobiliaries-innovadores-mdeii-5a-edicio\/"]}]},{"@type":"ImageObject","inLanguage":"ca-ES","@id":"https:\/\/www.compacthabit.com\/ca\/2023\/03\/14\/compact-habit-en-el-master-direccio-dempreses-immobiliaries-innovadores-mdeii-5a-edicio\/#primaryimage","url":"https:\/\/www.compacthabit.com\/wp-content\/uploads\/2023\/03\/Sense-titol-905-x-550-px-905-x-500-px-3.jpg","contentUrl":"https:\/\/www.compacthabit.com\/wp-content\/uploads\/2023\/03\/Sense-titol-905-x-550-px-905-x-500-px-3.jpg","width":905,"height":500,"caption":"COMPACT HABIT en el Master: DIRECCI\u00d3N DE EMPRESAS INMOBILIARIAS INNOVADORAS (MDEI+I) \u2013 5\u00aa EDICI\u00d3N"},{"@type":"BreadcrumbList","@id":"https:\/\/www.compacthabit.com\/ca\/2023\/03\/14\/compact-habit-en-el-master-direccio-dempreses-immobiliaries-innovadores-mdeii-5a-edicio\/#breadcrumb","itemListElement":[{"@type":"ListItem","position":1,"name":"Portada","item":"https:\/\/www.compacthabit.com\/ca\/"},{"@type":"ListItem","position":2,"name":"COMPACTHABIT en el M\u00e0ster: DIRECCI\u00d3 D&#8217;EMPRESES IMMOBILI\u00c0RIES INNOVADORES (MDEI+I) \u2013 5a EDICI\u00d3"}]},{"@type":"WebSite","@id":"https:\/\/www.compacthabit.com\/ca\/fr\/#website","url":"https:\/\/www.compacthabit.com\/ca\/fr\/","name":"Compact Habit","description":"","potentialAction":[{"@type":"SearchAction","target":{"@type":"EntryPoint","urlTemplate":"https:\/\/www.compacthabit.com\/ca\/fr\/?s={search_term_string}"},"query-input":{"@type":"PropertyValueSpecification","valueRequired":true,"valueName":"search_term_string"}}],"inLanguage":"ca-ES"},{"@type":"Person","@id":"https:\/\/www.compacthabit.com\/ca\/fr\/#\/schema\/person\/07a97d7adc0f27cd30c1f5760373210a","name":"ch_admin","image":{"@type":"ImageObject","inLanguage":"ca-ES","@id":"https:\/\/www.compacthabit.com\/ca\/fr\/#\/schema\/person\/image\/","url":"https:\/\/secure.gravatar.com\/avatar\/2a392477be346b1b7c89c12855982831?s=96&d=mm&r=g","contentUrl":"https:\/\/secure.gravatar.com\/avatar\/2a392477be346b1b7c89c12855982831?s=96&d=mm&r=g","caption":"ch_admin"}}]}},"_links":{"self":[{"href":"https:\/\/www.compacthabit.com\/ca\/wp-json\/wp\/v2\/posts\/7515","targetHints":{"allow":["GET"]}}],"collection":[{"href":"https:\/\/www.compacthabit.com\/ca\/wp-json\/wp\/v2\/posts"}],"about":[{"href":"https:\/\/www.compacthabit.com\/ca\/wp-json\/wp\/v2\/types\/post"}],"author":[{"embeddable":true,"href":"https:\/\/www.compacthabit.com\/ca\/wp-json\/wp\/v2\/users\/1"}],"replies":[{"embeddable":true,"href":"https:\/\/www.compacthabit.com\/ca\/wp-json\/wp\/v2\/comments?post=7515"}],"version-history":[{"count":2,"href":"https:\/\/www.compacthabit.com\/ca\/wp-json\/wp\/v2\/posts\/7515\/revisions"}],"predecessor-version":[{"id":7720,"href":"https:\/\/www.compacthabit.com\/ca\/wp-json\/wp\/v2\/posts\/7515\/revisions\/7720"}],"wp:featuredmedia":[{"embeddable":true,"href":"https:\/\/www.compacthabit.com\/ca\/wp-json\/wp\/v2\/media\/7673"}],"wp:attachment":[{"href":"https:\/\/www.compacthabit.com\/ca\/wp-json\/wp\/v2\/media?parent=7515"}],"wp:term":[{"taxonomy":"category","embeddable":true,"href":"https:\/\/www.compacthabit.com\/ca\/wp-json\/wp\/v2\/categories?post=7515"},{"taxonomy":"post_tag","embeddable":true,"href":"https:\/\/www.compacthabit.com\/ca\/wp-json\/wp\/v2\/tags?post=7515"}],"curies":[{"name":"wp","href":"https:\/\/api.w.org\/{rel}","templated":true}]}}