{"id":7338,"date":"2022-07-19T14:23:28","date_gmt":"2022-07-19T14:23:28","guid":{"rendered":"https:\/\/www.compacthabit.com\/?p=7338"},"modified":"2024-08-08T10:21:07","modified_gmt":"2024-08-08T10:21:07","slug":"compact-habit-al-curs-darquitectures-modulars-aplicades-a-lhabitatge","status":"publish","type":"post","link":"https:\/\/www.compacthabit.com\/ca\/2022\/07\/19\/compact-habit-al-curs-darquitectures-modulars-aplicades-a-lhabitatge\/","title":{"rendered":"CompactHabit al Curs d&#8217;Arquitectures modulars Aplicades a l&#8217;Habitatge"},"content":{"rendered":"<p>El Director d\u2019Innovaci\u00f3 de CompactHabit i Arquitecte Miguel Morte Morales, que forma part de l\u2019equip docent de l\u2019Escola Sert, va fer una presentaci\u00f3 del sistema tridimensional de CompactHabit a l\u2019Escola Sert dins del \u2018Curs d\u2019Arquitectures Modulars Aplicades a l\u2019Habitatge\u2019 que ha estat dirigit per Jon Begiristain, David Ju\u00e1rez Latimer i Gerardo Wadel.<br \/>\nLa pon\u00e8ncia es va centrar en l&#8217;explicaci\u00f3 dels diferents sistemes constructius modulars que t\u00e9 Compact Habit i que permeten una f\u00e0cil adaptaci\u00f3 tant a edificis destinats a habitatge com a qualsevol altre \u00fas.<br \/>\n\u00c9s una ferma aposta de CompactHabit pels sistemes 3D en cont\u00ednua evoluci\u00f3, adaptant-se als condicionants de cada projecte, fugint de la sistematitzaci\u00f3 de cat\u00e0leg mitjan\u00e7ant un proc\u00e9s de treball col\u00b7laboratiu amb tots els agents implicats en el projecte que permet arribar a l&#8217;objectiu, relacionant la metodologia de disseny arquitect\u00f2nic amb les q\u00fcestions constructives, mediambientals i econ\u00f2miques.<\/p>\n","protected":false},"excerpt":{"rendered":"<p>El Director d\u2019Innovaci\u00f3 de CompactHabit i Arquitecte Miguel Morte Morales, que forma part de l\u2019equip docent de l\u2019Escola Sert, va fer una presentaci\u00f3 del sistema tridimensional<span class=\"excerpt-hellip\"> [\u2026]<\/span><\/p>\n","protected":false},"author":1,"featured_media":7681,"comment_status":"closed","ping_status":"closed","sticky":false,"template":"","format":"standard","meta":{"_acf_changed":false,"_monsterinsights_skip_tracking":false,"_monsterinsights_sitenote_active":false,"_monsterinsights_sitenote_note":"","_monsterinsights_sitenote_category":0,"footnotes":""},"categories":[46],"tags":[],"class_list":["post-7338","post","type-post","status-publish","format-standard","has-post-thumbnail","hentry","category-blog"],"acf":[],"yoast_head":"<!-- This site is optimized with the Yoast SEO plugin v26.0 - https:\/\/yoast.com\/wordpress\/plugins\/seo\/ -->\n<title>CompactHabit al Curs d&#039;Arquitectures modulars Aplicades a l&#039;Habitatge - Compact Habit<\/title>\n<meta name=\"robots\" content=\"index, follow, max-snippet:-1, max-image-preview:large, max-video-preview:-1\" \/>\n<meta property=\"og:locale\" content=\"ca_ES\" \/>\n<meta property=\"og:type\" content=\"article\" \/>\n<meta property=\"og:title\" content=\"CompactHabit al Curs d&#039;Arquitectures modulars Aplicades a l&#039;Habitatge - Compact Habit\" \/>\n<meta property=\"og:description\" content=\"El Director d\u2019Innovaci\u00f3 de CompactHabit i Arquitecte Miguel Morte Morales, que forma part de l\u2019equip docent de l\u2019Escola Sert, va fer una presentaci\u00f3 del sistema tridimensional [\u2026]\" \/>\n<meta property=\"og:url\" content=\"https:\/\/www.compacthabit.com\/ca\/2022\/07\/19\/compact-habit-al-curs-darquitectures-modulars-aplicades-a-lhabitatge\/\" \/>\n<meta property=\"og:site_name\" content=\"Compact Habit\" \/>\n<meta property=\"article:publisher\" content=\"https:\/\/www.facebook.com\/CompactHabit\/\" \/>\n<meta property=\"article:published_time\" content=\"2022-07-19T14:23:28+00:00\" \/>\n<meta property=\"article:modified_time\" content=\"2024-08-08T10:21:07+00:00\" \/>\n<meta property=\"og:image\" content=\"https:\/\/www.compacthabit.com\/wp-content\/uploads\/2022\/08\/Sense-titol-905-x-550-px-905-x-500-px-4.jpg?_t=1723112467\" \/>\n\t<meta property=\"og:image:width\" content=\"905\" \/>\n\t<meta property=\"og:image:height\" content=\"500\" \/>\n\t<meta property=\"og:image:type\" content=\"image\/jpeg\" \/>\n<meta name=\"author\" content=\"ch_admin\" \/>\n<meta name=\"twitter:card\" content=\"summary_large_image\" \/>\n<meta name=\"twitter:creator\" content=\"@compacthabit2\" \/>\n<meta name=\"twitter:site\" content=\"@compacthabit2\" \/>\n<meta name=\"twitter:label1\" content=\"Written by\" \/>\n\t<meta name=\"twitter:data1\" content=\"ch_admin\" \/>\n\t<meta name=\"twitter:label2\" content=\"Est. reading time\" \/>\n\t<meta name=\"twitter:data2\" content=\"1 minute\" \/>\n<script type=\"application\/ld+json\" class=\"yoast-schema-graph\">{\"@context\":\"https:\/\/schema.org\",\"@graph\":[{\"@type\":\"WebPage\",\"@id\":\"https:\/\/www.compacthabit.com\/ca\/2022\/07\/19\/compact-habit-al-curs-darquitectures-modulars-aplicades-a-lhabitatge\/\",\"url\":\"https:\/\/www.compacthabit.com\/ca\/2022\/07\/19\/compact-habit-al-curs-darquitectures-modulars-aplicades-a-lhabitatge\/\",\"name\":\"CompactHabit al Curs d'Arquitectures modulars Aplicades a l'Habitatge - Compact Habit\",\"isPartOf\":{\"@id\":\"https:\/\/www.compacthabit.com\/ca\/fr\/#website\"},\"primaryImageOfPage\":{\"@id\":\"https:\/\/www.compacthabit.com\/ca\/2022\/07\/19\/compact-habit-al-curs-darquitectures-modulars-aplicades-a-lhabitatge\/#primaryimage\"},\"image\":{\"@id\":\"https:\/\/www.compacthabit.com\/ca\/2022\/07\/19\/compact-habit-al-curs-darquitectures-modulars-aplicades-a-lhabitatge\/#primaryimage\"},\"thumbnailUrl\":\"https:\/\/www.compacthabit.com\/wp-content\/uploads\/2022\/08\/Sense-titol-905-x-550-px-905-x-500-px-4.jpg\",\"datePublished\":\"2022-07-19T14:23:28+00:00\",\"dateModified\":\"2024-08-08T10:21:07+00:00\",\"author\":{\"@id\":\"https:\/\/www.compacthabit.com\/ca\/fr\/#\/schema\/person\/07a97d7adc0f27cd30c1f5760373210a\"},\"breadcrumb\":{\"@id\":\"https:\/\/www.compacthabit.com\/ca\/2022\/07\/19\/compact-habit-al-curs-darquitectures-modulars-aplicades-a-lhabitatge\/#breadcrumb\"},\"inLanguage\":\"ca-ES\",\"potentialAction\":[{\"@type\":\"ReadAction\",\"target\":[\"https:\/\/www.compacthabit.com\/ca\/2022\/07\/19\/compact-habit-al-curs-darquitectures-modulars-aplicades-a-lhabitatge\/\"]}]},{\"@type\":\"ImageObject\",\"inLanguage\":\"ca-ES\",\"@id\":\"https:\/\/www.compacthabit.com\/ca\/2022\/07\/19\/compact-habit-al-curs-darquitectures-modulars-aplicades-a-lhabitatge\/#primaryimage\",\"url\":\"https:\/\/www.compacthabit.com\/wp-content\/uploads\/2022\/08\/Sense-titol-905-x-550-px-905-x-500-px-4.jpg\",\"contentUrl\":\"https:\/\/www.compacthabit.com\/wp-content\/uploads\/2022\/08\/Sense-titol-905-x-550-px-905-x-500-px-4.jpg\",\"width\":905,\"height\":500,\"caption\":\"three-dimensional Compact Habit system as part of the \u201cCourse on Housing Modular Architectures\\\"\"},{\"@type\":\"BreadcrumbList\",\"@id\":\"https:\/\/www.compacthabit.com\/ca\/2022\/07\/19\/compact-habit-al-curs-darquitectures-modulars-aplicades-a-lhabitatge\/#breadcrumb\",\"itemListElement\":[{\"@type\":\"ListItem\",\"position\":1,\"name\":\"Portada\",\"item\":\"https:\/\/www.compacthabit.com\/ca\/\"},{\"@type\":\"ListItem\",\"position\":2,\"name\":\"CompactHabit al Curs d&#8217;Arquitectures modulars Aplicades a l&#8217;Habitatge\"}]},{\"@type\":\"WebSite\",\"@id\":\"https:\/\/www.compacthabit.com\/ca\/fr\/#website\",\"url\":\"https:\/\/www.compacthabit.com\/ca\/fr\/\",\"name\":\"Compact Habit\",\"description\":\"\",\"potentialAction\":[{\"@type\":\"SearchAction\",\"target\":{\"@type\":\"EntryPoint\",\"urlTemplate\":\"https:\/\/www.compacthabit.com\/ca\/fr\/?s={search_term_string}\"},\"query-input\":{\"@type\":\"PropertyValueSpecification\",\"valueRequired\":true,\"valueName\":\"search_term_string\"}}],\"inLanguage\":\"ca-ES\"},{\"@type\":\"Person\",\"@id\":\"https:\/\/www.compacthabit.com\/ca\/fr\/#\/schema\/person\/07a97d7adc0f27cd30c1f5760373210a\",\"name\":\"ch_admin\",\"image\":{\"@type\":\"ImageObject\",\"inLanguage\":\"ca-ES\",\"@id\":\"https:\/\/www.compacthabit.com\/ca\/fr\/#\/schema\/person\/image\/\",\"url\":\"https:\/\/secure.gravatar.com\/avatar\/2a392477be346b1b7c89c12855982831?s=96&d=mm&r=g\",\"contentUrl\":\"https:\/\/secure.gravatar.com\/avatar\/2a392477be346b1b7c89c12855982831?s=96&d=mm&r=g\",\"caption\":\"ch_admin\"}}]}<\/script>\n<!-- \/ Yoast SEO plugin. -->","yoast_head_json":{"title":"CompactHabit al Curs d'Arquitectures modulars Aplicades a l'Habitatge - Compact Habit","robots":{"index":"index","follow":"follow","max-snippet":"max-snippet:-1","max-image-preview":"max-image-preview:large","max-video-preview":"max-video-preview:-1"},"og_locale":"ca_ES","og_type":"article","og_title":"CompactHabit al Curs d'Arquitectures modulars Aplicades a l'Habitatge - Compact Habit","og_description":"El Director d\u2019Innovaci\u00f3 de CompactHabit i Arquitecte Miguel Morte Morales, que forma part de l\u2019equip docent de l\u2019Escola Sert, va fer una presentaci\u00f3 del sistema tridimensional [\u2026]","og_url":"https:\/\/www.compacthabit.com\/ca\/2022\/07\/19\/compact-habit-al-curs-darquitectures-modulars-aplicades-a-lhabitatge\/","og_site_name":"Compact Habit","article_publisher":"https:\/\/www.facebook.com\/CompactHabit\/","article_published_time":"2022-07-19T14:23:28+00:00","article_modified_time":"2024-08-08T10:21:07+00:00","og_image":[{"width":905,"height":500,"url":"https:\/\/www.compacthabit.com\/wp-content\/uploads\/2022\/08\/Sense-titol-905-x-550-px-905-x-500-px-4.jpg?_t=1723112467","type":"image\/jpeg"}],"author":"ch_admin","twitter_card":"summary_large_image","twitter_creator":"@compacthabit2","twitter_site":"@compacthabit2","twitter_misc":{"Written by":"ch_admin","Est. reading time":"1 minute"},"schema":{"@context":"https:\/\/schema.org","@graph":[{"@type":"WebPage","@id":"https:\/\/www.compacthabit.com\/ca\/2022\/07\/19\/compact-habit-al-curs-darquitectures-modulars-aplicades-a-lhabitatge\/","url":"https:\/\/www.compacthabit.com\/ca\/2022\/07\/19\/compact-habit-al-curs-darquitectures-modulars-aplicades-a-lhabitatge\/","name":"CompactHabit al Curs d'Arquitectures modulars Aplicades a l'Habitatge - Compact Habit","isPartOf":{"@id":"https:\/\/www.compacthabit.com\/ca\/fr\/#website"},"primaryImageOfPage":{"@id":"https:\/\/www.compacthabit.com\/ca\/2022\/07\/19\/compact-habit-al-curs-darquitectures-modulars-aplicades-a-lhabitatge\/#primaryimage"},"image":{"@id":"https:\/\/www.compacthabit.com\/ca\/2022\/07\/19\/compact-habit-al-curs-darquitectures-modulars-aplicades-a-lhabitatge\/#primaryimage"},"thumbnailUrl":"https:\/\/www.compacthabit.com\/wp-content\/uploads\/2022\/08\/Sense-titol-905-x-550-px-905-x-500-px-4.jpg","datePublished":"2022-07-19T14:23:28+00:00","dateModified":"2024-08-08T10:21:07+00:00","author":{"@id":"https:\/\/www.compacthabit.com\/ca\/fr\/#\/schema\/person\/07a97d7adc0f27cd30c1f5760373210a"},"breadcrumb":{"@id":"https:\/\/www.compacthabit.com\/ca\/2022\/07\/19\/compact-habit-al-curs-darquitectures-modulars-aplicades-a-lhabitatge\/#breadcrumb"},"inLanguage":"ca-ES","potentialAction":[{"@type":"ReadAction","target":["https:\/\/www.compacthabit.com\/ca\/2022\/07\/19\/compact-habit-al-curs-darquitectures-modulars-aplicades-a-lhabitatge\/"]}]},{"@type":"ImageObject","inLanguage":"ca-ES","@id":"https:\/\/www.compacthabit.com\/ca\/2022\/07\/19\/compact-habit-al-curs-darquitectures-modulars-aplicades-a-lhabitatge\/#primaryimage","url":"https:\/\/www.compacthabit.com\/wp-content\/uploads\/2022\/08\/Sense-titol-905-x-550-px-905-x-500-px-4.jpg","contentUrl":"https:\/\/www.compacthabit.com\/wp-content\/uploads\/2022\/08\/Sense-titol-905-x-550-px-905-x-500-px-4.jpg","width":905,"height":500,"caption":"three-dimensional Compact Habit system as part of the \u201cCourse on Housing Modular Architectures\""},{"@type":"BreadcrumbList","@id":"https:\/\/www.compacthabit.com\/ca\/2022\/07\/19\/compact-habit-al-curs-darquitectures-modulars-aplicades-a-lhabitatge\/#breadcrumb","itemListElement":[{"@type":"ListItem","position":1,"name":"Portada","item":"https:\/\/www.compacthabit.com\/ca\/"},{"@type":"ListItem","position":2,"name":"CompactHabit al Curs d&#8217;Arquitectures modulars Aplicades a l&#8217;Habitatge"}]},{"@type":"WebSite","@id":"https:\/\/www.compacthabit.com\/ca\/fr\/#website","url":"https:\/\/www.compacthabit.com\/ca\/fr\/","name":"Compact Habit","description":"","potentialAction":[{"@type":"SearchAction","target":{"@type":"EntryPoint","urlTemplate":"https:\/\/www.compacthabit.com\/ca\/fr\/?s={search_term_string}"},"query-input":{"@type":"PropertyValueSpecification","valueRequired":true,"valueName":"search_term_string"}}],"inLanguage":"ca-ES"},{"@type":"Person","@id":"https:\/\/www.compacthabit.com\/ca\/fr\/#\/schema\/person\/07a97d7adc0f27cd30c1f5760373210a","name":"ch_admin","image":{"@type":"ImageObject","inLanguage":"ca-ES","@id":"https:\/\/www.compacthabit.com\/ca\/fr\/#\/schema\/person\/image\/","url":"https:\/\/secure.gravatar.com\/avatar\/2a392477be346b1b7c89c12855982831?s=96&d=mm&r=g","contentUrl":"https:\/\/secure.gravatar.com\/avatar\/2a392477be346b1b7c89c12855982831?s=96&d=mm&r=g","caption":"ch_admin"}}]}},"_links":{"self":[{"href":"https:\/\/www.compacthabit.com\/ca\/wp-json\/wp\/v2\/posts\/7338","targetHints":{"allow":["GET"]}}],"collection":[{"href":"https:\/\/www.compacthabit.com\/ca\/wp-json\/wp\/v2\/posts"}],"about":[{"href":"https:\/\/www.compacthabit.com\/ca\/wp-json\/wp\/v2\/types\/post"}],"author":[{"embeddable":true,"href":"https:\/\/www.compacthabit.com\/ca\/wp-json\/wp\/v2\/users\/1"}],"replies":[{"embeddable":true,"href":"https:\/\/www.compacthabit.com\/ca\/wp-json\/wp\/v2\/comments?post=7338"}],"version-history":[{"count":2,"href":"https:\/\/www.compacthabit.com\/ca\/wp-json\/wp\/v2\/posts\/7338\/revisions"}],"predecessor-version":[{"id":7721,"href":"https:\/\/www.compacthabit.com\/ca\/wp-json\/wp\/v2\/posts\/7338\/revisions\/7721"}],"wp:featuredmedia":[{"embeddable":true,"href":"https:\/\/www.compacthabit.com\/ca\/wp-json\/wp\/v2\/media\/7681"}],"wp:attachment":[{"href":"https:\/\/www.compacthabit.com\/ca\/wp-json\/wp\/v2\/media?parent=7338"}],"wp:term":[{"taxonomy":"category","embeddable":true,"href":"https:\/\/www.compacthabit.com\/ca\/wp-json\/wp\/v2\/categories?post=7338"},{"taxonomy":"post_tag","embeddable":true,"href":"https:\/\/www.compacthabit.com\/ca\/wp-json\/wp\/v2\/tags?post=7338"}],"curies":[{"name":"wp","href":"https:\/\/api.w.org\/{rel}","templated":true}]}}