{"id":7202,"date":"2021-10-13T10:52:57","date_gmt":"2021-10-13T10:52:57","guid":{"rendered":"http:\/\/www.compacthabit.com\/?p=7202"},"modified":"2024-08-05T09:52:08","modified_gmt":"2024-08-05T09:52:08","slug":"lescola-residencia-els-companys-dampans-ja-esta-en-funcionament","status":"publish","type":"post","link":"https:\/\/www.compacthabit.com\/ca\/2021\/10\/13\/lescola-residencia-els-companys-dampans-ja-esta-en-funcionament\/","title":{"rendered":"L\u2019escola-resid\u00e8ncia \u201cEls Companys\u201d d\u2019Ampans ja est\u00e0 en funcionament"},"content":{"rendered":"<p>L\u2019escola-resid\u00e8ncia \u201cEls Companys\u201d d\u2019Ampans, ubicada a Sant Fruit\u00f3s de Bages i constru\u00efda per Constructora d\u2019Aro mitjan\u00e7ant la utilitzaci\u00f3 de m\u00f2duls industrialitzats Compact Habit, ja est\u00e0 ha entrat en funcionament. L\u2019edifici s\u2019ha inaugurat amb 23 usuaris, 17 dels quals resideixen al mateix centre amb Trastorn d\u2019Aspecte Autista (TEA), i est\u00e0 enfocada a infants i joves de 12 a 18 anys.<br \/>\nEl centre d\u00f3na soluci\u00f3 a les necessitats que no estaven cobertes en les propostes d\u2019habitatge actual i permet augmentar la qualitat de vida dels usuaris i els treballadora d\u2019Ampans.<br \/>\nEl projecte ha estat dissenyat pels arquitectes Jaume Espinal, Al\u00edcia Vila i Laura Mart\u00ednez, consta d\u2019un total de 2.335 m2 constru\u00efts i s\u2019han utilitzat 36 m\u00f2duls industrialitzats fabricats al centre de producci\u00f3 de Cardona. <\/p>\n","protected":false},"excerpt":{"rendered":"<p>L\u2019escola-resid\u00e8ncia \u201cEls Companys\u201d d\u2019Ampans, ubicada a Sant Fruit\u00f3s de Bages i constru\u00efda per Constructora d\u2019Aro mitjan\u00e7ant la utilitzaci\u00f3 de m\u00f2duls industrialitzats Compact Habit, ja est\u00e0 ha<span class=\"excerpt-hellip\"> [\u2026]<\/span><\/p>\n","protected":false},"author":1,"featured_media":7696,"comment_status":"closed","ping_status":"closed","sticky":false,"template":"","format":"standard","meta":{"_acf_changed":false,"_monsterinsights_skip_tracking":false,"_monsterinsights_sitenote_active":false,"_monsterinsights_sitenote_note":"","_monsterinsights_sitenote_category":0,"footnotes":""},"categories":[46],"tags":[],"class_list":["post-7202","post","type-post","status-publish","format-standard","has-post-thumbnail","hentry","category-blog"],"acf":[],"yoast_head":"<!-- This site is optimized with the Yoast SEO plugin v26.0 - https:\/\/yoast.com\/wordpress\/plugins\/seo\/ -->\n<title>L\u2019escola-resid\u00e8ncia \u201cEls Companys\u201d d\u2019Ampans ja est\u00e0 en funcionament - Compact Habit<\/title>\n<meta name=\"robots\" content=\"index, follow, max-snippet:-1, max-image-preview:large, max-video-preview:-1\" \/>\n<meta property=\"og:locale\" content=\"ca_ES\" \/>\n<meta property=\"og:type\" content=\"article\" \/>\n<meta property=\"og:title\" content=\"L\u2019escola-resid\u00e8ncia \u201cEls Companys\u201d d\u2019Ampans ja est\u00e0 en funcionament - Compact Habit\" \/>\n<meta property=\"og:description\" content=\"L\u2019escola-resid\u00e8ncia \u201cEls Companys\u201d d\u2019Ampans, ubicada a Sant Fruit\u00f3s de Bages i constru\u00efda per Constructora d\u2019Aro mitjan\u00e7ant la utilitzaci\u00f3 de m\u00f2duls industrialitzats Compact Habit, ja est\u00e0 ha [\u2026]\" \/>\n<meta property=\"og:url\" content=\"https:\/\/www.compacthabit.com\/ca\/2021\/10\/13\/lescola-residencia-els-companys-dampans-ja-esta-en-funcionament\/\" \/>\n<meta property=\"og:site_name\" content=\"Compact Habit\" \/>\n<meta property=\"article:publisher\" content=\"https:\/\/www.facebook.com\/CompactHabit\/\" \/>\n<meta property=\"article:published_time\" content=\"2021-10-13T10:52:57+00:00\" \/>\n<meta property=\"article:modified_time\" content=\"2024-08-05T09:52:08+00:00\" \/>\n<meta property=\"og:image\" content=\"https:\/\/www.compacthabit.com\/wp-content\/uploads\/2021\/10\/Sense-titol-905-x-550-px-905-x-500-px-7.jpg?_t=1722851529\" \/>\n\t<meta property=\"og:image:width\" content=\"905\" \/>\n\t<meta property=\"og:image:height\" content=\"500\" \/>\n\t<meta property=\"og:image:type\" content=\"image\/jpeg\" \/>\n<meta name=\"author\" content=\"ch_admin\" \/>\n<meta name=\"twitter:card\" content=\"summary_large_image\" \/>\n<meta name=\"twitter:creator\" content=\"@compacthabit2\" \/>\n<meta name=\"twitter:site\" content=\"@compacthabit2\" \/>\n<meta name=\"twitter:label1\" content=\"Written by\" \/>\n\t<meta name=\"twitter:data1\" content=\"ch_admin\" \/>\n\t<meta name=\"twitter:label2\" content=\"Est. reading time\" \/>\n\t<meta name=\"twitter:data2\" content=\"1 minute\" \/>\n<script type=\"application\/ld+json\" class=\"yoast-schema-graph\">{\"@context\":\"https:\/\/schema.org\",\"@graph\":[{\"@type\":\"WebPage\",\"@id\":\"https:\/\/www.compacthabit.com\/ca\/2021\/10\/13\/lescola-residencia-els-companys-dampans-ja-esta-en-funcionament\/\",\"url\":\"https:\/\/www.compacthabit.com\/ca\/2021\/10\/13\/lescola-residencia-els-companys-dampans-ja-esta-en-funcionament\/\",\"name\":\"L\u2019escola-resid\u00e8ncia \u201cEls Companys\u201d d\u2019Ampans ja est\u00e0 en funcionament - Compact Habit\",\"isPartOf\":{\"@id\":\"https:\/\/www.compacthabit.com\/ca\/fr\/#website\"},\"primaryImageOfPage\":{\"@id\":\"https:\/\/www.compacthabit.com\/ca\/2021\/10\/13\/lescola-residencia-els-companys-dampans-ja-esta-en-funcionament\/#primaryimage\"},\"image\":{\"@id\":\"https:\/\/www.compacthabit.com\/ca\/2021\/10\/13\/lescola-residencia-els-companys-dampans-ja-esta-en-funcionament\/#primaryimage\"},\"thumbnailUrl\":\"https:\/\/www.compacthabit.com\/wp-content\/uploads\/2021\/10\/Sense-titol-905-x-550-px-905-x-500-px-7.jpg\",\"datePublished\":\"2021-10-13T10:52:57+00:00\",\"dateModified\":\"2024-08-05T09:52:08+00:00\",\"author\":{\"@id\":\"https:\/\/www.compacthabit.com\/ca\/fr\/#\/schema\/person\/07a97d7adc0f27cd30c1f5760373210a\"},\"breadcrumb\":{\"@id\":\"https:\/\/www.compacthabit.com\/ca\/2021\/10\/13\/lescola-residencia-els-companys-dampans-ja-esta-en-funcionament\/#breadcrumb\"},\"inLanguage\":\"ca-ES\",\"potentialAction\":[{\"@type\":\"ReadAction\",\"target\":[\"https:\/\/www.compacthabit.com\/ca\/2021\/10\/13\/lescola-residencia-els-companys-dampans-ja-esta-en-funcionament\/\"]}]},{\"@type\":\"ImageObject\",\"inLanguage\":\"ca-ES\",\"@id\":\"https:\/\/www.compacthabit.com\/ca\/2021\/10\/13\/lescola-residencia-els-companys-dampans-ja-esta-en-funcionament\/#primaryimage\",\"url\":\"https:\/\/www.compacthabit.com\/wp-content\/uploads\/2021\/10\/Sense-titol-905-x-550-px-905-x-500-px-7.jpg\",\"contentUrl\":\"https:\/\/www.compacthabit.com\/wp-content\/uploads\/2021\/10\/Sense-titol-905-x-550-px-905-x-500-px-7.jpg\",\"width\":905,\"height\":500,\"caption\":\"Edificio modular escuela residencia\"},{\"@type\":\"BreadcrumbList\",\"@id\":\"https:\/\/www.compacthabit.com\/ca\/2021\/10\/13\/lescola-residencia-els-companys-dampans-ja-esta-en-funcionament\/#breadcrumb\",\"itemListElement\":[{\"@type\":\"ListItem\",\"position\":1,\"name\":\"Portada\",\"item\":\"https:\/\/www.compacthabit.com\/ca\/\"},{\"@type\":\"ListItem\",\"position\":2,\"name\":\"L\u2019escola-resid\u00e8ncia \u201cEls Companys\u201d d\u2019Ampans ja est\u00e0 en funcionament\"}]},{\"@type\":\"WebSite\",\"@id\":\"https:\/\/www.compacthabit.com\/ca\/fr\/#website\",\"url\":\"https:\/\/www.compacthabit.com\/ca\/fr\/\",\"name\":\"Compact Habit\",\"description\":\"\",\"potentialAction\":[{\"@type\":\"SearchAction\",\"target\":{\"@type\":\"EntryPoint\",\"urlTemplate\":\"https:\/\/www.compacthabit.com\/ca\/fr\/?s={search_term_string}\"},\"query-input\":{\"@type\":\"PropertyValueSpecification\",\"valueRequired\":true,\"valueName\":\"search_term_string\"}}],\"inLanguage\":\"ca-ES\"},{\"@type\":\"Person\",\"@id\":\"https:\/\/www.compacthabit.com\/ca\/fr\/#\/schema\/person\/07a97d7adc0f27cd30c1f5760373210a\",\"name\":\"ch_admin\",\"image\":{\"@type\":\"ImageObject\",\"inLanguage\":\"ca-ES\",\"@id\":\"https:\/\/www.compacthabit.com\/ca\/fr\/#\/schema\/person\/image\/\",\"url\":\"https:\/\/secure.gravatar.com\/avatar\/2a392477be346b1b7c89c12855982831?s=96&d=mm&r=g\",\"contentUrl\":\"https:\/\/secure.gravatar.com\/avatar\/2a392477be346b1b7c89c12855982831?s=96&d=mm&r=g\",\"caption\":\"ch_admin\"}}]}<\/script>\n<!-- \/ Yoast SEO plugin. -->","yoast_head_json":{"title":"L\u2019escola-resid\u00e8ncia \u201cEls Companys\u201d d\u2019Ampans ja est\u00e0 en funcionament - Compact Habit","robots":{"index":"index","follow":"follow","max-snippet":"max-snippet:-1","max-image-preview":"max-image-preview:large","max-video-preview":"max-video-preview:-1"},"og_locale":"ca_ES","og_type":"article","og_title":"L\u2019escola-resid\u00e8ncia \u201cEls Companys\u201d d\u2019Ampans ja est\u00e0 en funcionament - Compact Habit","og_description":"L\u2019escola-resid\u00e8ncia \u201cEls Companys\u201d d\u2019Ampans, ubicada a Sant Fruit\u00f3s de Bages i constru\u00efda per Constructora d\u2019Aro mitjan\u00e7ant la utilitzaci\u00f3 de m\u00f2duls industrialitzats Compact Habit, ja est\u00e0 ha [\u2026]","og_url":"https:\/\/www.compacthabit.com\/ca\/2021\/10\/13\/lescola-residencia-els-companys-dampans-ja-esta-en-funcionament\/","og_site_name":"Compact Habit","article_publisher":"https:\/\/www.facebook.com\/CompactHabit\/","article_published_time":"2021-10-13T10:52:57+00:00","article_modified_time":"2024-08-05T09:52:08+00:00","og_image":[{"width":905,"height":500,"url":"https:\/\/www.compacthabit.com\/wp-content\/uploads\/2021\/10\/Sense-titol-905-x-550-px-905-x-500-px-7.jpg?_t=1722851529","type":"image\/jpeg"}],"author":"ch_admin","twitter_card":"summary_large_image","twitter_creator":"@compacthabit2","twitter_site":"@compacthabit2","twitter_misc":{"Written by":"ch_admin","Est. reading time":"1 minute"},"schema":{"@context":"https:\/\/schema.org","@graph":[{"@type":"WebPage","@id":"https:\/\/www.compacthabit.com\/ca\/2021\/10\/13\/lescola-residencia-els-companys-dampans-ja-esta-en-funcionament\/","url":"https:\/\/www.compacthabit.com\/ca\/2021\/10\/13\/lescola-residencia-els-companys-dampans-ja-esta-en-funcionament\/","name":"L\u2019escola-resid\u00e8ncia \u201cEls Companys\u201d d\u2019Ampans ja est\u00e0 en funcionament - Compact Habit","isPartOf":{"@id":"https:\/\/www.compacthabit.com\/ca\/fr\/#website"},"primaryImageOfPage":{"@id":"https:\/\/www.compacthabit.com\/ca\/2021\/10\/13\/lescola-residencia-els-companys-dampans-ja-esta-en-funcionament\/#primaryimage"},"image":{"@id":"https:\/\/www.compacthabit.com\/ca\/2021\/10\/13\/lescola-residencia-els-companys-dampans-ja-esta-en-funcionament\/#primaryimage"},"thumbnailUrl":"https:\/\/www.compacthabit.com\/wp-content\/uploads\/2021\/10\/Sense-titol-905-x-550-px-905-x-500-px-7.jpg","datePublished":"2021-10-13T10:52:57+00:00","dateModified":"2024-08-05T09:52:08+00:00","author":{"@id":"https:\/\/www.compacthabit.com\/ca\/fr\/#\/schema\/person\/07a97d7adc0f27cd30c1f5760373210a"},"breadcrumb":{"@id":"https:\/\/www.compacthabit.com\/ca\/2021\/10\/13\/lescola-residencia-els-companys-dampans-ja-esta-en-funcionament\/#breadcrumb"},"inLanguage":"ca-ES","potentialAction":[{"@type":"ReadAction","target":["https:\/\/www.compacthabit.com\/ca\/2021\/10\/13\/lescola-residencia-els-companys-dampans-ja-esta-en-funcionament\/"]}]},{"@type":"ImageObject","inLanguage":"ca-ES","@id":"https:\/\/www.compacthabit.com\/ca\/2021\/10\/13\/lescola-residencia-els-companys-dampans-ja-esta-en-funcionament\/#primaryimage","url":"https:\/\/www.compacthabit.com\/wp-content\/uploads\/2021\/10\/Sense-titol-905-x-550-px-905-x-500-px-7.jpg","contentUrl":"https:\/\/www.compacthabit.com\/wp-content\/uploads\/2021\/10\/Sense-titol-905-x-550-px-905-x-500-px-7.jpg","width":905,"height":500,"caption":"Edificio modular escuela residencia"},{"@type":"BreadcrumbList","@id":"https:\/\/www.compacthabit.com\/ca\/2021\/10\/13\/lescola-residencia-els-companys-dampans-ja-esta-en-funcionament\/#breadcrumb","itemListElement":[{"@type":"ListItem","position":1,"name":"Portada","item":"https:\/\/www.compacthabit.com\/ca\/"},{"@type":"ListItem","position":2,"name":"L\u2019escola-resid\u00e8ncia \u201cEls Companys\u201d d\u2019Ampans ja est\u00e0 en funcionament"}]},{"@type":"WebSite","@id":"https:\/\/www.compacthabit.com\/ca\/fr\/#website","url":"https:\/\/www.compacthabit.com\/ca\/fr\/","name":"Compact Habit","description":"","potentialAction":[{"@type":"SearchAction","target":{"@type":"EntryPoint","urlTemplate":"https:\/\/www.compacthabit.com\/ca\/fr\/?s={search_term_string}"},"query-input":{"@type":"PropertyValueSpecification","valueRequired":true,"valueName":"search_term_string"}}],"inLanguage":"ca-ES"},{"@type":"Person","@id":"https:\/\/www.compacthabit.com\/ca\/fr\/#\/schema\/person\/07a97d7adc0f27cd30c1f5760373210a","name":"ch_admin","image":{"@type":"ImageObject","inLanguage":"ca-ES","@id":"https:\/\/www.compacthabit.com\/ca\/fr\/#\/schema\/person\/image\/","url":"https:\/\/secure.gravatar.com\/avatar\/2a392477be346b1b7c89c12855982831?s=96&d=mm&r=g","contentUrl":"https:\/\/secure.gravatar.com\/avatar\/2a392477be346b1b7c89c12855982831?s=96&d=mm&r=g","caption":"ch_admin"}}]}},"_links":{"self":[{"href":"https:\/\/www.compacthabit.com\/ca\/wp-json\/wp\/v2\/posts\/7202","targetHints":{"allow":["GET"]}}],"collection":[{"href":"https:\/\/www.compacthabit.com\/ca\/wp-json\/wp\/v2\/posts"}],"about":[{"href":"https:\/\/www.compacthabit.com\/ca\/wp-json\/wp\/v2\/types\/post"}],"author":[{"embeddable":true,"href":"https:\/\/www.compacthabit.com\/ca\/wp-json\/wp\/v2\/users\/1"}],"replies":[{"embeddable":true,"href":"https:\/\/www.compacthabit.com\/ca\/wp-json\/wp\/v2\/comments?post=7202"}],"version-history":[{"count":2,"href":"https:\/\/www.compacthabit.com\/ca\/wp-json\/wp\/v2\/posts\/7202\/revisions"}],"predecessor-version":[{"id":7212,"href":"https:\/\/www.compacthabit.com\/ca\/wp-json\/wp\/v2\/posts\/7202\/revisions\/7212"}],"wp:featuredmedia":[{"embeddable":true,"href":"https:\/\/www.compacthabit.com\/ca\/wp-json\/wp\/v2\/media\/7696"}],"wp:attachment":[{"href":"https:\/\/www.compacthabit.com\/ca\/wp-json\/wp\/v2\/media?parent=7202"}],"wp:term":[{"taxonomy":"category","embeddable":true,"href":"https:\/\/www.compacthabit.com\/ca\/wp-json\/wp\/v2\/categories?post=7202"},{"taxonomy":"post_tag","embeddable":true,"href":"https:\/\/www.compacthabit.com\/ca\/wp-json\/wp\/v2\/tags?post=7202"}],"curies":[{"name":"wp","href":"https:\/\/api.w.org\/{rel}","templated":true}]}}