{"id":3706,"date":"2011-03-21T16:13:28","date_gmt":"2011-03-21T16:13:28","guid":{"rendered":"http:\/\/www.compacthabit.com\/?p=3706\/"},"modified":"2017-10-30T10:46:15","modified_gmt":"2017-10-30T10:46:15","slug":"el-president-de-la-generalitat-artur-mas-ha-inaugurat-la-planta-de-produccio-de-compacthabit-lempresa-que-ha-apostat-per-innovacio","status":"publish","type":"post","link":"https:\/\/www.compacthabit.com\/ca\/2011\/03\/21\/el-president-de-la-generalitat-artur-mas-ha-inaugurat-la-planta-de-produccio-de-compacthabit-lempresa-que-ha-apostat-per-innovacio\/","title":{"rendered":"El President de la Generalitat, Artur mas, ha inaugurat la planta de producci\u00f3 de CompactHabit, l&#8217;empresa que ha apostat per innovar en la construcci\u00f3"},"content":{"rendered":"<p>La Generalitat, a trav\u00e9s d\u2019Avan\u00e7sa, forma part del accionariat d\u2019aquesta empresa que ens els \u00faltims mesos ha constru\u00eft quatre edificis importants.<\/p>\n<p>El president de la Generalitat, Artur Mas, ha inaugurat aquest dilluns a \u00faltima hora de la tarda, al pol\u00edgon industrial de Cardona, la planta de producci\u00f3 d\u2019una de les empreses m\u00e9s innovadores en el sector de la construcci\u00f3 de tot estat Espanyol: CompactHabit.<\/p>\n<p>CompactHabit centra la seva activitat en la construcci\u00f3 de m\u00f2duls industrialitzats totalment equipats i acabats per a la construcci\u00f3 d\u2019edificis a partir de processos totalment industrialitzats.<\/p>\n<p>L\u2019empresa que va idear Josep Tragant, m\u00e0xim accionista de Constructora d\u2019Aro, ha constru\u00eft quatre complexes residencials y de serveis en els \u00faltims mesos y es troba, tamb\u00e9, amb enc\u00e0rrecs importants sobre la taula.<br \/>\nEl president Mas, que va elogiar el car\u00e0cter innovador de l\u2019empresa i la versatilitat dels edificis, va remarcar el valor ambiental, ja que, garantitzen \u201cun estalvi m\u00ednim d\u2019un 25% en relaci\u00f3 a qualsevol altra construcci\u00f3 que tamb\u00e9 compleixi la legislaci\u00f3 actual.\u201d<\/p>\n","protected":false},"excerpt":{"rendered":"<p>La Generalitat, a trav\u00e9s d\u2019Avan\u00e7sa, forma part del accionariat d\u2019aquesta empresa que ens els \u00faltims mesos ha constru\u00eft quatre edificis importants. El president de la Generalitat,<span class=\"excerpt-hellip\"> [\u2026]<\/span><\/p>\n","protected":false},"author":1,"featured_media":4511,"comment_status":"open","ping_status":"open","sticky":false,"template":"","format":"standard","meta":{"_acf_changed":false,"_monsterinsights_skip_tracking":false,"_monsterinsights_sitenote_active":false,"_monsterinsights_sitenote_note":"","_monsterinsights_sitenote_category":0,"footnotes":""},"categories":[46,2],"tags":[],"class_list":["post-3706","post","type-post","status-publish","format-standard","has-post-thumbnail","hentry","category-blog","category-sense-categoria"],"acf":[],"yoast_head":"<!-- This site is optimized with the Yoast SEO plugin v26.0 - https:\/\/yoast.com\/wordpress\/plugins\/seo\/ -->\n<title>El President de la Generalitat Artur Mas inaugura la f\u00e0brica<\/title>\n<meta name=\"description\" content=\"L\u2019empresa que va idear Josep Tragant, m\u00e0xim accionista de Constructora d\u2019Aro, ha constru\u00eft quatre complexes residencials y de serveis en els \u00faltims mesos\" \/>\n<meta name=\"robots\" content=\"index, follow, max-snippet:-1, max-image-preview:large, max-video-preview:-1\" \/>\n<meta property=\"og:locale\" content=\"ca_ES\" \/>\n<meta property=\"og:type\" content=\"article\" \/>\n<meta property=\"og:title\" content=\"El President de la Generalitat Artur Mas inaugura la f\u00e0brica\" \/>\n<meta property=\"og:description\" content=\"L\u2019empresa que va idear Josep Tragant, m\u00e0xim accionista de Constructora d\u2019Aro, ha constru\u00eft quatre complexes residencials y de serveis en els \u00faltims mesos\" \/>\n<meta property=\"og:url\" content=\"https:\/\/www.compacthabit.com\/ca\/2011\/03\/21\/el-president-de-la-generalitat-artur-mas-ha-inaugurat-la-planta-de-produccio-de-compacthabit-lempresa-que-ha-apostat-per-innovacio\/\" \/>\n<meta property=\"og:site_name\" content=\"Compact Habit\" \/>\n<meta property=\"article:publisher\" content=\"https:\/\/www.facebook.com\/CompactHabit\/\" \/>\n<meta property=\"article:published_time\" content=\"2011-03-21T16:13:28+00:00\" \/>\n<meta property=\"article:modified_time\" content=\"2017-10-30T10:46:15+00:00\" \/>\n<meta property=\"og:image\" content=\"https:\/\/www.compacthabit.com\/wp-content\/uploads\/2011\/03\/Inauguracion-CompactHabit-President-Generalitat-Artur-Mas.jpg\" \/>\n\t<meta property=\"og:image:width\" content=\"576\" \/>\n\t<meta property=\"og:image:height\" content=\"384\" \/>\n\t<meta property=\"og:image:type\" content=\"image\/jpeg\" \/>\n<meta name=\"author\" content=\"ch_admin\" \/>\n<meta name=\"twitter:card\" content=\"summary_large_image\" \/>\n<meta name=\"twitter:creator\" content=\"@compacthabit2\" \/>\n<meta name=\"twitter:site\" content=\"@compacthabit2\" \/>\n<meta name=\"twitter:label1\" content=\"Written by\" \/>\n\t<meta name=\"twitter:data1\" content=\"ch_admin\" \/>\n\t<meta name=\"twitter:label2\" content=\"Est. reading time\" \/>\n\t<meta name=\"twitter:data2\" content=\"1 minute\" \/>\n<script type=\"application\/ld+json\" class=\"yoast-schema-graph\">{\"@context\":\"https:\/\/schema.org\",\"@graph\":[{\"@type\":\"WebPage\",\"@id\":\"https:\/\/www.compacthabit.com\/ca\/2011\/03\/21\/el-president-de-la-generalitat-artur-mas-ha-inaugurat-la-planta-de-produccio-de-compacthabit-lempresa-que-ha-apostat-per-innovacio\/\",\"url\":\"https:\/\/www.compacthabit.com\/ca\/2011\/03\/21\/el-president-de-la-generalitat-artur-mas-ha-inaugurat-la-planta-de-produccio-de-compacthabit-lempresa-que-ha-apostat-per-innovacio\/\",\"name\":\"El President de la Generalitat Artur Mas inaugura la f\u00e0brica\",\"isPartOf\":{\"@id\":\"https:\/\/www.compacthabit.com\/ca\/fr\/#website\"},\"primaryImageOfPage\":{\"@id\":\"https:\/\/www.compacthabit.com\/ca\/2011\/03\/21\/el-president-de-la-generalitat-artur-mas-ha-inaugurat-la-planta-de-produccio-de-compacthabit-lempresa-que-ha-apostat-per-innovacio\/#primaryimage\"},\"image\":{\"@id\":\"https:\/\/www.compacthabit.com\/ca\/2011\/03\/21\/el-president-de-la-generalitat-artur-mas-ha-inaugurat-la-planta-de-produccio-de-compacthabit-lempresa-que-ha-apostat-per-innovacio\/#primaryimage\"},\"thumbnailUrl\":\"https:\/\/www.compacthabit.com\/wp-content\/uploads\/2011\/03\/Inauguracion-CompactHabit-President-Generalitat-Artur-Mas.jpg\",\"datePublished\":\"2011-03-21T16:13:28+00:00\",\"dateModified\":\"2017-10-30T10:46:15+00:00\",\"author\":{\"@id\":\"https:\/\/www.compacthabit.com\/ca\/fr\/#\/schema\/person\/07a97d7adc0f27cd30c1f5760373210a\"},\"description\":\"L\u2019empresa que va idear Josep Tragant, m\u00e0xim accionista de Constructora d\u2019Aro, ha constru\u00eft quatre complexes residencials y de serveis en els \u00faltims mesos\",\"breadcrumb\":{\"@id\":\"https:\/\/www.compacthabit.com\/ca\/2011\/03\/21\/el-president-de-la-generalitat-artur-mas-ha-inaugurat-la-planta-de-produccio-de-compacthabit-lempresa-que-ha-apostat-per-innovacio\/#breadcrumb\"},\"inLanguage\":\"ca-ES\",\"potentialAction\":[{\"@type\":\"ReadAction\",\"target\":[\"https:\/\/www.compacthabit.com\/ca\/2011\/03\/21\/el-president-de-la-generalitat-artur-mas-ha-inaugurat-la-planta-de-produccio-de-compacthabit-lempresa-que-ha-apostat-per-innovacio\/\"]}]},{\"@type\":\"ImageObject\",\"inLanguage\":\"ca-ES\",\"@id\":\"https:\/\/www.compacthabit.com\/ca\/2011\/03\/21\/el-president-de-la-generalitat-artur-mas-ha-inaugurat-la-planta-de-produccio-de-compacthabit-lempresa-que-ha-apostat-per-innovacio\/#primaryimage\",\"url\":\"https:\/\/www.compacthabit.com\/wp-content\/uploads\/2011\/03\/Inauguracion-CompactHabit-President-Generalitat-Artur-Mas.jpg\",\"contentUrl\":\"https:\/\/www.compacthabit.com\/wp-content\/uploads\/2011\/03\/Inauguracion-CompactHabit-President-Generalitat-Artur-Mas.jpg\",\"width\":576,\"height\":384,\"caption\":\"Inauguracion CompactHabit President Generalitat Artur Mas\"},{\"@type\":\"BreadcrumbList\",\"@id\":\"https:\/\/www.compacthabit.com\/ca\/2011\/03\/21\/el-president-de-la-generalitat-artur-mas-ha-inaugurat-la-planta-de-produccio-de-compacthabit-lempresa-que-ha-apostat-per-innovacio\/#breadcrumb\",\"itemListElement\":[{\"@type\":\"ListItem\",\"position\":1,\"name\":\"Portada\",\"item\":\"https:\/\/www.compacthabit.com\/ca\/\"},{\"@type\":\"ListItem\",\"position\":2,\"name\":\"El President de la Generalitat, Artur mas, ha inaugurat la planta de producci\u00f3 de CompactHabit, l&#8217;empresa que ha apostat per innovar en la construcci\u00f3\"}]},{\"@type\":\"WebSite\",\"@id\":\"https:\/\/www.compacthabit.com\/ca\/fr\/#website\",\"url\":\"https:\/\/www.compacthabit.com\/ca\/fr\/\",\"name\":\"Compact Habit\",\"description\":\"\",\"potentialAction\":[{\"@type\":\"SearchAction\",\"target\":{\"@type\":\"EntryPoint\",\"urlTemplate\":\"https:\/\/www.compacthabit.com\/ca\/fr\/?s={search_term_string}\"},\"query-input\":{\"@type\":\"PropertyValueSpecification\",\"valueRequired\":true,\"valueName\":\"search_term_string\"}}],\"inLanguage\":\"ca-ES\"},{\"@type\":\"Person\",\"@id\":\"https:\/\/www.compacthabit.com\/ca\/fr\/#\/schema\/person\/07a97d7adc0f27cd30c1f5760373210a\",\"name\":\"ch_admin\",\"image\":{\"@type\":\"ImageObject\",\"inLanguage\":\"ca-ES\",\"@id\":\"https:\/\/www.compacthabit.com\/ca\/fr\/#\/schema\/person\/image\/\",\"url\":\"https:\/\/secure.gravatar.com\/avatar\/2a392477be346b1b7c89c12855982831?s=96&d=mm&r=g\",\"contentUrl\":\"https:\/\/secure.gravatar.com\/avatar\/2a392477be346b1b7c89c12855982831?s=96&d=mm&r=g\",\"caption\":\"ch_admin\"}}]}<\/script>\n<!-- \/ Yoast SEO plugin. -->","yoast_head_json":{"title":"El President de la Generalitat Artur Mas inaugura la f\u00e0brica","description":"L\u2019empresa que va idear Josep Tragant, m\u00e0xim accionista de Constructora d\u2019Aro, ha constru\u00eft quatre complexes residencials y de serveis en els \u00faltims mesos","robots":{"index":"index","follow":"follow","max-snippet":"max-snippet:-1","max-image-preview":"max-image-preview:large","max-video-preview":"max-video-preview:-1"},"og_locale":"ca_ES","og_type":"article","og_title":"El President de la Generalitat Artur Mas inaugura la f\u00e0brica","og_description":"L\u2019empresa que va idear Josep Tragant, m\u00e0xim accionista de Constructora d\u2019Aro, ha constru\u00eft quatre complexes residencials y de serveis en els \u00faltims mesos","og_url":"https:\/\/www.compacthabit.com\/ca\/2011\/03\/21\/el-president-de-la-generalitat-artur-mas-ha-inaugurat-la-planta-de-produccio-de-compacthabit-lempresa-que-ha-apostat-per-innovacio\/","og_site_name":"Compact Habit","article_publisher":"https:\/\/www.facebook.com\/CompactHabit\/","article_published_time":"2011-03-21T16:13:28+00:00","article_modified_time":"2017-10-30T10:46:15+00:00","og_image":[{"width":576,"height":384,"url":"https:\/\/www.compacthabit.com\/wp-content\/uploads\/2011\/03\/Inauguracion-CompactHabit-President-Generalitat-Artur-Mas.jpg","type":"image\/jpeg"}],"author":"ch_admin","twitter_card":"summary_large_image","twitter_creator":"@compacthabit2","twitter_site":"@compacthabit2","twitter_misc":{"Written by":"ch_admin","Est. reading time":"1 minute"},"schema":{"@context":"https:\/\/schema.org","@graph":[{"@type":"WebPage","@id":"https:\/\/www.compacthabit.com\/ca\/2011\/03\/21\/el-president-de-la-generalitat-artur-mas-ha-inaugurat-la-planta-de-produccio-de-compacthabit-lempresa-que-ha-apostat-per-innovacio\/","url":"https:\/\/www.compacthabit.com\/ca\/2011\/03\/21\/el-president-de-la-generalitat-artur-mas-ha-inaugurat-la-planta-de-produccio-de-compacthabit-lempresa-que-ha-apostat-per-innovacio\/","name":"El President de la Generalitat Artur Mas inaugura la f\u00e0brica","isPartOf":{"@id":"https:\/\/www.compacthabit.com\/ca\/fr\/#website"},"primaryImageOfPage":{"@id":"https:\/\/www.compacthabit.com\/ca\/2011\/03\/21\/el-president-de-la-generalitat-artur-mas-ha-inaugurat-la-planta-de-produccio-de-compacthabit-lempresa-que-ha-apostat-per-innovacio\/#primaryimage"},"image":{"@id":"https:\/\/www.compacthabit.com\/ca\/2011\/03\/21\/el-president-de-la-generalitat-artur-mas-ha-inaugurat-la-planta-de-produccio-de-compacthabit-lempresa-que-ha-apostat-per-innovacio\/#primaryimage"},"thumbnailUrl":"https:\/\/www.compacthabit.com\/wp-content\/uploads\/2011\/03\/Inauguracion-CompactHabit-President-Generalitat-Artur-Mas.jpg","datePublished":"2011-03-21T16:13:28+00:00","dateModified":"2017-10-30T10:46:15+00:00","author":{"@id":"https:\/\/www.compacthabit.com\/ca\/fr\/#\/schema\/person\/07a97d7adc0f27cd30c1f5760373210a"},"description":"L\u2019empresa que va idear Josep Tragant, m\u00e0xim accionista de Constructora d\u2019Aro, ha constru\u00eft quatre complexes residencials y de serveis en els \u00faltims mesos","breadcrumb":{"@id":"https:\/\/www.compacthabit.com\/ca\/2011\/03\/21\/el-president-de-la-generalitat-artur-mas-ha-inaugurat-la-planta-de-produccio-de-compacthabit-lempresa-que-ha-apostat-per-innovacio\/#breadcrumb"},"inLanguage":"ca-ES","potentialAction":[{"@type":"ReadAction","target":["https:\/\/www.compacthabit.com\/ca\/2011\/03\/21\/el-president-de-la-generalitat-artur-mas-ha-inaugurat-la-planta-de-produccio-de-compacthabit-lempresa-que-ha-apostat-per-innovacio\/"]}]},{"@type":"ImageObject","inLanguage":"ca-ES","@id":"https:\/\/www.compacthabit.com\/ca\/2011\/03\/21\/el-president-de-la-generalitat-artur-mas-ha-inaugurat-la-planta-de-produccio-de-compacthabit-lempresa-que-ha-apostat-per-innovacio\/#primaryimage","url":"https:\/\/www.compacthabit.com\/wp-content\/uploads\/2011\/03\/Inauguracion-CompactHabit-President-Generalitat-Artur-Mas.jpg","contentUrl":"https:\/\/www.compacthabit.com\/wp-content\/uploads\/2011\/03\/Inauguracion-CompactHabit-President-Generalitat-Artur-Mas.jpg","width":576,"height":384,"caption":"Inauguracion CompactHabit President Generalitat Artur Mas"},{"@type":"BreadcrumbList","@id":"https:\/\/www.compacthabit.com\/ca\/2011\/03\/21\/el-president-de-la-generalitat-artur-mas-ha-inaugurat-la-planta-de-produccio-de-compacthabit-lempresa-que-ha-apostat-per-innovacio\/#breadcrumb","itemListElement":[{"@type":"ListItem","position":1,"name":"Portada","item":"https:\/\/www.compacthabit.com\/ca\/"},{"@type":"ListItem","position":2,"name":"El President de la Generalitat, Artur mas, ha inaugurat la planta de producci\u00f3 de CompactHabit, l&#8217;empresa que ha apostat per innovar en la construcci\u00f3"}]},{"@type":"WebSite","@id":"https:\/\/www.compacthabit.com\/ca\/fr\/#website","url":"https:\/\/www.compacthabit.com\/ca\/fr\/","name":"Compact Habit","description":"","potentialAction":[{"@type":"SearchAction","target":{"@type":"EntryPoint","urlTemplate":"https:\/\/www.compacthabit.com\/ca\/fr\/?s={search_term_string}"},"query-input":{"@type":"PropertyValueSpecification","valueRequired":true,"valueName":"search_term_string"}}],"inLanguage":"ca-ES"},{"@type":"Person","@id":"https:\/\/www.compacthabit.com\/ca\/fr\/#\/schema\/person\/07a97d7adc0f27cd30c1f5760373210a","name":"ch_admin","image":{"@type":"ImageObject","inLanguage":"ca-ES","@id":"https:\/\/www.compacthabit.com\/ca\/fr\/#\/schema\/person\/image\/","url":"https:\/\/secure.gravatar.com\/avatar\/2a392477be346b1b7c89c12855982831?s=96&d=mm&r=g","contentUrl":"https:\/\/secure.gravatar.com\/avatar\/2a392477be346b1b7c89c12855982831?s=96&d=mm&r=g","caption":"ch_admin"}}]}},"_links":{"self":[{"href":"https:\/\/www.compacthabit.com\/ca\/wp-json\/wp\/v2\/posts\/3706","targetHints":{"allow":["GET"]}}],"collection":[{"href":"https:\/\/www.compacthabit.com\/ca\/wp-json\/wp\/v2\/posts"}],"about":[{"href":"https:\/\/www.compacthabit.com\/ca\/wp-json\/wp\/v2\/types\/post"}],"author":[{"embeddable":true,"href":"https:\/\/www.compacthabit.com\/ca\/wp-json\/wp\/v2\/users\/1"}],"replies":[{"embeddable":true,"href":"https:\/\/www.compacthabit.com\/ca\/wp-json\/wp\/v2\/comments?post=3706"}],"version-history":[{"count":4,"href":"https:\/\/www.compacthabit.com\/ca\/wp-json\/wp\/v2\/posts\/3706\/revisions"}],"predecessor-version":[{"id":4527,"href":"https:\/\/www.compacthabit.com\/ca\/wp-json\/wp\/v2\/posts\/3706\/revisions\/4527"}],"wp:featuredmedia":[{"embeddable":true,"href":"https:\/\/www.compacthabit.com\/ca\/wp-json\/wp\/v2\/media\/4511"}],"wp:attachment":[{"href":"https:\/\/www.compacthabit.com\/ca\/wp-json\/wp\/v2\/media?parent=3706"}],"wp:term":[{"taxonomy":"category","embeddable":true,"href":"https:\/\/www.compacthabit.com\/ca\/wp-json\/wp\/v2\/categories?post=3706"},{"taxonomy":"post_tag","embeddable":true,"href":"https:\/\/www.compacthabit.com\/ca\/wp-json\/wp\/v2\/tags?post=3706"}],"curies":[{"name":"wp","href":"https:\/\/api.w.org\/{rel}","templated":true}]}}