{"id":3689,"date":"2012-05-07T15:50:58","date_gmt":"2012-05-07T15:50:58","guid":{"rendered":"http:\/\/www.compacthabit.com\/?p=3689\/"},"modified":"2018-03-27T14:34:29","modified_gmt":"2018-03-27T14:34:29","slug":"compacthabit-i-constructora-daro-reben-el-guardo-greenbuilding-per-la-residencia-del-campus-de-la-upc-a-sant-cugat","status":"publish","type":"post","link":"https:\/\/www.compacthabit.com\/ca\/2012\/05\/07\/compacthabit-i-constructora-daro-reben-el-guardo-greenbuilding-per-la-residencia-del-campus-de-la-upc-a-sant-cugat\/","title":{"rendered":"CompactHabit i Constructora d\u2019Aro reben el guard\u00f3 Greenbuilding per la resid\u00e8ncia del campus de la UPC a Sant Cugat"},"content":{"rendered":"<p>CompactHabit S.L. i Constructora d\u2019Aro han estat guardonades amb el premi Greenbuilding que concedeix la Comissi\u00f3 Europea als promotors d\u2019edificis de nova construcci\u00f3 que destaquin pel seu baix impacte mediambiental, l\u2019efici\u00e8ncia energ\u00e8tica i la innovaci\u00f3 tecnol\u00f2gica. El projecte, que conta amb el m\u00e0xim nivell de certificaci\u00f3 energ\u00e8tica, \u00e9s, a m\u00e9s a m\u00e9s, el primer edifici d\u2019Espanya amb la certificaci\u00f3 Su\u00efssa Minergie gr\u00e0cies a una reducci\u00f3 de les emissions de CO2 i al seu baix consum energ\u00e8tic.<\/p>\n<p>La cerim\u00f2nia d\u2019entrega de premis es va celebrar el passat 18 d\u2019Abril a Frankfurt i va premiar el projecte que contempla un pati central comunitari i cobert, que actua d\u2019intercanviador de calor amb els habitatges permetent un estalvi d\u2019un 70,79% respecte els edificis constru\u00efts amb sistemes convencionals.<\/p>\n<p>A la categoria de nova edificaci\u00f3 es van tenir en compte criteris d\u2019innovaci\u00f3 i d\u2019efici\u00e8ncia energ\u00e8tica alhora d\u2019escollir els projectes seleccionats. A la resid\u00e8ncia de la UPC al campus de Sant Cugat l\u2019estalvi energ\u00e8tic anual \u00e9s de 607,6MWh corresponent a:<\/p>\n<ul>\n<li>597,8MWh d\u2019estalvi pel sistema d\u2019edificaci\u00f3 modular de CompactHabit i per la concepci\u00f3 general de l\u2019edifici.<\/li>\n<li>9,7MWh d\u2019estalvi gr\u00e0cies a la implementaci\u00f3 del sistema de micro-cogeneraci\u00f3.<\/li>\n<\/ul>\n<p>Amb m\u00e9s de 1000 candidatures presentades, les premiades van ser 6 de pa\u00efsos com Alemanya, Su\u00efssa, \u00c0ustria, Su\u00e8cia, Dinamarca i Espanya.<\/p>\n","protected":false},"excerpt":{"rendered":"<p>CompactHabit S.L. i Constructora d\u2019Aro han estat guardonades amb el premi Greenbuilding que concedeix la Comissi\u00f3 Europea als promotors d\u2019edificis de nova construcci\u00f3 que destaquin pel<span class=\"excerpt-hellip\"> [\u2026]<\/span><\/p>\n","protected":false},"author":1,"featured_media":2650,"comment_status":"open","ping_status":"open","sticky":false,"template":"","format":"standard","meta":{"_acf_changed":false,"_monsterinsights_skip_tracking":false,"_monsterinsights_sitenote_active":false,"_monsterinsights_sitenote_note":"","_monsterinsights_sitenote_category":0,"footnotes":""},"categories":[46,2],"tags":[],"class_list":["post-3689","post","type-post","status-publish","format-standard","has-post-thumbnail","hentry","category-blog","category-sense-categoria"],"acf":[],"yoast_head":"<!-- This site is optimized with the Yoast SEO plugin v26.0 - https:\/\/yoast.com\/wordpress\/plugins\/seo\/ -->\n<title>CompactHabit rep el guard\u00f3 Greenbuilding de la Comissi\u00f3 Europea<\/title>\n<meta name=\"description\" content=\"CompactHabit ha estat guardonada pel seu baix impacte mediambiental, l\u2019efici\u00e8ncia energ\u00e8tica i la innovaci\u00f3 tecnol\u00f2gica del sistema eMii\" \/>\n<meta name=\"robots\" content=\"index, follow, max-snippet:-1, max-image-preview:large, max-video-preview:-1\" \/>\n<meta property=\"og:locale\" content=\"ca_ES\" \/>\n<meta property=\"og:type\" content=\"article\" \/>\n<meta property=\"og:title\" content=\"CompactHabit rep el guard\u00f3 Greenbuilding de la Comissi\u00f3 Europea\" \/>\n<meta property=\"og:description\" content=\"CompactHabit ha estat guardonada pel seu baix impacte mediambiental, l\u2019efici\u00e8ncia energ\u00e8tica i la innovaci\u00f3 tecnol\u00f2gica del sistema eMii\" \/>\n<meta property=\"og:url\" content=\"https:\/\/www.compacthabit.com\/ca\/2012\/05\/07\/compacthabit-i-constructora-daro-reben-el-guardo-greenbuilding-per-la-residencia-del-campus-de-la-upc-a-sant-cugat\/\" \/>\n<meta property=\"og:site_name\" content=\"Compact Habit\" \/>\n<meta property=\"article:publisher\" content=\"https:\/\/www.facebook.com\/CompactHabit\/\" \/>\n<meta property=\"article:published_time\" content=\"2012-05-07T15:50:58+00:00\" \/>\n<meta property=\"article:modified_time\" content=\"2018-03-27T14:34:29+00:00\" \/>\n<meta property=\"og:image\" content=\"https:\/\/www.compacthabit.com\/wp-content\/uploads\/2017\/07\/1336381295.jpg.jpg\" \/>\n\t<meta property=\"og:image:width\" content=\"600\" \/>\n\t<meta property=\"og:image:height\" content=\"400\" \/>\n\t<meta property=\"og:image:type\" content=\"image\/jpeg\" \/>\n<meta name=\"author\" content=\"ch_admin\" \/>\n<meta name=\"twitter:card\" content=\"summary_large_image\" \/>\n<meta name=\"twitter:creator\" content=\"@compacthabit2\" \/>\n<meta name=\"twitter:site\" content=\"@compacthabit2\" \/>\n<meta name=\"twitter:label1\" content=\"Written by\" \/>\n\t<meta name=\"twitter:data1\" content=\"ch_admin\" \/>\n\t<meta name=\"twitter:label2\" content=\"Est. reading time\" \/>\n\t<meta name=\"twitter:data2\" content=\"1 minute\" \/>\n<script type=\"application\/ld+json\" class=\"yoast-schema-graph\">{\"@context\":\"https:\/\/schema.org\",\"@graph\":[{\"@type\":\"WebPage\",\"@id\":\"https:\/\/www.compacthabit.com\/ca\/2012\/05\/07\/compacthabit-i-constructora-daro-reben-el-guardo-greenbuilding-per-la-residencia-del-campus-de-la-upc-a-sant-cugat\/\",\"url\":\"https:\/\/www.compacthabit.com\/ca\/2012\/05\/07\/compacthabit-i-constructora-daro-reben-el-guardo-greenbuilding-per-la-residencia-del-campus-de-la-upc-a-sant-cugat\/\",\"name\":\"CompactHabit rep el guard\u00f3 Greenbuilding de la Comissi\u00f3 Europea\",\"isPartOf\":{\"@id\":\"https:\/\/www.compacthabit.com\/ca\/fr\/#website\"},\"primaryImageOfPage\":{\"@id\":\"https:\/\/www.compacthabit.com\/ca\/2012\/05\/07\/compacthabit-i-constructora-daro-reben-el-guardo-greenbuilding-per-la-residencia-del-campus-de-la-upc-a-sant-cugat\/#primaryimage\"},\"image\":{\"@id\":\"https:\/\/www.compacthabit.com\/ca\/2012\/05\/07\/compacthabit-i-constructora-daro-reben-el-guardo-greenbuilding-per-la-residencia-del-campus-de-la-upc-a-sant-cugat\/#primaryimage\"},\"thumbnailUrl\":\"https:\/\/www.compacthabit.com\/wp-content\/uploads\/2017\/07\/1336381295.jpg.jpg\",\"datePublished\":\"2012-05-07T15:50:58+00:00\",\"dateModified\":\"2018-03-27T14:34:29+00:00\",\"author\":{\"@id\":\"https:\/\/www.compacthabit.com\/ca\/fr\/#\/schema\/person\/07a97d7adc0f27cd30c1f5760373210a\"},\"description\":\"CompactHabit ha estat guardonada pel seu baix impacte mediambiental, l\u2019efici\u00e8ncia energ\u00e8tica i la innovaci\u00f3 tecnol\u00f2gica del sistema eMii\",\"breadcrumb\":{\"@id\":\"https:\/\/www.compacthabit.com\/ca\/2012\/05\/07\/compacthabit-i-constructora-daro-reben-el-guardo-greenbuilding-per-la-residencia-del-campus-de-la-upc-a-sant-cugat\/#breadcrumb\"},\"inLanguage\":\"ca-ES\",\"potentialAction\":[{\"@type\":\"ReadAction\",\"target\":[\"https:\/\/www.compacthabit.com\/ca\/2012\/05\/07\/compacthabit-i-constructora-daro-reben-el-guardo-greenbuilding-per-la-residencia-del-campus-de-la-upc-a-sant-cugat\/\"]}]},{\"@type\":\"ImageObject\",\"inLanguage\":\"ca-ES\",\"@id\":\"https:\/\/www.compacthabit.com\/ca\/2012\/05\/07\/compacthabit-i-constructora-daro-reben-el-guardo-greenbuilding-per-la-residencia-del-campus-de-la-upc-a-sant-cugat\/#primaryimage\",\"url\":\"https:\/\/www.compacthabit.com\/wp-content\/uploads\/2017\/07\/1336381295.jpg.jpg\",\"contentUrl\":\"https:\/\/www.compacthabit.com\/wp-content\/uploads\/2017\/07\/1336381295.jpg.jpg\",\"width\":600,\"height\":400,\"caption\":\"CompactHabit student dorm residencia estudiantes residence universitaire sant cugat modular concrete beton formigo hormigon\"},{\"@type\":\"BreadcrumbList\",\"@id\":\"https:\/\/www.compacthabit.com\/ca\/2012\/05\/07\/compacthabit-i-constructora-daro-reben-el-guardo-greenbuilding-per-la-residencia-del-campus-de-la-upc-a-sant-cugat\/#breadcrumb\",\"itemListElement\":[{\"@type\":\"ListItem\",\"position\":1,\"name\":\"Portada\",\"item\":\"https:\/\/www.compacthabit.com\/ca\/\"},{\"@type\":\"ListItem\",\"position\":2,\"name\":\"CompactHabit i Constructora d\u2019Aro reben el guard\u00f3 Greenbuilding per la resid\u00e8ncia del campus de la UPC a Sant Cugat\"}]},{\"@type\":\"WebSite\",\"@id\":\"https:\/\/www.compacthabit.com\/ca\/fr\/#website\",\"url\":\"https:\/\/www.compacthabit.com\/ca\/fr\/\",\"name\":\"Compact Habit\",\"description\":\"\",\"potentialAction\":[{\"@type\":\"SearchAction\",\"target\":{\"@type\":\"EntryPoint\",\"urlTemplate\":\"https:\/\/www.compacthabit.com\/ca\/fr\/?s={search_term_string}\"},\"query-input\":{\"@type\":\"PropertyValueSpecification\",\"valueRequired\":true,\"valueName\":\"search_term_string\"}}],\"inLanguage\":\"ca-ES\"},{\"@type\":\"Person\",\"@id\":\"https:\/\/www.compacthabit.com\/ca\/fr\/#\/schema\/person\/07a97d7adc0f27cd30c1f5760373210a\",\"name\":\"ch_admin\",\"image\":{\"@type\":\"ImageObject\",\"inLanguage\":\"ca-ES\",\"@id\":\"https:\/\/www.compacthabit.com\/ca\/fr\/#\/schema\/person\/image\/\",\"url\":\"https:\/\/secure.gravatar.com\/avatar\/2a392477be346b1b7c89c12855982831?s=96&d=mm&r=g\",\"contentUrl\":\"https:\/\/secure.gravatar.com\/avatar\/2a392477be346b1b7c89c12855982831?s=96&d=mm&r=g\",\"caption\":\"ch_admin\"}}]}<\/script>\n<!-- \/ Yoast SEO plugin. -->","yoast_head_json":{"title":"CompactHabit rep el guard\u00f3 Greenbuilding de la Comissi\u00f3 Europea","description":"CompactHabit ha estat guardonada pel seu baix impacte mediambiental, l\u2019efici\u00e8ncia energ\u00e8tica i la innovaci\u00f3 tecnol\u00f2gica del sistema eMii","robots":{"index":"index","follow":"follow","max-snippet":"max-snippet:-1","max-image-preview":"max-image-preview:large","max-video-preview":"max-video-preview:-1"},"og_locale":"ca_ES","og_type":"article","og_title":"CompactHabit rep el guard\u00f3 Greenbuilding de la Comissi\u00f3 Europea","og_description":"CompactHabit ha estat guardonada pel seu baix impacte mediambiental, l\u2019efici\u00e8ncia energ\u00e8tica i la innovaci\u00f3 tecnol\u00f2gica del sistema eMii","og_url":"https:\/\/www.compacthabit.com\/ca\/2012\/05\/07\/compacthabit-i-constructora-daro-reben-el-guardo-greenbuilding-per-la-residencia-del-campus-de-la-upc-a-sant-cugat\/","og_site_name":"Compact Habit","article_publisher":"https:\/\/www.facebook.com\/CompactHabit\/","article_published_time":"2012-05-07T15:50:58+00:00","article_modified_time":"2018-03-27T14:34:29+00:00","og_image":[{"width":600,"height":400,"url":"https:\/\/www.compacthabit.com\/wp-content\/uploads\/2017\/07\/1336381295.jpg.jpg","type":"image\/jpeg"}],"author":"ch_admin","twitter_card":"summary_large_image","twitter_creator":"@compacthabit2","twitter_site":"@compacthabit2","twitter_misc":{"Written by":"ch_admin","Est. reading time":"1 minute"},"schema":{"@context":"https:\/\/schema.org","@graph":[{"@type":"WebPage","@id":"https:\/\/www.compacthabit.com\/ca\/2012\/05\/07\/compacthabit-i-constructora-daro-reben-el-guardo-greenbuilding-per-la-residencia-del-campus-de-la-upc-a-sant-cugat\/","url":"https:\/\/www.compacthabit.com\/ca\/2012\/05\/07\/compacthabit-i-constructora-daro-reben-el-guardo-greenbuilding-per-la-residencia-del-campus-de-la-upc-a-sant-cugat\/","name":"CompactHabit rep el guard\u00f3 Greenbuilding de la Comissi\u00f3 Europea","isPartOf":{"@id":"https:\/\/www.compacthabit.com\/ca\/fr\/#website"},"primaryImageOfPage":{"@id":"https:\/\/www.compacthabit.com\/ca\/2012\/05\/07\/compacthabit-i-constructora-daro-reben-el-guardo-greenbuilding-per-la-residencia-del-campus-de-la-upc-a-sant-cugat\/#primaryimage"},"image":{"@id":"https:\/\/www.compacthabit.com\/ca\/2012\/05\/07\/compacthabit-i-constructora-daro-reben-el-guardo-greenbuilding-per-la-residencia-del-campus-de-la-upc-a-sant-cugat\/#primaryimage"},"thumbnailUrl":"https:\/\/www.compacthabit.com\/wp-content\/uploads\/2017\/07\/1336381295.jpg.jpg","datePublished":"2012-05-07T15:50:58+00:00","dateModified":"2018-03-27T14:34:29+00:00","author":{"@id":"https:\/\/www.compacthabit.com\/ca\/fr\/#\/schema\/person\/07a97d7adc0f27cd30c1f5760373210a"},"description":"CompactHabit ha estat guardonada pel seu baix impacte mediambiental, l\u2019efici\u00e8ncia energ\u00e8tica i la innovaci\u00f3 tecnol\u00f2gica del sistema eMii","breadcrumb":{"@id":"https:\/\/www.compacthabit.com\/ca\/2012\/05\/07\/compacthabit-i-constructora-daro-reben-el-guardo-greenbuilding-per-la-residencia-del-campus-de-la-upc-a-sant-cugat\/#breadcrumb"},"inLanguage":"ca-ES","potentialAction":[{"@type":"ReadAction","target":["https:\/\/www.compacthabit.com\/ca\/2012\/05\/07\/compacthabit-i-constructora-daro-reben-el-guardo-greenbuilding-per-la-residencia-del-campus-de-la-upc-a-sant-cugat\/"]}]},{"@type":"ImageObject","inLanguage":"ca-ES","@id":"https:\/\/www.compacthabit.com\/ca\/2012\/05\/07\/compacthabit-i-constructora-daro-reben-el-guardo-greenbuilding-per-la-residencia-del-campus-de-la-upc-a-sant-cugat\/#primaryimage","url":"https:\/\/www.compacthabit.com\/wp-content\/uploads\/2017\/07\/1336381295.jpg.jpg","contentUrl":"https:\/\/www.compacthabit.com\/wp-content\/uploads\/2017\/07\/1336381295.jpg.jpg","width":600,"height":400,"caption":"CompactHabit student dorm residencia estudiantes residence universitaire sant cugat modular concrete beton formigo hormigon"},{"@type":"BreadcrumbList","@id":"https:\/\/www.compacthabit.com\/ca\/2012\/05\/07\/compacthabit-i-constructora-daro-reben-el-guardo-greenbuilding-per-la-residencia-del-campus-de-la-upc-a-sant-cugat\/#breadcrumb","itemListElement":[{"@type":"ListItem","position":1,"name":"Portada","item":"https:\/\/www.compacthabit.com\/ca\/"},{"@type":"ListItem","position":2,"name":"CompactHabit i Constructora d\u2019Aro reben el guard\u00f3 Greenbuilding per la resid\u00e8ncia del campus de la UPC a Sant Cugat"}]},{"@type":"WebSite","@id":"https:\/\/www.compacthabit.com\/ca\/fr\/#website","url":"https:\/\/www.compacthabit.com\/ca\/fr\/","name":"Compact Habit","description":"","potentialAction":[{"@type":"SearchAction","target":{"@type":"EntryPoint","urlTemplate":"https:\/\/www.compacthabit.com\/ca\/fr\/?s={search_term_string}"},"query-input":{"@type":"PropertyValueSpecification","valueRequired":true,"valueName":"search_term_string"}}],"inLanguage":"ca-ES"},{"@type":"Person","@id":"https:\/\/www.compacthabit.com\/ca\/fr\/#\/schema\/person\/07a97d7adc0f27cd30c1f5760373210a","name":"ch_admin","image":{"@type":"ImageObject","inLanguage":"ca-ES","@id":"https:\/\/www.compacthabit.com\/ca\/fr\/#\/schema\/person\/image\/","url":"https:\/\/secure.gravatar.com\/avatar\/2a392477be346b1b7c89c12855982831?s=96&d=mm&r=g","contentUrl":"https:\/\/secure.gravatar.com\/avatar\/2a392477be346b1b7c89c12855982831?s=96&d=mm&r=g","caption":"ch_admin"}}]}},"_links":{"self":[{"href":"https:\/\/www.compacthabit.com\/ca\/wp-json\/wp\/v2\/posts\/3689","targetHints":{"allow":["GET"]}}],"collection":[{"href":"https:\/\/www.compacthabit.com\/ca\/wp-json\/wp\/v2\/posts"}],"about":[{"href":"https:\/\/www.compacthabit.com\/ca\/wp-json\/wp\/v2\/types\/post"}],"author":[{"embeddable":true,"href":"https:\/\/www.compacthabit.com\/ca\/wp-json\/wp\/v2\/users\/1"}],"replies":[{"embeddable":true,"href":"https:\/\/www.compacthabit.com\/ca\/wp-json\/wp\/v2\/comments?post=3689"}],"version-history":[{"count":2,"href":"https:\/\/www.compacthabit.com\/ca\/wp-json\/wp\/v2\/posts\/3689\/revisions"}],"predecessor-version":[{"id":4609,"href":"https:\/\/www.compacthabit.com\/ca\/wp-json\/wp\/v2\/posts\/3689\/revisions\/4609"}],"wp:featuredmedia":[{"embeddable":true,"href":"https:\/\/www.compacthabit.com\/ca\/wp-json\/wp\/v2\/media\/2650"}],"wp:attachment":[{"href":"https:\/\/www.compacthabit.com\/ca\/wp-json\/wp\/v2\/media?parent=3689"}],"wp:term":[{"taxonomy":"category","embeddable":true,"href":"https:\/\/www.compacthabit.com\/ca\/wp-json\/wp\/v2\/categories?post=3689"},{"taxonomy":"post_tag","embeddable":true,"href":"https:\/\/www.compacthabit.com\/ca\/wp-json\/wp\/v2\/tags?post=3689"}],"curies":[{"name":"wp","href":"https:\/\/api.w.org\/{rel}","templated":true}]}}