{"id":3687,"date":"2012-06-15T15:49:33","date_gmt":"2012-06-15T15:49:33","guid":{"rendered":"http:\/\/www.compacthabit.com\/?p=3687\/"},"modified":"2017-10-25T07:38:53","modified_gmt":"2017-10-25T07:38:53","slug":"pimec-atorga-premi-empresa-competitiva-compacthabit","status":"publish","type":"post","link":"https:\/\/www.compacthabit.com\/ca\/2012\/06\/15\/pimec-atorga-premi-empresa-competitiva-compacthabit\/","title":{"rendered":"PIMEC atorga el premi a l&#8217;empresa mitjana m\u00e9s competitiva a CompactHabit"},"content":{"rendered":"<p>CompactHabit ha rebut aquest dilluns el premi PIME a l\u2019empresa mitjana catalana m\u00e9s competitiva de 2011 en el decurs d\u2019un acte celebrat a Barcelona, presidit per Artur Mas, president de la Generalitat i amb la assist\u00e8ncia d\u2019empresaris i autoritats de tot el pa\u00eds.<\/p>\n<p>Aquest guard\u00f3, que atorga anualment la patronal PIMEC, se suma a una \u00e0mplia relaci\u00f3 de reconeixements, tant d\u2019\u00e0mbit nacional com internacional que han premiat el car\u00e0cter competitiu i innovador de CompactHabit.<\/p>\n","protected":false},"excerpt":{"rendered":"<p>CompactHabit ha rebut aquest dilluns el premi PIME a l\u2019empresa mitjana catalana m\u00e9s competitiva de 2011 en el decurs d\u2019un acte celebrat a Barcelona, presidit per<span class=\"excerpt-hellip\"> [\u2026]<\/span><\/p>\n","protected":false},"author":1,"featured_media":2796,"comment_status":"open","ping_status":"open","sticky":false,"template":"","format":"standard","meta":{"_acf_changed":false,"_monsterinsights_skip_tracking":false,"_monsterinsights_sitenote_active":false,"_monsterinsights_sitenote_note":"","_monsterinsights_sitenote_category":0,"footnotes":""},"categories":[46,2],"tags":[],"class_list":["post-3687","post","type-post","status-publish","format-standard","has-post-thumbnail","hentry","category-blog","category-sense-categoria"],"acf":[],"yoast_head":"<!-- This site is optimized with the Yoast SEO plugin v26.0 - https:\/\/yoast.com\/wordpress\/plugins\/seo\/ -->\n<title>CompactHabit, premi a l&#039;empresa mitjana m\u00e9s competitiva<\/title>\n<meta name=\"description\" content=\"CompactHabit ha rebut aquest dilluns el premi PIME a l\u2019empresa mitjana catalana m\u00e9s competitiva de 2011\" \/>\n<meta name=\"robots\" content=\"index, follow, max-snippet:-1, max-image-preview:large, max-video-preview:-1\" \/>\n<meta property=\"og:locale\" content=\"ca_ES\" \/>\n<meta property=\"og:type\" content=\"article\" \/>\n<meta property=\"og:title\" content=\"CompactHabit, premi a l&#039;empresa mitjana m\u00e9s competitiva\" \/>\n<meta property=\"og:description\" content=\"CompactHabit ha rebut aquest dilluns el premi PIME a l\u2019empresa mitjana catalana m\u00e9s competitiva de 2011\" \/>\n<meta property=\"og:url\" content=\"https:\/\/www.compacthabit.com\/ca\/2012\/06\/15\/pimec-atorga-premi-empresa-competitiva-compacthabit\/\" \/>\n<meta property=\"og:site_name\" content=\"Compact Habit\" \/>\n<meta property=\"article:publisher\" content=\"https:\/\/www.facebook.com\/CompactHabit\/\" \/>\n<meta property=\"article:published_time\" content=\"2012-06-15T15:49:33+00:00\" \/>\n<meta property=\"article:modified_time\" content=\"2017-10-25T07:38:53+00:00\" \/>\n<meta property=\"og:image\" content=\"https:\/\/www.compacthabit.com\/wp-content\/uploads\/2012\/06\/new07.jpg\" \/>\n\t<meta property=\"og:image:width\" content=\"600\" \/>\n\t<meta property=\"og:image:height\" content=\"410\" \/>\n\t<meta property=\"og:image:type\" content=\"image\/jpeg\" \/>\n<meta name=\"author\" content=\"ch_admin\" \/>\n<meta name=\"twitter:card\" content=\"summary_large_image\" \/>\n<meta name=\"twitter:creator\" content=\"@compacthabit2\" \/>\n<meta name=\"twitter:site\" content=\"@compacthabit2\" \/>\n<meta name=\"twitter:label1\" content=\"Written by\" \/>\n\t<meta name=\"twitter:data1\" content=\"ch_admin\" \/>\n<script type=\"application\/ld+json\" class=\"yoast-schema-graph\">{\"@context\":\"https:\/\/schema.org\",\"@graph\":[{\"@type\":\"WebPage\",\"@id\":\"https:\/\/www.compacthabit.com\/ca\/2012\/06\/15\/pimec-atorga-premi-empresa-competitiva-compacthabit\/\",\"url\":\"https:\/\/www.compacthabit.com\/ca\/2012\/06\/15\/pimec-atorga-premi-empresa-competitiva-compacthabit\/\",\"name\":\"CompactHabit, premi a l'empresa mitjana m\u00e9s competitiva\",\"isPartOf\":{\"@id\":\"https:\/\/www.compacthabit.com\/ca\/fr\/#website\"},\"primaryImageOfPage\":{\"@id\":\"https:\/\/www.compacthabit.com\/ca\/2012\/06\/15\/pimec-atorga-premi-empresa-competitiva-compacthabit\/#primaryimage\"},\"image\":{\"@id\":\"https:\/\/www.compacthabit.com\/ca\/2012\/06\/15\/pimec-atorga-premi-empresa-competitiva-compacthabit\/#primaryimage\"},\"thumbnailUrl\":\"https:\/\/www.compacthabit.com\/wp-content\/uploads\/2012\/06\/new07.jpg\",\"datePublished\":\"2012-06-15T15:49:33+00:00\",\"dateModified\":\"2017-10-25T07:38:53+00:00\",\"author\":{\"@id\":\"https:\/\/www.compacthabit.com\/ca\/fr\/#\/schema\/person\/07a97d7adc0f27cd30c1f5760373210a\"},\"description\":\"CompactHabit ha rebut aquest dilluns el premi PIME a l\u2019empresa mitjana catalana m\u00e9s competitiva de 2011\",\"breadcrumb\":{\"@id\":\"https:\/\/www.compacthabit.com\/ca\/2012\/06\/15\/pimec-atorga-premi-empresa-competitiva-compacthabit\/#breadcrumb\"},\"inLanguage\":\"ca-ES\",\"potentialAction\":[{\"@type\":\"ReadAction\",\"target\":[\"https:\/\/www.compacthabit.com\/ca\/2012\/06\/15\/pimec-atorga-premi-empresa-competitiva-compacthabit\/\"]}]},{\"@type\":\"ImageObject\",\"inLanguage\":\"ca-ES\",\"@id\":\"https:\/\/www.compacthabit.com\/ca\/2012\/06\/15\/pimec-atorga-premi-empresa-competitiva-compacthabit\/#primaryimage\",\"url\":\"https:\/\/www.compacthabit.com\/wp-content\/uploads\/2012\/06\/new07.jpg\",\"contentUrl\":\"https:\/\/www.compacthabit.com\/wp-content\/uploads\/2012\/06\/new07.jpg\",\"width\":600,\"height\":410,\"caption\":\"PIMEC compacthabit award prix premi SME PYME\"},{\"@type\":\"BreadcrumbList\",\"@id\":\"https:\/\/www.compacthabit.com\/ca\/2012\/06\/15\/pimec-atorga-premi-empresa-competitiva-compacthabit\/#breadcrumb\",\"itemListElement\":[{\"@type\":\"ListItem\",\"position\":1,\"name\":\"Portada\",\"item\":\"https:\/\/www.compacthabit.com\/ca\/\"},{\"@type\":\"ListItem\",\"position\":2,\"name\":\"PIMEC atorga el premi a l&#8217;empresa mitjana m\u00e9s competitiva a CompactHabit\"}]},{\"@type\":\"WebSite\",\"@id\":\"https:\/\/www.compacthabit.com\/ca\/fr\/#website\",\"url\":\"https:\/\/www.compacthabit.com\/ca\/fr\/\",\"name\":\"Compact Habit\",\"description\":\"\",\"potentialAction\":[{\"@type\":\"SearchAction\",\"target\":{\"@type\":\"EntryPoint\",\"urlTemplate\":\"https:\/\/www.compacthabit.com\/ca\/fr\/?s={search_term_string}\"},\"query-input\":{\"@type\":\"PropertyValueSpecification\",\"valueRequired\":true,\"valueName\":\"search_term_string\"}}],\"inLanguage\":\"ca-ES\"},{\"@type\":\"Person\",\"@id\":\"https:\/\/www.compacthabit.com\/ca\/fr\/#\/schema\/person\/07a97d7adc0f27cd30c1f5760373210a\",\"name\":\"ch_admin\",\"image\":{\"@type\":\"ImageObject\",\"inLanguage\":\"ca-ES\",\"@id\":\"https:\/\/www.compacthabit.com\/ca\/fr\/#\/schema\/person\/image\/\",\"url\":\"https:\/\/secure.gravatar.com\/avatar\/2a392477be346b1b7c89c12855982831?s=96&d=mm&r=g\",\"contentUrl\":\"https:\/\/secure.gravatar.com\/avatar\/2a392477be346b1b7c89c12855982831?s=96&d=mm&r=g\",\"caption\":\"ch_admin\"}}]}<\/script>\n<!-- \/ Yoast SEO plugin. -->","yoast_head_json":{"title":"CompactHabit, premi a l'empresa mitjana m\u00e9s competitiva","description":"CompactHabit ha rebut aquest dilluns el premi PIME a l\u2019empresa mitjana catalana m\u00e9s competitiva de 2011","robots":{"index":"index","follow":"follow","max-snippet":"max-snippet:-1","max-image-preview":"max-image-preview:large","max-video-preview":"max-video-preview:-1"},"og_locale":"ca_ES","og_type":"article","og_title":"CompactHabit, premi a l'empresa mitjana m\u00e9s competitiva","og_description":"CompactHabit ha rebut aquest dilluns el premi PIME a l\u2019empresa mitjana catalana m\u00e9s competitiva de 2011","og_url":"https:\/\/www.compacthabit.com\/ca\/2012\/06\/15\/pimec-atorga-premi-empresa-competitiva-compacthabit\/","og_site_name":"Compact Habit","article_publisher":"https:\/\/www.facebook.com\/CompactHabit\/","article_published_time":"2012-06-15T15:49:33+00:00","article_modified_time":"2017-10-25T07:38:53+00:00","og_image":[{"width":600,"height":410,"url":"https:\/\/www.compacthabit.com\/wp-content\/uploads\/2012\/06\/new07.jpg","type":"image\/jpeg"}],"author":"ch_admin","twitter_card":"summary_large_image","twitter_creator":"@compacthabit2","twitter_site":"@compacthabit2","twitter_misc":{"Written by":"ch_admin"},"schema":{"@context":"https:\/\/schema.org","@graph":[{"@type":"WebPage","@id":"https:\/\/www.compacthabit.com\/ca\/2012\/06\/15\/pimec-atorga-premi-empresa-competitiva-compacthabit\/","url":"https:\/\/www.compacthabit.com\/ca\/2012\/06\/15\/pimec-atorga-premi-empresa-competitiva-compacthabit\/","name":"CompactHabit, premi a l'empresa mitjana m\u00e9s competitiva","isPartOf":{"@id":"https:\/\/www.compacthabit.com\/ca\/fr\/#website"},"primaryImageOfPage":{"@id":"https:\/\/www.compacthabit.com\/ca\/2012\/06\/15\/pimec-atorga-premi-empresa-competitiva-compacthabit\/#primaryimage"},"image":{"@id":"https:\/\/www.compacthabit.com\/ca\/2012\/06\/15\/pimec-atorga-premi-empresa-competitiva-compacthabit\/#primaryimage"},"thumbnailUrl":"https:\/\/www.compacthabit.com\/wp-content\/uploads\/2012\/06\/new07.jpg","datePublished":"2012-06-15T15:49:33+00:00","dateModified":"2017-10-25T07:38:53+00:00","author":{"@id":"https:\/\/www.compacthabit.com\/ca\/fr\/#\/schema\/person\/07a97d7adc0f27cd30c1f5760373210a"},"description":"CompactHabit ha rebut aquest dilluns el premi PIME a l\u2019empresa mitjana catalana m\u00e9s competitiva de 2011","breadcrumb":{"@id":"https:\/\/www.compacthabit.com\/ca\/2012\/06\/15\/pimec-atorga-premi-empresa-competitiva-compacthabit\/#breadcrumb"},"inLanguage":"ca-ES","potentialAction":[{"@type":"ReadAction","target":["https:\/\/www.compacthabit.com\/ca\/2012\/06\/15\/pimec-atorga-premi-empresa-competitiva-compacthabit\/"]}]},{"@type":"ImageObject","inLanguage":"ca-ES","@id":"https:\/\/www.compacthabit.com\/ca\/2012\/06\/15\/pimec-atorga-premi-empresa-competitiva-compacthabit\/#primaryimage","url":"https:\/\/www.compacthabit.com\/wp-content\/uploads\/2012\/06\/new07.jpg","contentUrl":"https:\/\/www.compacthabit.com\/wp-content\/uploads\/2012\/06\/new07.jpg","width":600,"height":410,"caption":"PIMEC compacthabit award prix premi SME PYME"},{"@type":"BreadcrumbList","@id":"https:\/\/www.compacthabit.com\/ca\/2012\/06\/15\/pimec-atorga-premi-empresa-competitiva-compacthabit\/#breadcrumb","itemListElement":[{"@type":"ListItem","position":1,"name":"Portada","item":"https:\/\/www.compacthabit.com\/ca\/"},{"@type":"ListItem","position":2,"name":"PIMEC atorga el premi a l&#8217;empresa mitjana m\u00e9s competitiva a CompactHabit"}]},{"@type":"WebSite","@id":"https:\/\/www.compacthabit.com\/ca\/fr\/#website","url":"https:\/\/www.compacthabit.com\/ca\/fr\/","name":"Compact Habit","description":"","potentialAction":[{"@type":"SearchAction","target":{"@type":"EntryPoint","urlTemplate":"https:\/\/www.compacthabit.com\/ca\/fr\/?s={search_term_string}"},"query-input":{"@type":"PropertyValueSpecification","valueRequired":true,"valueName":"search_term_string"}}],"inLanguage":"ca-ES"},{"@type":"Person","@id":"https:\/\/www.compacthabit.com\/ca\/fr\/#\/schema\/person\/07a97d7adc0f27cd30c1f5760373210a","name":"ch_admin","image":{"@type":"ImageObject","inLanguage":"ca-ES","@id":"https:\/\/www.compacthabit.com\/ca\/fr\/#\/schema\/person\/image\/","url":"https:\/\/secure.gravatar.com\/avatar\/2a392477be346b1b7c89c12855982831?s=96&d=mm&r=g","contentUrl":"https:\/\/secure.gravatar.com\/avatar\/2a392477be346b1b7c89c12855982831?s=96&d=mm&r=g","caption":"ch_admin"}}]}},"_links":{"self":[{"href":"https:\/\/www.compacthabit.com\/ca\/wp-json\/wp\/v2\/posts\/3687","targetHints":{"allow":["GET"]}}],"collection":[{"href":"https:\/\/www.compacthabit.com\/ca\/wp-json\/wp\/v2\/posts"}],"about":[{"href":"https:\/\/www.compacthabit.com\/ca\/wp-json\/wp\/v2\/types\/post"}],"author":[{"embeddable":true,"href":"https:\/\/www.compacthabit.com\/ca\/wp-json\/wp\/v2\/users\/1"}],"replies":[{"embeddable":true,"href":"https:\/\/www.compacthabit.com\/ca\/wp-json\/wp\/v2\/comments?post=3687"}],"version-history":[{"count":2,"href":"https:\/\/www.compacthabit.com\/ca\/wp-json\/wp\/v2\/posts\/3687\/revisions"}],"predecessor-version":[{"id":4608,"href":"https:\/\/www.compacthabit.com\/ca\/wp-json\/wp\/v2\/posts\/3687\/revisions\/4608"}],"wp:featuredmedia":[{"embeddable":true,"href":"https:\/\/www.compacthabit.com\/ca\/wp-json\/wp\/v2\/media\/2796"}],"wp:attachment":[{"href":"https:\/\/www.compacthabit.com\/ca\/wp-json\/wp\/v2\/media?parent=3687"}],"wp:term":[{"taxonomy":"category","embeddable":true,"href":"https:\/\/www.compacthabit.com\/ca\/wp-json\/wp\/v2\/categories?post=3687"},{"taxonomy":"post_tag","embeddable":true,"href":"https:\/\/www.compacthabit.com\/ca\/wp-json\/wp\/v2\/tags?post=3687"}],"curies":[{"name":"wp","href":"https:\/\/api.w.org\/{rel}","templated":true}]}}