{"id":3671,"date":"2012-09-28T12:15:02","date_gmt":"2012-09-28T12:15:02","guid":{"rendered":"http:\/\/www.compacthabit.com\/?p=3671\/"},"modified":"2017-10-25T07:34:42","modified_gmt":"2017-10-25T07:34:42","slug":"compacthabit-convidada-emii-19th-international-iff-conference-weimar-alemanya","status":"publish","type":"post","link":"https:\/\/www.compacthabit.com\/ca\/2012\/09\/28\/compacthabit-convidada-emii-19th-international-iff-conference-weimar-alemanya\/","title":{"rendered":"CompactHabit ha estat convidada a presentar el sistema eMii dins el marc de la 19th International IFF Conference a Alemanya"},"content":{"rendered":"<p><strong>CompactHabit participar\u00e0 a la 19th International IFF(Institut f\u00fcr Fertigteiltechnik und Fertigbau) Conference que tindr\u00e0 lloc els propers 13 i 14 de novembre a la ciutat alemana de Weimar.<\/strong><\/p>\n<p>L&#8217;acte, organitzat pel IAB (Institute of Applied Building Research) de Weimar, tindr\u00e0 com a tem\u00e0tica principal &#8220;La construcci\u00f3 del futur amb formig\u00f3 sostenible&#8221;. Basats en l&#8217;augment de l&#8217;efici\u00e8ncia amb la producci\u00f3 industrialitzada, els temes principals de la confer\u00e8ncia internacional pivotaran sobre les innovacions en el desenvolupament de materials i productes de construcci\u00f3, tecnologia i l&#8217;enginyeria de processos.<\/p>\n<p>Amb la seva participaci\u00f3, CompactHabit tindr\u00e0 la possibilitat de presentar el seu sistema eMii (edificaci\u00f3 Modular integral industrialitzada) en un escenari internacional, i aix\u00ed donar a con\u00e8ixer els m\u00faltiples avantatges que pot aportar vers la construcci\u00f3 tradicional.<\/p>\n","protected":false},"excerpt":{"rendered":"<p>CompactHabit participar\u00e0 a la 19th International IFF(Institut f\u00fcr Fertigteiltechnik und Fertigbau) Conference que tindr\u00e0 lloc els propers 13 i 14 de novembre a la ciutat alemana<span class=\"excerpt-hellip\"> [\u2026]<\/span><\/p>\n","protected":false},"author":1,"featured_media":2621,"comment_status":"open","ping_status":"open","sticky":false,"template":"","format":"standard","meta":{"_acf_changed":false,"_monsterinsights_skip_tracking":false,"_monsterinsights_sitenote_active":false,"_monsterinsights_sitenote_note":"","_monsterinsights_sitenote_category":0,"footnotes":""},"categories":[46,2],"tags":[],"class_list":["post-3671","post","type-post","status-publish","format-standard","has-post-thumbnail","hentry","category-blog","category-sense-categoria"],"acf":[],"yoast_head":"<!-- This site is optimized with the Yoast SEO plugin v26.0 - https:\/\/yoast.com\/wordpress\/plugins\/seo\/ -->\n<title>CompactHabit presenta el sistema eMii a la IFF Conference<\/title>\n<meta name=\"description\" content=\"CompactHabit participar\u00e0 a la 19th International IFF(Institut f\u00fcr Fertigteiltechnik und Fertigbau) Conference a la ciutat alemana de Weimar.\" \/>\n<meta name=\"robots\" content=\"index, follow, max-snippet:-1, max-image-preview:large, max-video-preview:-1\" \/>\n<meta property=\"og:locale\" content=\"ca_ES\" \/>\n<meta property=\"og:type\" content=\"article\" \/>\n<meta property=\"og:title\" content=\"CompactHabit presenta el sistema eMii a la IFF Conference\" \/>\n<meta property=\"og:description\" content=\"CompactHabit participar\u00e0 a la 19th International IFF(Institut f\u00fcr Fertigteiltechnik und Fertigbau) Conference a la ciutat alemana de Weimar.\" \/>\n<meta property=\"og:url\" content=\"https:\/\/www.compacthabit.com\/ca\/2012\/09\/28\/compacthabit-convidada-emii-19th-international-iff-conference-weimar-alemanya\/\" \/>\n<meta property=\"og:site_name\" content=\"Compact Habit\" \/>\n<meta property=\"article:publisher\" content=\"https:\/\/www.facebook.com\/CompactHabit\/\" \/>\n<meta property=\"article:published_time\" content=\"2012-09-28T12:15:02+00:00\" \/>\n<meta property=\"article:modified_time\" content=\"2017-10-25T07:34:42+00:00\" \/>\n<meta property=\"og:image\" content=\"https:\/\/www.compacthabit.com\/wp-content\/uploads\/2017\/07\/1348824092.jpg.jpg\" \/>\n\t<meta property=\"og:image:width\" content=\"600\" \/>\n\t<meta property=\"og:image:height\" content=\"506\" \/>\n\t<meta property=\"og:image:type\" content=\"image\/jpeg\" \/>\n<meta name=\"author\" content=\"ch_admin\" \/>\n<meta name=\"twitter:card\" content=\"summary_large_image\" \/>\n<meta name=\"twitter:creator\" content=\"@compacthabit2\" \/>\n<meta name=\"twitter:site\" content=\"@compacthabit2\" \/>\n<meta name=\"twitter:label1\" content=\"Written by\" \/>\n\t<meta name=\"twitter:data1\" content=\"ch_admin\" \/>\n\t<meta name=\"twitter:label2\" content=\"Est. reading time\" \/>\n\t<meta name=\"twitter:data2\" content=\"1 minute\" \/>\n<script type=\"application\/ld+json\" class=\"yoast-schema-graph\">{\"@context\":\"https:\/\/schema.org\",\"@graph\":[{\"@type\":\"WebPage\",\"@id\":\"https:\/\/www.compacthabit.com\/ca\/2012\/09\/28\/compacthabit-convidada-emii-19th-international-iff-conference-weimar-alemanya\/\",\"url\":\"https:\/\/www.compacthabit.com\/ca\/2012\/09\/28\/compacthabit-convidada-emii-19th-international-iff-conference-weimar-alemanya\/\",\"name\":\"CompactHabit presenta el sistema eMii a la IFF Conference\",\"isPartOf\":{\"@id\":\"https:\/\/www.compacthabit.com\/ca\/fr\/#website\"},\"primaryImageOfPage\":{\"@id\":\"https:\/\/www.compacthabit.com\/ca\/2012\/09\/28\/compacthabit-convidada-emii-19th-international-iff-conference-weimar-alemanya\/#primaryimage\"},\"image\":{\"@id\":\"https:\/\/www.compacthabit.com\/ca\/2012\/09\/28\/compacthabit-convidada-emii-19th-international-iff-conference-weimar-alemanya\/#primaryimage\"},\"thumbnailUrl\":\"https:\/\/www.compacthabit.com\/wp-content\/uploads\/2017\/07\/1348824092.jpg.jpg\",\"datePublished\":\"2012-09-28T12:15:02+00:00\",\"dateModified\":\"2017-10-25T07:34:42+00:00\",\"author\":{\"@id\":\"https:\/\/www.compacthabit.com\/ca\/fr\/#\/schema\/person\/07a97d7adc0f27cd30c1f5760373210a\"},\"description\":\"CompactHabit participar\u00e0 a la 19th International IFF(Institut f\u00fcr Fertigteiltechnik und Fertigbau) Conference a la ciutat alemana de Weimar.\",\"breadcrumb\":{\"@id\":\"https:\/\/www.compacthabit.com\/ca\/2012\/09\/28\/compacthabit-convidada-emii-19th-international-iff-conference-weimar-alemanya\/#breadcrumb\"},\"inLanguage\":\"ca-ES\",\"potentialAction\":[{\"@type\":\"ReadAction\",\"target\":[\"https:\/\/www.compacthabit.com\/ca\/2012\/09\/28\/compacthabit-convidada-emii-19th-international-iff-conference-weimar-alemanya\/\"]}]},{\"@type\":\"ImageObject\",\"inLanguage\":\"ca-ES\",\"@id\":\"https:\/\/www.compacthabit.com\/ca\/2012\/09\/28\/compacthabit-convidada-emii-19th-international-iff-conference-weimar-alemanya\/#primaryimage\",\"url\":\"https:\/\/www.compacthabit.com\/wp-content\/uploads\/2017\/07\/1348824092.jpg.jpg\",\"contentUrl\":\"https:\/\/www.compacthabit.com\/wp-content\/uploads\/2017\/07\/1348824092.jpg.jpg\",\"width\":600,\"height\":506},{\"@type\":\"BreadcrumbList\",\"@id\":\"https:\/\/www.compacthabit.com\/ca\/2012\/09\/28\/compacthabit-convidada-emii-19th-international-iff-conference-weimar-alemanya\/#breadcrumb\",\"itemListElement\":[{\"@type\":\"ListItem\",\"position\":1,\"name\":\"Portada\",\"item\":\"https:\/\/www.compacthabit.com\/ca\/\"},{\"@type\":\"ListItem\",\"position\":2,\"name\":\"CompactHabit ha estat convidada a presentar el sistema eMii dins el marc de la 19th International IFF Conference a Alemanya\"}]},{\"@type\":\"WebSite\",\"@id\":\"https:\/\/www.compacthabit.com\/ca\/fr\/#website\",\"url\":\"https:\/\/www.compacthabit.com\/ca\/fr\/\",\"name\":\"Compact Habit\",\"description\":\"\",\"potentialAction\":[{\"@type\":\"SearchAction\",\"target\":{\"@type\":\"EntryPoint\",\"urlTemplate\":\"https:\/\/www.compacthabit.com\/ca\/fr\/?s={search_term_string}\"},\"query-input\":{\"@type\":\"PropertyValueSpecification\",\"valueRequired\":true,\"valueName\":\"search_term_string\"}}],\"inLanguage\":\"ca-ES\"},{\"@type\":\"Person\",\"@id\":\"https:\/\/www.compacthabit.com\/ca\/fr\/#\/schema\/person\/07a97d7adc0f27cd30c1f5760373210a\",\"name\":\"ch_admin\",\"image\":{\"@type\":\"ImageObject\",\"inLanguage\":\"ca-ES\",\"@id\":\"https:\/\/www.compacthabit.com\/ca\/fr\/#\/schema\/person\/image\/\",\"url\":\"https:\/\/secure.gravatar.com\/avatar\/2a392477be346b1b7c89c12855982831?s=96&d=mm&r=g\",\"contentUrl\":\"https:\/\/secure.gravatar.com\/avatar\/2a392477be346b1b7c89c12855982831?s=96&d=mm&r=g\",\"caption\":\"ch_admin\"}}]}<\/script>\n<!-- \/ Yoast SEO plugin. -->","yoast_head_json":{"title":"CompactHabit presenta el sistema eMii a la IFF Conference","description":"CompactHabit participar\u00e0 a la 19th International IFF(Institut f\u00fcr Fertigteiltechnik und Fertigbau) Conference a la ciutat alemana de Weimar.","robots":{"index":"index","follow":"follow","max-snippet":"max-snippet:-1","max-image-preview":"max-image-preview:large","max-video-preview":"max-video-preview:-1"},"og_locale":"ca_ES","og_type":"article","og_title":"CompactHabit presenta el sistema eMii a la IFF Conference","og_description":"CompactHabit participar\u00e0 a la 19th International IFF(Institut f\u00fcr Fertigteiltechnik und Fertigbau) Conference a la ciutat alemana de Weimar.","og_url":"https:\/\/www.compacthabit.com\/ca\/2012\/09\/28\/compacthabit-convidada-emii-19th-international-iff-conference-weimar-alemanya\/","og_site_name":"Compact Habit","article_publisher":"https:\/\/www.facebook.com\/CompactHabit\/","article_published_time":"2012-09-28T12:15:02+00:00","article_modified_time":"2017-10-25T07:34:42+00:00","og_image":[{"width":600,"height":506,"url":"https:\/\/www.compacthabit.com\/wp-content\/uploads\/2017\/07\/1348824092.jpg.jpg","type":"image\/jpeg"}],"author":"ch_admin","twitter_card":"summary_large_image","twitter_creator":"@compacthabit2","twitter_site":"@compacthabit2","twitter_misc":{"Written by":"ch_admin","Est. reading time":"1 minute"},"schema":{"@context":"https:\/\/schema.org","@graph":[{"@type":"WebPage","@id":"https:\/\/www.compacthabit.com\/ca\/2012\/09\/28\/compacthabit-convidada-emii-19th-international-iff-conference-weimar-alemanya\/","url":"https:\/\/www.compacthabit.com\/ca\/2012\/09\/28\/compacthabit-convidada-emii-19th-international-iff-conference-weimar-alemanya\/","name":"CompactHabit presenta el sistema eMii a la IFF Conference","isPartOf":{"@id":"https:\/\/www.compacthabit.com\/ca\/fr\/#website"},"primaryImageOfPage":{"@id":"https:\/\/www.compacthabit.com\/ca\/2012\/09\/28\/compacthabit-convidada-emii-19th-international-iff-conference-weimar-alemanya\/#primaryimage"},"image":{"@id":"https:\/\/www.compacthabit.com\/ca\/2012\/09\/28\/compacthabit-convidada-emii-19th-international-iff-conference-weimar-alemanya\/#primaryimage"},"thumbnailUrl":"https:\/\/www.compacthabit.com\/wp-content\/uploads\/2017\/07\/1348824092.jpg.jpg","datePublished":"2012-09-28T12:15:02+00:00","dateModified":"2017-10-25T07:34:42+00:00","author":{"@id":"https:\/\/www.compacthabit.com\/ca\/fr\/#\/schema\/person\/07a97d7adc0f27cd30c1f5760373210a"},"description":"CompactHabit participar\u00e0 a la 19th International IFF(Institut f\u00fcr Fertigteiltechnik und Fertigbau) Conference a la ciutat alemana de Weimar.","breadcrumb":{"@id":"https:\/\/www.compacthabit.com\/ca\/2012\/09\/28\/compacthabit-convidada-emii-19th-international-iff-conference-weimar-alemanya\/#breadcrumb"},"inLanguage":"ca-ES","potentialAction":[{"@type":"ReadAction","target":["https:\/\/www.compacthabit.com\/ca\/2012\/09\/28\/compacthabit-convidada-emii-19th-international-iff-conference-weimar-alemanya\/"]}]},{"@type":"ImageObject","inLanguage":"ca-ES","@id":"https:\/\/www.compacthabit.com\/ca\/2012\/09\/28\/compacthabit-convidada-emii-19th-international-iff-conference-weimar-alemanya\/#primaryimage","url":"https:\/\/www.compacthabit.com\/wp-content\/uploads\/2017\/07\/1348824092.jpg.jpg","contentUrl":"https:\/\/www.compacthabit.com\/wp-content\/uploads\/2017\/07\/1348824092.jpg.jpg","width":600,"height":506},{"@type":"BreadcrumbList","@id":"https:\/\/www.compacthabit.com\/ca\/2012\/09\/28\/compacthabit-convidada-emii-19th-international-iff-conference-weimar-alemanya\/#breadcrumb","itemListElement":[{"@type":"ListItem","position":1,"name":"Portada","item":"https:\/\/www.compacthabit.com\/ca\/"},{"@type":"ListItem","position":2,"name":"CompactHabit ha estat convidada a presentar el sistema eMii dins el marc de la 19th International IFF Conference a Alemanya"}]},{"@type":"WebSite","@id":"https:\/\/www.compacthabit.com\/ca\/fr\/#website","url":"https:\/\/www.compacthabit.com\/ca\/fr\/","name":"Compact Habit","description":"","potentialAction":[{"@type":"SearchAction","target":{"@type":"EntryPoint","urlTemplate":"https:\/\/www.compacthabit.com\/ca\/fr\/?s={search_term_string}"},"query-input":{"@type":"PropertyValueSpecification","valueRequired":true,"valueName":"search_term_string"}}],"inLanguage":"ca-ES"},{"@type":"Person","@id":"https:\/\/www.compacthabit.com\/ca\/fr\/#\/schema\/person\/07a97d7adc0f27cd30c1f5760373210a","name":"ch_admin","image":{"@type":"ImageObject","inLanguage":"ca-ES","@id":"https:\/\/www.compacthabit.com\/ca\/fr\/#\/schema\/person\/image\/","url":"https:\/\/secure.gravatar.com\/avatar\/2a392477be346b1b7c89c12855982831?s=96&d=mm&r=g","contentUrl":"https:\/\/secure.gravatar.com\/avatar\/2a392477be346b1b7c89c12855982831?s=96&d=mm&r=g","caption":"ch_admin"}}]}},"_links":{"self":[{"href":"https:\/\/www.compacthabit.com\/ca\/wp-json\/wp\/v2\/posts\/3671","targetHints":{"allow":["GET"]}}],"collection":[{"href":"https:\/\/www.compacthabit.com\/ca\/wp-json\/wp\/v2\/posts"}],"about":[{"href":"https:\/\/www.compacthabit.com\/ca\/wp-json\/wp\/v2\/types\/post"}],"author":[{"embeddable":true,"href":"https:\/\/www.compacthabit.com\/ca\/wp-json\/wp\/v2\/users\/1"}],"replies":[{"embeddable":true,"href":"https:\/\/www.compacthabit.com\/ca\/wp-json\/wp\/v2\/comments?post=3671"}],"version-history":[{"count":5,"href":"https:\/\/www.compacthabit.com\/ca\/wp-json\/wp\/v2\/posts\/3671\/revisions"}],"predecessor-version":[{"id":4605,"href":"https:\/\/www.compacthabit.com\/ca\/wp-json\/wp\/v2\/posts\/3671\/revisions\/4605"}],"wp:featuredmedia":[{"embeddable":true,"href":"https:\/\/www.compacthabit.com\/ca\/wp-json\/wp\/v2\/media\/2621"}],"wp:attachment":[{"href":"https:\/\/www.compacthabit.com\/ca\/wp-json\/wp\/v2\/media?parent=3671"}],"wp:term":[{"taxonomy":"category","embeddable":true,"href":"https:\/\/www.compacthabit.com\/ca\/wp-json\/wp\/v2\/categories?post=3671"},{"taxonomy":"post_tag","embeddable":true,"href":"https:\/\/www.compacthabit.com\/ca\/wp-json\/wp\/v2\/tags?post=3671"}],"curies":[{"name":"wp","href":"https:\/\/api.w.org\/{rel}","templated":true}]}}