{"id":3667,"date":"2012-10-19T15:11:15","date_gmt":"2012-10-19T15:11:15","guid":{"rendered":"http:\/\/www.compacthabit.com\/?p=3667\/"},"modified":"2017-10-30T15:28:02","modified_gmt":"2017-10-30T15:28:02","slug":"compacthabit-participa-en-una-taula-rodona-sobre-innovacio-constructiva-i-habitatge-social-al-sud-oest-europa","status":"publish","type":"post","link":"https:\/\/www.compacthabit.com\/ca\/2012\/10\/19\/compacthabit-participa-en-una-taula-rodona-sobre-innovacio-constructiva-i-habitatge-social-al-sud-oest-europa\/","title":{"rendered":"CompactHabit participa en una taula rodona sobre innovaci\u00f3 constructiva i habitatge social al sud-oest d\u2019Europa"},"content":{"rendered":"<p>CompactHabit participa en una taula rodona del programa Ecohabitat, un projecte de cooperaci\u00f3 transnacional per a la innovaci\u00f3 tecnol\u00f2gica i les pr\u00e0ctiques socials en mat\u00e8ria d\u2019habitatge sostenible en el medi urb\u00e0 del sud-oest d\u2019Europa. Ecohabitat el presideix la Comunitat Urbana de Grand Tolouse i en s\u00f3n membres associats diferents institucions i entitats, tant de l\u2019estat franc\u00e8s com espanyol.<\/p>\n<p>La taula rodona \u00abInnovaci\u00f3 constructiva i habitatge social al sud-oest europeu \u00bb se celebrar\u00e0 el dijous, 25 d\u2019octubre, a les 7 de la tarda a l\u2019Institut Franc\u00e8s de Barcelona. La moderar\u00e0 l\u2019arquitecte i catedr\u00e0tic de construcci\u00f3 Fernando Ramos i hi intervindran Josep Armengol, director general de CompactHabit; Montse Pujol, gerent de Sistema SOM\/Prefabricats Pujol; Rosa Vilarasau, s\u00f2cia fundadora de Sistema Noem i Luis Buznego, conseller delegat de Modultec.<\/p>\n<p>Tamb\u00e9 hi participaran els arquitectes Claudi Aguil\u00f3, de DataAE ; Sander Laudy, B01 arquitectes ; Josep Bunyesc i Antoni Montes, d\u2019estudi F451.<\/p>\n","protected":false},"excerpt":{"rendered":"<p>CompactHabit participa en una taula rodona del programa Ecohabitat, un projecte de cooperaci\u00f3 transnacional per a la innovaci\u00f3 tecnol\u00f2gica i les pr\u00e0ctiques socials en mat\u00e8ria d\u2019habitatge<span class=\"excerpt-hellip\"> [\u2026]<\/span><\/p>\n","protected":false},"author":1,"featured_media":2790,"comment_status":"open","ping_status":"open","sticky":false,"template":"","format":"standard","meta":{"_acf_changed":false,"_monsterinsights_skip_tracking":false,"_monsterinsights_sitenote_active":false,"_monsterinsights_sitenote_note":"","_monsterinsights_sitenote_category":0,"footnotes":""},"categories":[46,2],"tags":[],"class_list":["post-3667","post","type-post","status-publish","format-standard","has-post-thumbnail","hentry","category-blog","category-sense-categoria"],"acf":[],"yoast_head":"<!-- This site is optimized with the Yoast SEO plugin v26.0 - https:\/\/yoast.com\/wordpress\/plugins\/seo\/ -->\n<title>CompactHabit participa en una taula rodona sobre innovaci\u00f3<\/title>\n<meta name=\"description\" content=\"CompactHabit participa en una taula rodona del programa Ecohabitat,\" \/>\n<meta name=\"robots\" content=\"index, follow, max-snippet:-1, max-image-preview:large, max-video-preview:-1\" \/>\n<meta property=\"og:locale\" content=\"ca_ES\" \/>\n<meta property=\"og:type\" content=\"article\" \/>\n<meta property=\"og:title\" content=\"CompactHabit participa en una taula rodona sobre innovaci\u00f3\" \/>\n<meta property=\"og:description\" content=\"CompactHabit participa en una taula rodona del programa Ecohabitat,\" \/>\n<meta property=\"og:url\" content=\"https:\/\/www.compacthabit.com\/ca\/2012\/10\/19\/compacthabit-participa-en-una-taula-rodona-sobre-innovacio-constructiva-i-habitatge-social-al-sud-oest-europa\/\" \/>\n<meta property=\"og:site_name\" content=\"Compact Habit\" \/>\n<meta property=\"article:publisher\" content=\"https:\/\/www.facebook.com\/CompactHabit\/\" \/>\n<meta property=\"article:published_time\" content=\"2012-10-19T15:11:15+00:00\" \/>\n<meta property=\"article:modified_time\" content=\"2017-10-30T15:28:02+00:00\" \/>\n<meta property=\"og:image\" content=\"https:\/\/www.compacthabit.com\/wp-content\/uploads\/2012\/10\/new00.jpg\" \/>\n\t<meta property=\"og:image:width\" content=\"600\" \/>\n\t<meta property=\"og:image:height\" content=\"410\" \/>\n\t<meta property=\"og:image:type\" content=\"image\/jpeg\" \/>\n<meta name=\"author\" content=\"ch_admin\" \/>\n<meta name=\"twitter:card\" content=\"summary_large_image\" \/>\n<meta name=\"twitter:creator\" content=\"@compacthabit2\" \/>\n<meta name=\"twitter:site\" content=\"@compacthabit2\" \/>\n<meta name=\"twitter:label1\" content=\"Written by\" \/>\n\t<meta name=\"twitter:data1\" content=\"ch_admin\" \/>\n\t<meta name=\"twitter:label2\" content=\"Est. reading time\" \/>\n\t<meta name=\"twitter:data2\" content=\"1 minute\" \/>\n<script type=\"application\/ld+json\" class=\"yoast-schema-graph\">{\"@context\":\"https:\/\/schema.org\",\"@graph\":[{\"@type\":\"WebPage\",\"@id\":\"https:\/\/www.compacthabit.com\/ca\/2012\/10\/19\/compacthabit-participa-en-una-taula-rodona-sobre-innovacio-constructiva-i-habitatge-social-al-sud-oest-europa\/\",\"url\":\"https:\/\/www.compacthabit.com\/ca\/2012\/10\/19\/compacthabit-participa-en-una-taula-rodona-sobre-innovacio-constructiva-i-habitatge-social-al-sud-oest-europa\/\",\"name\":\"CompactHabit participa en una taula rodona sobre innovaci\u00f3\",\"isPartOf\":{\"@id\":\"https:\/\/www.compacthabit.com\/ca\/fr\/#website\"},\"primaryImageOfPage\":{\"@id\":\"https:\/\/www.compacthabit.com\/ca\/2012\/10\/19\/compacthabit-participa-en-una-taula-rodona-sobre-innovacio-constructiva-i-habitatge-social-al-sud-oest-europa\/#primaryimage\"},\"image\":{\"@id\":\"https:\/\/www.compacthabit.com\/ca\/2012\/10\/19\/compacthabit-participa-en-una-taula-rodona-sobre-innovacio-constructiva-i-habitatge-social-al-sud-oest-europa\/#primaryimage\"},\"thumbnailUrl\":\"https:\/\/www.compacthabit.com\/wp-content\/uploads\/2012\/10\/new00.jpg\",\"datePublished\":\"2012-10-19T15:11:15+00:00\",\"dateModified\":\"2017-10-30T15:28:02+00:00\",\"author\":{\"@id\":\"https:\/\/www.compacthabit.com\/ca\/fr\/#\/schema\/person\/07a97d7adc0f27cd30c1f5760373210a\"},\"description\":\"CompactHabit participa en una taula rodona del programa Ecohabitat,\",\"breadcrumb\":{\"@id\":\"https:\/\/www.compacthabit.com\/ca\/2012\/10\/19\/compacthabit-participa-en-una-taula-rodona-sobre-innovacio-constructiva-i-habitatge-social-al-sud-oest-europa\/#breadcrumb\"},\"inLanguage\":\"ca-ES\",\"potentialAction\":[{\"@type\":\"ReadAction\",\"target\":[\"https:\/\/www.compacthabit.com\/ca\/2012\/10\/19\/compacthabit-participa-en-una-taula-rodona-sobre-innovacio-constructiva-i-habitatge-social-al-sud-oest-europa\/\"]}]},{\"@type\":\"ImageObject\",\"inLanguage\":\"ca-ES\",\"@id\":\"https:\/\/www.compacthabit.com\/ca\/2012\/10\/19\/compacthabit-participa-en-una-taula-rodona-sobre-innovacio-constructiva-i-habitatge-social-al-sud-oest-europa\/#primaryimage\",\"url\":\"https:\/\/www.compacthabit.com\/wp-content\/uploads\/2012\/10\/new00.jpg\",\"contentUrl\":\"https:\/\/www.compacthabit.com\/wp-content\/uploads\/2012\/10\/new00.jpg\",\"width\":600,\"height\":410},{\"@type\":\"BreadcrumbList\",\"@id\":\"https:\/\/www.compacthabit.com\/ca\/2012\/10\/19\/compacthabit-participa-en-una-taula-rodona-sobre-innovacio-constructiva-i-habitatge-social-al-sud-oest-europa\/#breadcrumb\",\"itemListElement\":[{\"@type\":\"ListItem\",\"position\":1,\"name\":\"Portada\",\"item\":\"https:\/\/www.compacthabit.com\/ca\/\"},{\"@type\":\"ListItem\",\"position\":2,\"name\":\"CompactHabit participa en una taula rodona sobre innovaci\u00f3 constructiva i habitatge social al sud-oest d\u2019Europa\"}]},{\"@type\":\"WebSite\",\"@id\":\"https:\/\/www.compacthabit.com\/ca\/fr\/#website\",\"url\":\"https:\/\/www.compacthabit.com\/ca\/fr\/\",\"name\":\"Compact Habit\",\"description\":\"\",\"potentialAction\":[{\"@type\":\"SearchAction\",\"target\":{\"@type\":\"EntryPoint\",\"urlTemplate\":\"https:\/\/www.compacthabit.com\/ca\/fr\/?s={search_term_string}\"},\"query-input\":{\"@type\":\"PropertyValueSpecification\",\"valueRequired\":true,\"valueName\":\"search_term_string\"}}],\"inLanguage\":\"ca-ES\"},{\"@type\":\"Person\",\"@id\":\"https:\/\/www.compacthabit.com\/ca\/fr\/#\/schema\/person\/07a97d7adc0f27cd30c1f5760373210a\",\"name\":\"ch_admin\",\"image\":{\"@type\":\"ImageObject\",\"inLanguage\":\"ca-ES\",\"@id\":\"https:\/\/www.compacthabit.com\/ca\/fr\/#\/schema\/person\/image\/\",\"url\":\"https:\/\/secure.gravatar.com\/avatar\/2a392477be346b1b7c89c12855982831?s=96&d=mm&r=g\",\"contentUrl\":\"https:\/\/secure.gravatar.com\/avatar\/2a392477be346b1b7c89c12855982831?s=96&d=mm&r=g\",\"caption\":\"ch_admin\"}}]}<\/script>\n<!-- \/ Yoast SEO plugin. -->","yoast_head_json":{"title":"CompactHabit participa en una taula rodona sobre innovaci\u00f3","description":"CompactHabit participa en una taula rodona del programa Ecohabitat,","robots":{"index":"index","follow":"follow","max-snippet":"max-snippet:-1","max-image-preview":"max-image-preview:large","max-video-preview":"max-video-preview:-1"},"og_locale":"ca_ES","og_type":"article","og_title":"CompactHabit participa en una taula rodona sobre innovaci\u00f3","og_description":"CompactHabit participa en una taula rodona del programa Ecohabitat,","og_url":"https:\/\/www.compacthabit.com\/ca\/2012\/10\/19\/compacthabit-participa-en-una-taula-rodona-sobre-innovacio-constructiva-i-habitatge-social-al-sud-oest-europa\/","og_site_name":"Compact Habit","article_publisher":"https:\/\/www.facebook.com\/CompactHabit\/","article_published_time":"2012-10-19T15:11:15+00:00","article_modified_time":"2017-10-30T15:28:02+00:00","og_image":[{"width":600,"height":410,"url":"https:\/\/www.compacthabit.com\/wp-content\/uploads\/2012\/10\/new00.jpg","type":"image\/jpeg"}],"author":"ch_admin","twitter_card":"summary_large_image","twitter_creator":"@compacthabit2","twitter_site":"@compacthabit2","twitter_misc":{"Written by":"ch_admin","Est. reading time":"1 minute"},"schema":{"@context":"https:\/\/schema.org","@graph":[{"@type":"WebPage","@id":"https:\/\/www.compacthabit.com\/ca\/2012\/10\/19\/compacthabit-participa-en-una-taula-rodona-sobre-innovacio-constructiva-i-habitatge-social-al-sud-oest-europa\/","url":"https:\/\/www.compacthabit.com\/ca\/2012\/10\/19\/compacthabit-participa-en-una-taula-rodona-sobre-innovacio-constructiva-i-habitatge-social-al-sud-oest-europa\/","name":"CompactHabit participa en una taula rodona sobre innovaci\u00f3","isPartOf":{"@id":"https:\/\/www.compacthabit.com\/ca\/fr\/#website"},"primaryImageOfPage":{"@id":"https:\/\/www.compacthabit.com\/ca\/2012\/10\/19\/compacthabit-participa-en-una-taula-rodona-sobre-innovacio-constructiva-i-habitatge-social-al-sud-oest-europa\/#primaryimage"},"image":{"@id":"https:\/\/www.compacthabit.com\/ca\/2012\/10\/19\/compacthabit-participa-en-una-taula-rodona-sobre-innovacio-constructiva-i-habitatge-social-al-sud-oest-europa\/#primaryimage"},"thumbnailUrl":"https:\/\/www.compacthabit.com\/wp-content\/uploads\/2012\/10\/new00.jpg","datePublished":"2012-10-19T15:11:15+00:00","dateModified":"2017-10-30T15:28:02+00:00","author":{"@id":"https:\/\/www.compacthabit.com\/ca\/fr\/#\/schema\/person\/07a97d7adc0f27cd30c1f5760373210a"},"description":"CompactHabit participa en una taula rodona del programa Ecohabitat,","breadcrumb":{"@id":"https:\/\/www.compacthabit.com\/ca\/2012\/10\/19\/compacthabit-participa-en-una-taula-rodona-sobre-innovacio-constructiva-i-habitatge-social-al-sud-oest-europa\/#breadcrumb"},"inLanguage":"ca-ES","potentialAction":[{"@type":"ReadAction","target":["https:\/\/www.compacthabit.com\/ca\/2012\/10\/19\/compacthabit-participa-en-una-taula-rodona-sobre-innovacio-constructiva-i-habitatge-social-al-sud-oest-europa\/"]}]},{"@type":"ImageObject","inLanguage":"ca-ES","@id":"https:\/\/www.compacthabit.com\/ca\/2012\/10\/19\/compacthabit-participa-en-una-taula-rodona-sobre-innovacio-constructiva-i-habitatge-social-al-sud-oest-europa\/#primaryimage","url":"https:\/\/www.compacthabit.com\/wp-content\/uploads\/2012\/10\/new00.jpg","contentUrl":"https:\/\/www.compacthabit.com\/wp-content\/uploads\/2012\/10\/new00.jpg","width":600,"height":410},{"@type":"BreadcrumbList","@id":"https:\/\/www.compacthabit.com\/ca\/2012\/10\/19\/compacthabit-participa-en-una-taula-rodona-sobre-innovacio-constructiva-i-habitatge-social-al-sud-oest-europa\/#breadcrumb","itemListElement":[{"@type":"ListItem","position":1,"name":"Portada","item":"https:\/\/www.compacthabit.com\/ca\/"},{"@type":"ListItem","position":2,"name":"CompactHabit participa en una taula rodona sobre innovaci\u00f3 constructiva i habitatge social al sud-oest d\u2019Europa"}]},{"@type":"WebSite","@id":"https:\/\/www.compacthabit.com\/ca\/fr\/#website","url":"https:\/\/www.compacthabit.com\/ca\/fr\/","name":"Compact Habit","description":"","potentialAction":[{"@type":"SearchAction","target":{"@type":"EntryPoint","urlTemplate":"https:\/\/www.compacthabit.com\/ca\/fr\/?s={search_term_string}"},"query-input":{"@type":"PropertyValueSpecification","valueRequired":true,"valueName":"search_term_string"}}],"inLanguage":"ca-ES"},{"@type":"Person","@id":"https:\/\/www.compacthabit.com\/ca\/fr\/#\/schema\/person\/07a97d7adc0f27cd30c1f5760373210a","name":"ch_admin","image":{"@type":"ImageObject","inLanguage":"ca-ES","@id":"https:\/\/www.compacthabit.com\/ca\/fr\/#\/schema\/person\/image\/","url":"https:\/\/secure.gravatar.com\/avatar\/2a392477be346b1b7c89c12855982831?s=96&d=mm&r=g","contentUrl":"https:\/\/secure.gravatar.com\/avatar\/2a392477be346b1b7c89c12855982831?s=96&d=mm&r=g","caption":"ch_admin"}}]}},"_links":{"self":[{"href":"https:\/\/www.compacthabit.com\/ca\/wp-json\/wp\/v2\/posts\/3667","targetHints":{"allow":["GET"]}}],"collection":[{"href":"https:\/\/www.compacthabit.com\/ca\/wp-json\/wp\/v2\/posts"}],"about":[{"href":"https:\/\/www.compacthabit.com\/ca\/wp-json\/wp\/v2\/types\/post"}],"author":[{"embeddable":true,"href":"https:\/\/www.compacthabit.com\/ca\/wp-json\/wp\/v2\/users\/1"}],"replies":[{"embeddable":true,"href":"https:\/\/www.compacthabit.com\/ca\/wp-json\/wp\/v2\/comments?post=3667"}],"version-history":[{"count":2,"href":"https:\/\/www.compacthabit.com\/ca\/wp-json\/wp\/v2\/posts\/3667\/revisions"}],"predecessor-version":[{"id":4604,"href":"https:\/\/www.compacthabit.com\/ca\/wp-json\/wp\/v2\/posts\/3667\/revisions\/4604"}],"wp:featuredmedia":[{"embeddable":true,"href":"https:\/\/www.compacthabit.com\/ca\/wp-json\/wp\/v2\/media\/2790"}],"wp:attachment":[{"href":"https:\/\/www.compacthabit.com\/ca\/wp-json\/wp\/v2\/media?parent=3667"}],"wp:term":[{"taxonomy":"category","embeddable":true,"href":"https:\/\/www.compacthabit.com\/ca\/wp-json\/wp\/v2\/categories?post=3667"},{"taxonomy":"post_tag","embeddable":true,"href":"https:\/\/www.compacthabit.com\/ca\/wp-json\/wp\/v2\/tags?post=3667"}],"curies":[{"name":"wp","href":"https:\/\/api.w.org\/{rel}","templated":true}]}}