{"id":3664,"date":"2013-02-28T15:08:26","date_gmt":"2013-02-28T15:08:26","guid":{"rendered":"http:\/\/www.compacthabit.com\/?p=3664\/"},"modified":"2017-11-08T10:43:07","modified_gmt":"2017-11-08T10:43:07","slug":"compacthabit-participara-salon-batimed-marsella-mipim-cannes","status":"publish","type":"post","link":"https:\/\/www.compacthabit.com\/ca\/2013\/02\/28\/compacthabit-participara-salon-batimed-marsella-mipim-cannes\/","title":{"rendered":"CompactHabit participar\u00e0 al sal\u00f3 Batimed de Marsella i a la fira MIPIM de Cannes"},"content":{"rendered":"<p>CompactHabit ser\u00e0 present del 20 al 22 de mar\u00e7 a la fira Batimed, que se celebrar\u00e0 a Marsella, i que \u00e9s el sal\u00f3 de refer\u00e8ncia en l\u2019\u00e0mbit de la construcci\u00f3, l\u2019obra p\u00fablica i les energies renovables a Fran\u00e7a. Amb 10.000 metres quadrats d\u2019exposici\u00f3 i 11.000 visitants professionals, Batimed \u00e9s l\u2019aparador ideal perqu\u00e8 l\u2019estand de CompactHabit pugui mostrar el sistema eMii (edificaci\u00f3 Modular integral industrialitzada), creat i patentat per l\u2019empresa i que permet la construcci\u00f3 de qualsevol edifici que pugui ser projectat a partir d\u2019una unitat repetible. Els m\u00f2duls surten totalment acabats i equipats de f\u00e0brica i s\u2019apilen directament al solar de dest\u00ed. La participaci\u00f3 al Sal\u00f3 Batimed t\u00e9 un significat especial en un moment en qu\u00e8 CompactHabit est\u00e0 obrint mercat a Fran\u00e7a i ja t\u00e9 encarregat un primer projecte a Pau.<\/p>\n<p>D\u2019altra banda, CompactHabit ser\u00e0 una de les firmes que representar\u00e0 Catalunya a la fira MIPIM (Mercat Internacional de Professionals Immobiliaris) de Cannes, del 12 al 15 de mar\u00e7. En aquest cas, compartir\u00e0 amb altres empreses l\u2019espai Barcelona-Catalonia, una iniciativa de la Generalitat de Catalunya i l\u2019Ajuntament de Barcelona que pret\u00e9n posicionar Catalunya com a hub de la innovaci\u00f3 per promoure el desenvolupament de nous projectes estrat\u00e8gics en el sector immobiliari.<\/p>\n","protected":false},"excerpt":{"rendered":"<p>CompactHabit ser\u00e0 present del 20 al 22 de mar\u00e7 a la fira Batimed, que se celebrar\u00e0 a Marsella, i que \u00e9s el sal\u00f3 de refer\u00e8ncia en<span class=\"excerpt-hellip\"> [\u2026]<\/span><\/p>\n","protected":false},"author":1,"featured_media":2742,"comment_status":"open","ping_status":"open","sticky":false,"template":"","format":"standard","meta":{"_acf_changed":false,"_monsterinsights_skip_tracking":false,"_monsterinsights_sitenote_active":false,"_monsterinsights_sitenote_note":"","_monsterinsights_sitenote_category":0,"footnotes":""},"categories":[46],"tags":[],"class_list":["post-3664","post","type-post","status-publish","format-standard","has-post-thumbnail","hentry","category-blog"],"acf":[],"yoast_head":"<!-- This site is optimized with the Yoast SEO plugin v26.0 - https:\/\/yoast.com\/wordpress\/plugins\/seo\/ -->\n<title>CompactHabit participar\u00e0 als salons Batimed i MIPIM de Cannes<\/title>\n<meta name=\"description\" content=\"CompactHabit ser\u00e0 present a Batimed de Marsella i MIPIM de Cannes exposant el seu sistema eMii de construcci\u00f3 modular industrialitzada\" \/>\n<meta name=\"robots\" content=\"index, follow, max-snippet:-1, max-image-preview:large, max-video-preview:-1\" \/>\n<meta property=\"og:locale\" content=\"ca_ES\" \/>\n<meta property=\"og:type\" content=\"article\" \/>\n<meta property=\"og:title\" content=\"CompactHabit participar\u00e0 als salons Batimed i MIPIM de Cannes\" \/>\n<meta property=\"og:description\" content=\"CompactHabit ser\u00e0 present a Batimed de Marsella i MIPIM de Cannes exposant el seu sistema eMii de construcci\u00f3 modular industrialitzada\" \/>\n<meta property=\"og:url\" content=\"https:\/\/www.compacthabit.com\/ca\/2013\/02\/28\/compacthabit-participara-salon-batimed-marsella-mipim-cannes\/\" \/>\n<meta property=\"og:site_name\" content=\"Compact Habit\" \/>\n<meta property=\"article:publisher\" content=\"https:\/\/www.facebook.com\/CompactHabit\/\" \/>\n<meta property=\"article:published_time\" content=\"2013-02-28T15:08:26+00:00\" \/>\n<meta property=\"article:modified_time\" content=\"2017-11-08T10:43:07+00:00\" \/>\n<meta property=\"og:image\" content=\"https:\/\/www.compacthabit.com\/wp-content\/uploads\/2013\/02\/noticia06.jpg\" \/>\n\t<meta property=\"og:image:width\" content=\"600\" \/>\n\t<meta property=\"og:image:height\" content=\"410\" \/>\n\t<meta property=\"og:image:type\" content=\"image\/jpeg\" \/>\n<meta name=\"author\" content=\"ch_admin\" \/>\n<meta name=\"twitter:card\" content=\"summary_large_image\" \/>\n<meta name=\"twitter:creator\" content=\"@compacthabit2\" \/>\n<meta name=\"twitter:site\" content=\"@compacthabit2\" \/>\n<meta name=\"twitter:label1\" content=\"Written by\" \/>\n\t<meta name=\"twitter:data1\" content=\"ch_admin\" \/>\n\t<meta name=\"twitter:label2\" content=\"Est. reading time\" \/>\n\t<meta name=\"twitter:data2\" content=\"1 minute\" \/>\n<script type=\"application\/ld+json\" class=\"yoast-schema-graph\">{\"@context\":\"https:\/\/schema.org\",\"@graph\":[{\"@type\":\"WebPage\",\"@id\":\"https:\/\/www.compacthabit.com\/ca\/2013\/02\/28\/compacthabit-participara-salon-batimed-marsella-mipim-cannes\/\",\"url\":\"https:\/\/www.compacthabit.com\/ca\/2013\/02\/28\/compacthabit-participara-salon-batimed-marsella-mipim-cannes\/\",\"name\":\"CompactHabit participar\u00e0 als salons Batimed i MIPIM de Cannes\",\"isPartOf\":{\"@id\":\"https:\/\/www.compacthabit.com\/ca\/fr\/#website\"},\"primaryImageOfPage\":{\"@id\":\"https:\/\/www.compacthabit.com\/ca\/2013\/02\/28\/compacthabit-participara-salon-batimed-marsella-mipim-cannes\/#primaryimage\"},\"image\":{\"@id\":\"https:\/\/www.compacthabit.com\/ca\/2013\/02\/28\/compacthabit-participara-salon-batimed-marsella-mipim-cannes\/#primaryimage\"},\"thumbnailUrl\":\"https:\/\/www.compacthabit.com\/wp-content\/uploads\/2013\/02\/noticia06.jpg\",\"datePublished\":\"2013-02-28T15:08:26+00:00\",\"dateModified\":\"2017-11-08T10:43:07+00:00\",\"author\":{\"@id\":\"https:\/\/www.compacthabit.com\/ca\/fr\/#\/schema\/person\/07a97d7adc0f27cd30c1f5760373210a\"},\"description\":\"CompactHabit ser\u00e0 present a Batimed de Marsella i MIPIM de Cannes exposant el seu sistema eMii de construcci\u00f3 modular industrialitzada\",\"breadcrumb\":{\"@id\":\"https:\/\/www.compacthabit.com\/ca\/2013\/02\/28\/compacthabit-participara-salon-batimed-marsella-mipim-cannes\/#breadcrumb\"},\"inLanguage\":\"ca-ES\",\"potentialAction\":[{\"@type\":\"ReadAction\",\"target\":[\"https:\/\/www.compacthabit.com\/ca\/2013\/02\/28\/compacthabit-participara-salon-batimed-marsella-mipim-cannes\/\"]}]},{\"@type\":\"ImageObject\",\"inLanguage\":\"ca-ES\",\"@id\":\"https:\/\/www.compacthabit.com\/ca\/2013\/02\/28\/compacthabit-participara-salon-batimed-marsella-mipim-cannes\/#primaryimage\",\"url\":\"https:\/\/www.compacthabit.com\/wp-content\/uploads\/2013\/02\/noticia06.jpg\",\"contentUrl\":\"https:\/\/www.compacthabit.com\/wp-content\/uploads\/2013\/02\/noticia06.jpg\",\"width\":600,\"height\":410,\"caption\":\"Batimed france fran\u00e7a francia salon btp construction construccio compacthabit\"},{\"@type\":\"BreadcrumbList\",\"@id\":\"https:\/\/www.compacthabit.com\/ca\/2013\/02\/28\/compacthabit-participara-salon-batimed-marsella-mipim-cannes\/#breadcrumb\",\"itemListElement\":[{\"@type\":\"ListItem\",\"position\":1,\"name\":\"Portada\",\"item\":\"https:\/\/www.compacthabit.com\/ca\/\"},{\"@type\":\"ListItem\",\"position\":2,\"name\":\"CompactHabit participar\u00e0 al sal\u00f3 Batimed de Marsella i a la fira MIPIM de Cannes\"}]},{\"@type\":\"WebSite\",\"@id\":\"https:\/\/www.compacthabit.com\/ca\/fr\/#website\",\"url\":\"https:\/\/www.compacthabit.com\/ca\/fr\/\",\"name\":\"Compact Habit\",\"description\":\"\",\"potentialAction\":[{\"@type\":\"SearchAction\",\"target\":{\"@type\":\"EntryPoint\",\"urlTemplate\":\"https:\/\/www.compacthabit.com\/ca\/fr\/?s={search_term_string}\"},\"query-input\":{\"@type\":\"PropertyValueSpecification\",\"valueRequired\":true,\"valueName\":\"search_term_string\"}}],\"inLanguage\":\"ca-ES\"},{\"@type\":\"Person\",\"@id\":\"https:\/\/www.compacthabit.com\/ca\/fr\/#\/schema\/person\/07a97d7adc0f27cd30c1f5760373210a\",\"name\":\"ch_admin\",\"image\":{\"@type\":\"ImageObject\",\"inLanguage\":\"ca-ES\",\"@id\":\"https:\/\/www.compacthabit.com\/ca\/fr\/#\/schema\/person\/image\/\",\"url\":\"https:\/\/secure.gravatar.com\/avatar\/2a392477be346b1b7c89c12855982831?s=96&d=mm&r=g\",\"contentUrl\":\"https:\/\/secure.gravatar.com\/avatar\/2a392477be346b1b7c89c12855982831?s=96&d=mm&r=g\",\"caption\":\"ch_admin\"}}]}<\/script>\n<!-- \/ Yoast SEO plugin. -->","yoast_head_json":{"title":"CompactHabit participar\u00e0 als salons Batimed i MIPIM de Cannes","description":"CompactHabit ser\u00e0 present a Batimed de Marsella i MIPIM de Cannes exposant el seu sistema eMii de construcci\u00f3 modular industrialitzada","robots":{"index":"index","follow":"follow","max-snippet":"max-snippet:-1","max-image-preview":"max-image-preview:large","max-video-preview":"max-video-preview:-1"},"og_locale":"ca_ES","og_type":"article","og_title":"CompactHabit participar\u00e0 als salons Batimed i MIPIM de Cannes","og_description":"CompactHabit ser\u00e0 present a Batimed de Marsella i MIPIM de Cannes exposant el seu sistema eMii de construcci\u00f3 modular industrialitzada","og_url":"https:\/\/www.compacthabit.com\/ca\/2013\/02\/28\/compacthabit-participara-salon-batimed-marsella-mipim-cannes\/","og_site_name":"Compact Habit","article_publisher":"https:\/\/www.facebook.com\/CompactHabit\/","article_published_time":"2013-02-28T15:08:26+00:00","article_modified_time":"2017-11-08T10:43:07+00:00","og_image":[{"width":600,"height":410,"url":"https:\/\/www.compacthabit.com\/wp-content\/uploads\/2013\/02\/noticia06.jpg","type":"image\/jpeg"}],"author":"ch_admin","twitter_card":"summary_large_image","twitter_creator":"@compacthabit2","twitter_site":"@compacthabit2","twitter_misc":{"Written by":"ch_admin","Est. reading time":"1 minute"},"schema":{"@context":"https:\/\/schema.org","@graph":[{"@type":"WebPage","@id":"https:\/\/www.compacthabit.com\/ca\/2013\/02\/28\/compacthabit-participara-salon-batimed-marsella-mipim-cannes\/","url":"https:\/\/www.compacthabit.com\/ca\/2013\/02\/28\/compacthabit-participara-salon-batimed-marsella-mipim-cannes\/","name":"CompactHabit participar\u00e0 als salons Batimed i MIPIM de Cannes","isPartOf":{"@id":"https:\/\/www.compacthabit.com\/ca\/fr\/#website"},"primaryImageOfPage":{"@id":"https:\/\/www.compacthabit.com\/ca\/2013\/02\/28\/compacthabit-participara-salon-batimed-marsella-mipim-cannes\/#primaryimage"},"image":{"@id":"https:\/\/www.compacthabit.com\/ca\/2013\/02\/28\/compacthabit-participara-salon-batimed-marsella-mipim-cannes\/#primaryimage"},"thumbnailUrl":"https:\/\/www.compacthabit.com\/wp-content\/uploads\/2013\/02\/noticia06.jpg","datePublished":"2013-02-28T15:08:26+00:00","dateModified":"2017-11-08T10:43:07+00:00","author":{"@id":"https:\/\/www.compacthabit.com\/ca\/fr\/#\/schema\/person\/07a97d7adc0f27cd30c1f5760373210a"},"description":"CompactHabit ser\u00e0 present a Batimed de Marsella i MIPIM de Cannes exposant el seu sistema eMii de construcci\u00f3 modular industrialitzada","breadcrumb":{"@id":"https:\/\/www.compacthabit.com\/ca\/2013\/02\/28\/compacthabit-participara-salon-batimed-marsella-mipim-cannes\/#breadcrumb"},"inLanguage":"ca-ES","potentialAction":[{"@type":"ReadAction","target":["https:\/\/www.compacthabit.com\/ca\/2013\/02\/28\/compacthabit-participara-salon-batimed-marsella-mipim-cannes\/"]}]},{"@type":"ImageObject","inLanguage":"ca-ES","@id":"https:\/\/www.compacthabit.com\/ca\/2013\/02\/28\/compacthabit-participara-salon-batimed-marsella-mipim-cannes\/#primaryimage","url":"https:\/\/www.compacthabit.com\/wp-content\/uploads\/2013\/02\/noticia06.jpg","contentUrl":"https:\/\/www.compacthabit.com\/wp-content\/uploads\/2013\/02\/noticia06.jpg","width":600,"height":410,"caption":"Batimed france fran\u00e7a francia salon btp construction construccio compacthabit"},{"@type":"BreadcrumbList","@id":"https:\/\/www.compacthabit.com\/ca\/2013\/02\/28\/compacthabit-participara-salon-batimed-marsella-mipim-cannes\/#breadcrumb","itemListElement":[{"@type":"ListItem","position":1,"name":"Portada","item":"https:\/\/www.compacthabit.com\/ca\/"},{"@type":"ListItem","position":2,"name":"CompactHabit participar\u00e0 al sal\u00f3 Batimed de Marsella i a la fira MIPIM de Cannes"}]},{"@type":"WebSite","@id":"https:\/\/www.compacthabit.com\/ca\/fr\/#website","url":"https:\/\/www.compacthabit.com\/ca\/fr\/","name":"Compact Habit","description":"","potentialAction":[{"@type":"SearchAction","target":{"@type":"EntryPoint","urlTemplate":"https:\/\/www.compacthabit.com\/ca\/fr\/?s={search_term_string}"},"query-input":{"@type":"PropertyValueSpecification","valueRequired":true,"valueName":"search_term_string"}}],"inLanguage":"ca-ES"},{"@type":"Person","@id":"https:\/\/www.compacthabit.com\/ca\/fr\/#\/schema\/person\/07a97d7adc0f27cd30c1f5760373210a","name":"ch_admin","image":{"@type":"ImageObject","inLanguage":"ca-ES","@id":"https:\/\/www.compacthabit.com\/ca\/fr\/#\/schema\/person\/image\/","url":"https:\/\/secure.gravatar.com\/avatar\/2a392477be346b1b7c89c12855982831?s=96&d=mm&r=g","contentUrl":"https:\/\/secure.gravatar.com\/avatar\/2a392477be346b1b7c89c12855982831?s=96&d=mm&r=g","caption":"ch_admin"}}]}},"_links":{"self":[{"href":"https:\/\/www.compacthabit.com\/ca\/wp-json\/wp\/v2\/posts\/3664","targetHints":{"allow":["GET"]}}],"collection":[{"href":"https:\/\/www.compacthabit.com\/ca\/wp-json\/wp\/v2\/posts"}],"about":[{"href":"https:\/\/www.compacthabit.com\/ca\/wp-json\/wp\/v2\/types\/post"}],"author":[{"embeddable":true,"href":"https:\/\/www.compacthabit.com\/ca\/wp-json\/wp\/v2\/users\/1"}],"replies":[{"embeddable":true,"href":"https:\/\/www.compacthabit.com\/ca\/wp-json\/wp\/v2\/comments?post=3664"}],"version-history":[{"count":3,"href":"https:\/\/www.compacthabit.com\/ca\/wp-json\/wp\/v2\/posts\/3664\/revisions"}],"predecessor-version":[{"id":4361,"href":"https:\/\/www.compacthabit.com\/ca\/wp-json\/wp\/v2\/posts\/3664\/revisions\/4361"}],"wp:featuredmedia":[{"embeddable":true,"href":"https:\/\/www.compacthabit.com\/ca\/wp-json\/wp\/v2\/media\/2742"}],"wp:attachment":[{"href":"https:\/\/www.compacthabit.com\/ca\/wp-json\/wp\/v2\/media?parent=3664"}],"wp:term":[{"taxonomy":"category","embeddable":true,"href":"https:\/\/www.compacthabit.com\/ca\/wp-json\/wp\/v2\/categories?post=3664"},{"taxonomy":"post_tag","embeddable":true,"href":"https:\/\/www.compacthabit.com\/ca\/wp-json\/wp\/v2\/tags?post=3664"}],"curies":[{"name":"wp","href":"https:\/\/api.w.org\/{rel}","templated":true}]}}