{"id":3657,"date":"2013-06-05T15:02:27","date_gmt":"2013-06-05T15:02:27","guid":{"rendered":"http:\/\/www.compacthabit.com\/?p=3657\/"},"modified":"2017-10-30T17:42:20","modified_gmt":"2017-10-30T17:42:20","slug":"compacthabit-rep-una-mencio-al-premi-edificacio-dins-el-marc-de-la-fira-construmat-2013","status":"publish","type":"post","link":"https:\/\/www.compacthabit.com\/ca\/2013\/06\/05\/compacthabit-rep-una-mencio-al-premi-edificacio-dins-el-marc-de-la-fira-construmat-2013\/","title":{"rendered":"CompactHabit rep una menci\u00f3 al premi d\u2019edificaci\u00f3 dins el marc de la fira Construmat 2013"},"content":{"rendered":"<ul>\n<li>L\u2019obra premiada ha estat la resid\u00e8ncia d\u2019estudiants de l\u2019ETSAV a Sant Cugat del Vall\u00e8s<\/li>\n<li>L\u2019empresa ha participat a la fira, a m\u00e9s, en qualitat d\u2019expositor i ponent<\/li>\n<\/ul>\n<p>El sistema de edificaci\u00f3 Modular integral industrialitzada (eMii) de CompactHabit, premiat fa sis anys a Construmat per la seva proposta innovadora, ha rebut enguany una de les mencions al premi d\u2019edificaci\u00f3 dels premis Construmat 2013 amb la resid\u00e8ncia d\u2019estudiants de l\u2019ETSAV. L\u2019edifici ha rebut nombrosos reconeixements nacionals i internacionals, com el premi Greenbuilding que concedeix la Comissi\u00f3 Europea als promotors d\u2019edificis de nova construcci\u00f3 que destaquin pel seu baix impacte mediambiental, efici\u00e8ncia energ\u00e8tica i innovaci\u00f3 tecnol\u00f2gica.<\/p>\n<p>L\u2019empresa, que ha obtingut una merit\u00f2ria Menci\u00f3 en l\u2019\u00e0mbit d\u2019edificaci\u00f3, ha tingut l\u2019oportunitat de donar a con\u00e8ixer els edificis i equipaments que ha constru\u00eft CompactHabit els darrers anys a Catalunya, entre els quals hi les resid\u00e8ncies d\u2019estudiants de Girona, Sant Cugat i Manresa. En total, optaven al Premi i a la cinc Mencions un total de 84 projectes importants que s\u2019han executat arreu de l\u2019estat.<\/p>\n<p>Ara fa sis anys que CompactHabit, que t\u00e9 la seva seu a Cardona (Bages), va aconseguir el premi a la innovaci\u00f3 de Construmat, en una edici\u00f3 que servia de presentaci\u00f3 oficial de la firma que naixia per iniciativa de Constructora d\u2019Aro. Aquest per\u00edode ha servit per validar el projecte empresarial i tamb\u00e9 per certificar les virtuts del sistema eMiiI, molt ben valorat per la seva alta efici\u00e8ncia energ\u00e8tica i per l\u2019escur\u00e7ament dels terminis d\u2019execuci\u00f3 de les obres, entre d\u2019altres. El sistema constructiu es va presentar dimecres passat a l\u2019Innovation Center de Construmat, conjuntament amb altres propostes t\u00e8cnicament molt avan\u00e7ades.<\/p>\n","protected":false},"excerpt":{"rendered":"<p>L\u2019obra premiada ha estat la resid\u00e8ncia d\u2019estudiants de l\u2019ETSAV a Sant Cugat del Vall\u00e8s L\u2019empresa ha participat a la fira, a m\u00e9s, en qualitat d\u2019expositor i<span class=\"excerpt-hellip\"> [\u2026]<\/span><\/p>\n","protected":false},"author":1,"featured_media":2604,"comment_status":"open","ping_status":"open","sticky":false,"template":"","format":"standard","meta":{"_acf_changed":false,"_monsterinsights_skip_tracking":false,"_monsterinsights_sitenote_active":false,"_monsterinsights_sitenote_note":"","_monsterinsights_sitenote_category":0,"footnotes":""},"categories":[46],"tags":[],"class_list":["post-3657","post","type-post","status-publish","format-standard","has-post-thumbnail","hentry","category-blog"],"acf":[],"yoast_head":"<!-- This site is optimized with the Yoast SEO plugin v26.0 - https:\/\/yoast.com\/wordpress\/plugins\/seo\/ -->\n<title>CompactHabit rep una menci\u00f3 dins el marc de la fira Construmat<\/title>\n<meta name=\"description\" content=\"CompactHabit ha tingut l\u2019oportunitat de donar a con\u00e8ixer els edificis i equipaments que ha constru\u00eft els darrers anys a Catalunya\" \/>\n<meta name=\"robots\" content=\"index, follow, max-snippet:-1, max-image-preview:large, max-video-preview:-1\" \/>\n<meta property=\"og:locale\" content=\"ca_ES\" \/>\n<meta property=\"og:type\" content=\"article\" \/>\n<meta property=\"og:title\" content=\"CompactHabit rep una menci\u00f3 dins el marc de la fira Construmat\" \/>\n<meta property=\"og:description\" content=\"CompactHabit ha tingut l\u2019oportunitat de donar a con\u00e8ixer els edificis i equipaments que ha constru\u00eft els darrers anys a Catalunya\" \/>\n<meta property=\"og:url\" content=\"https:\/\/www.compacthabit.com\/ca\/2013\/06\/05\/compacthabit-rep-una-mencio-al-premi-edificacio-dins-el-marc-de-la-fira-construmat-2013\/\" \/>\n<meta property=\"og:site_name\" content=\"Compact Habit\" \/>\n<meta property=\"article:publisher\" content=\"https:\/\/www.facebook.com\/CompactHabit\/\" \/>\n<meta property=\"article:published_time\" content=\"2013-06-05T15:02:27+00:00\" \/>\n<meta property=\"article:modified_time\" content=\"2017-10-30T17:42:20+00:00\" \/>\n<meta property=\"og:image\" content=\"https:\/\/www.compacthabit.com\/wp-content\/uploads\/2017\/07\/1370435826.jpg.jpg\" \/>\n\t<meta property=\"og:image:width\" content=\"600\" \/>\n\t<meta property=\"og:image:height\" content=\"450\" \/>\n\t<meta property=\"og:image:type\" content=\"image\/jpeg\" \/>\n<meta name=\"author\" content=\"ch_admin\" \/>\n<meta name=\"twitter:card\" content=\"summary_large_image\" \/>\n<meta name=\"twitter:creator\" content=\"@compacthabit2\" \/>\n<meta name=\"twitter:site\" content=\"@compacthabit2\" \/>\n<meta name=\"twitter:label1\" content=\"Written by\" \/>\n\t<meta name=\"twitter:data1\" content=\"ch_admin\" \/>\n\t<meta name=\"twitter:label2\" content=\"Est. reading time\" \/>\n\t<meta name=\"twitter:data2\" content=\"2 minutes\" \/>\n<script type=\"application\/ld+json\" class=\"yoast-schema-graph\">{\"@context\":\"https:\/\/schema.org\",\"@graph\":[{\"@type\":\"WebPage\",\"@id\":\"https:\/\/www.compacthabit.com\/ca\/2013\/06\/05\/compacthabit-rep-una-mencio-al-premi-edificacio-dins-el-marc-de-la-fira-construmat-2013\/\",\"url\":\"https:\/\/www.compacthabit.com\/ca\/2013\/06\/05\/compacthabit-rep-una-mencio-al-premi-edificacio-dins-el-marc-de-la-fira-construmat-2013\/\",\"name\":\"CompactHabit rep una menci\u00f3 dins el marc de la fira Construmat\",\"isPartOf\":{\"@id\":\"https:\/\/www.compacthabit.com\/ca\/fr\/#website\"},\"primaryImageOfPage\":{\"@id\":\"https:\/\/www.compacthabit.com\/ca\/2013\/06\/05\/compacthabit-rep-una-mencio-al-premi-edificacio-dins-el-marc-de-la-fira-construmat-2013\/#primaryimage\"},\"image\":{\"@id\":\"https:\/\/www.compacthabit.com\/ca\/2013\/06\/05\/compacthabit-rep-una-mencio-al-premi-edificacio-dins-el-marc-de-la-fira-construmat-2013\/#primaryimage\"},\"thumbnailUrl\":\"https:\/\/www.compacthabit.com\/wp-content\/uploads\/2017\/07\/1370435826.jpg.jpg\",\"datePublished\":\"2013-06-05T15:02:27+00:00\",\"dateModified\":\"2017-10-30T17:42:20+00:00\",\"author\":{\"@id\":\"https:\/\/www.compacthabit.com\/ca\/fr\/#\/schema\/person\/07a97d7adc0f27cd30c1f5760373210a\"},\"description\":\"CompactHabit ha tingut l\u2019oportunitat de donar a con\u00e8ixer els edificis i equipaments que ha constru\u00eft els darrers anys a Catalunya\",\"breadcrumb\":{\"@id\":\"https:\/\/www.compacthabit.com\/ca\/2013\/06\/05\/compacthabit-rep-una-mencio-al-premi-edificacio-dins-el-marc-de-la-fira-construmat-2013\/#breadcrumb\"},\"inLanguage\":\"ca-ES\",\"potentialAction\":[{\"@type\":\"ReadAction\",\"target\":[\"https:\/\/www.compacthabit.com\/ca\/2013\/06\/05\/compacthabit-rep-una-mencio-al-premi-edificacio-dins-el-marc-de-la-fira-construmat-2013\/\"]}]},{\"@type\":\"ImageObject\",\"inLanguage\":\"ca-ES\",\"@id\":\"https:\/\/www.compacthabit.com\/ca\/2013\/06\/05\/compacthabit-rep-una-mencio-al-premi-edificacio-dins-el-marc-de-la-fira-construmat-2013\/#primaryimage\",\"url\":\"https:\/\/www.compacthabit.com\/wp-content\/uploads\/2017\/07\/1370435826.jpg.jpg\",\"contentUrl\":\"https:\/\/www.compacthabit.com\/wp-content\/uploads\/2017\/07\/1370435826.jpg.jpg\",\"width\":600,\"height\":450},{\"@type\":\"BreadcrumbList\",\"@id\":\"https:\/\/www.compacthabit.com\/ca\/2013\/06\/05\/compacthabit-rep-una-mencio-al-premi-edificacio-dins-el-marc-de-la-fira-construmat-2013\/#breadcrumb\",\"itemListElement\":[{\"@type\":\"ListItem\",\"position\":1,\"name\":\"Portada\",\"item\":\"https:\/\/www.compacthabit.com\/ca\/\"},{\"@type\":\"ListItem\",\"position\":2,\"name\":\"CompactHabit rep una menci\u00f3 al premi d\u2019edificaci\u00f3 dins el marc de la fira Construmat 2013\"}]},{\"@type\":\"WebSite\",\"@id\":\"https:\/\/www.compacthabit.com\/ca\/fr\/#website\",\"url\":\"https:\/\/www.compacthabit.com\/ca\/fr\/\",\"name\":\"Compact Habit\",\"description\":\"\",\"potentialAction\":[{\"@type\":\"SearchAction\",\"target\":{\"@type\":\"EntryPoint\",\"urlTemplate\":\"https:\/\/www.compacthabit.com\/ca\/fr\/?s={search_term_string}\"},\"query-input\":{\"@type\":\"PropertyValueSpecification\",\"valueRequired\":true,\"valueName\":\"search_term_string\"}}],\"inLanguage\":\"ca-ES\"},{\"@type\":\"Person\",\"@id\":\"https:\/\/www.compacthabit.com\/ca\/fr\/#\/schema\/person\/07a97d7adc0f27cd30c1f5760373210a\",\"name\":\"ch_admin\",\"image\":{\"@type\":\"ImageObject\",\"inLanguage\":\"ca-ES\",\"@id\":\"https:\/\/www.compacthabit.com\/ca\/fr\/#\/schema\/person\/image\/\",\"url\":\"https:\/\/secure.gravatar.com\/avatar\/2a392477be346b1b7c89c12855982831?s=96&d=mm&r=g\",\"contentUrl\":\"https:\/\/secure.gravatar.com\/avatar\/2a392477be346b1b7c89c12855982831?s=96&d=mm&r=g\",\"caption\":\"ch_admin\"}}]}<\/script>\n<!-- \/ Yoast SEO plugin. -->","yoast_head_json":{"title":"CompactHabit rep una menci\u00f3 dins el marc de la fira Construmat","description":"CompactHabit ha tingut l\u2019oportunitat de donar a con\u00e8ixer els edificis i equipaments que ha constru\u00eft els darrers anys a Catalunya","robots":{"index":"index","follow":"follow","max-snippet":"max-snippet:-1","max-image-preview":"max-image-preview:large","max-video-preview":"max-video-preview:-1"},"og_locale":"ca_ES","og_type":"article","og_title":"CompactHabit rep una menci\u00f3 dins el marc de la fira Construmat","og_description":"CompactHabit ha tingut l\u2019oportunitat de donar a con\u00e8ixer els edificis i equipaments que ha constru\u00eft els darrers anys a Catalunya","og_url":"https:\/\/www.compacthabit.com\/ca\/2013\/06\/05\/compacthabit-rep-una-mencio-al-premi-edificacio-dins-el-marc-de-la-fira-construmat-2013\/","og_site_name":"Compact Habit","article_publisher":"https:\/\/www.facebook.com\/CompactHabit\/","article_published_time":"2013-06-05T15:02:27+00:00","article_modified_time":"2017-10-30T17:42:20+00:00","og_image":[{"width":600,"height":450,"url":"https:\/\/www.compacthabit.com\/wp-content\/uploads\/2017\/07\/1370435826.jpg.jpg","type":"image\/jpeg"}],"author":"ch_admin","twitter_card":"summary_large_image","twitter_creator":"@compacthabit2","twitter_site":"@compacthabit2","twitter_misc":{"Written by":"ch_admin","Est. reading time":"2 minutes"},"schema":{"@context":"https:\/\/schema.org","@graph":[{"@type":"WebPage","@id":"https:\/\/www.compacthabit.com\/ca\/2013\/06\/05\/compacthabit-rep-una-mencio-al-premi-edificacio-dins-el-marc-de-la-fira-construmat-2013\/","url":"https:\/\/www.compacthabit.com\/ca\/2013\/06\/05\/compacthabit-rep-una-mencio-al-premi-edificacio-dins-el-marc-de-la-fira-construmat-2013\/","name":"CompactHabit rep una menci\u00f3 dins el marc de la fira Construmat","isPartOf":{"@id":"https:\/\/www.compacthabit.com\/ca\/fr\/#website"},"primaryImageOfPage":{"@id":"https:\/\/www.compacthabit.com\/ca\/2013\/06\/05\/compacthabit-rep-una-mencio-al-premi-edificacio-dins-el-marc-de-la-fira-construmat-2013\/#primaryimage"},"image":{"@id":"https:\/\/www.compacthabit.com\/ca\/2013\/06\/05\/compacthabit-rep-una-mencio-al-premi-edificacio-dins-el-marc-de-la-fira-construmat-2013\/#primaryimage"},"thumbnailUrl":"https:\/\/www.compacthabit.com\/wp-content\/uploads\/2017\/07\/1370435826.jpg.jpg","datePublished":"2013-06-05T15:02:27+00:00","dateModified":"2017-10-30T17:42:20+00:00","author":{"@id":"https:\/\/www.compacthabit.com\/ca\/fr\/#\/schema\/person\/07a97d7adc0f27cd30c1f5760373210a"},"description":"CompactHabit ha tingut l\u2019oportunitat de donar a con\u00e8ixer els edificis i equipaments que ha constru\u00eft els darrers anys a Catalunya","breadcrumb":{"@id":"https:\/\/www.compacthabit.com\/ca\/2013\/06\/05\/compacthabit-rep-una-mencio-al-premi-edificacio-dins-el-marc-de-la-fira-construmat-2013\/#breadcrumb"},"inLanguage":"ca-ES","potentialAction":[{"@type":"ReadAction","target":["https:\/\/www.compacthabit.com\/ca\/2013\/06\/05\/compacthabit-rep-una-mencio-al-premi-edificacio-dins-el-marc-de-la-fira-construmat-2013\/"]}]},{"@type":"ImageObject","inLanguage":"ca-ES","@id":"https:\/\/www.compacthabit.com\/ca\/2013\/06\/05\/compacthabit-rep-una-mencio-al-premi-edificacio-dins-el-marc-de-la-fira-construmat-2013\/#primaryimage","url":"https:\/\/www.compacthabit.com\/wp-content\/uploads\/2017\/07\/1370435826.jpg.jpg","contentUrl":"https:\/\/www.compacthabit.com\/wp-content\/uploads\/2017\/07\/1370435826.jpg.jpg","width":600,"height":450},{"@type":"BreadcrumbList","@id":"https:\/\/www.compacthabit.com\/ca\/2013\/06\/05\/compacthabit-rep-una-mencio-al-premi-edificacio-dins-el-marc-de-la-fira-construmat-2013\/#breadcrumb","itemListElement":[{"@type":"ListItem","position":1,"name":"Portada","item":"https:\/\/www.compacthabit.com\/ca\/"},{"@type":"ListItem","position":2,"name":"CompactHabit rep una menci\u00f3 al premi d\u2019edificaci\u00f3 dins el marc de la fira Construmat 2013"}]},{"@type":"WebSite","@id":"https:\/\/www.compacthabit.com\/ca\/fr\/#website","url":"https:\/\/www.compacthabit.com\/ca\/fr\/","name":"Compact Habit","description":"","potentialAction":[{"@type":"SearchAction","target":{"@type":"EntryPoint","urlTemplate":"https:\/\/www.compacthabit.com\/ca\/fr\/?s={search_term_string}"},"query-input":{"@type":"PropertyValueSpecification","valueRequired":true,"valueName":"search_term_string"}}],"inLanguage":"ca-ES"},{"@type":"Person","@id":"https:\/\/www.compacthabit.com\/ca\/fr\/#\/schema\/person\/07a97d7adc0f27cd30c1f5760373210a","name":"ch_admin","image":{"@type":"ImageObject","inLanguage":"ca-ES","@id":"https:\/\/www.compacthabit.com\/ca\/fr\/#\/schema\/person\/image\/","url":"https:\/\/secure.gravatar.com\/avatar\/2a392477be346b1b7c89c12855982831?s=96&d=mm&r=g","contentUrl":"https:\/\/secure.gravatar.com\/avatar\/2a392477be346b1b7c89c12855982831?s=96&d=mm&r=g","caption":"ch_admin"}}]}},"_links":{"self":[{"href":"https:\/\/www.compacthabit.com\/ca\/wp-json\/wp\/v2\/posts\/3657","targetHints":{"allow":["GET"]}}],"collection":[{"href":"https:\/\/www.compacthabit.com\/ca\/wp-json\/wp\/v2\/posts"}],"about":[{"href":"https:\/\/www.compacthabit.com\/ca\/wp-json\/wp\/v2\/types\/post"}],"author":[{"embeddable":true,"href":"https:\/\/www.compacthabit.com\/ca\/wp-json\/wp\/v2\/users\/1"}],"replies":[{"embeddable":true,"href":"https:\/\/www.compacthabit.com\/ca\/wp-json\/wp\/v2\/comments?post=3657"}],"version-history":[{"count":2,"href":"https:\/\/www.compacthabit.com\/ca\/wp-json\/wp\/v2\/posts\/3657\/revisions"}],"predecessor-version":[{"id":4358,"href":"https:\/\/www.compacthabit.com\/ca\/wp-json\/wp\/v2\/posts\/3657\/revisions\/4358"}],"wp:featuredmedia":[{"embeddable":true,"href":"https:\/\/www.compacthabit.com\/ca\/wp-json\/wp\/v2\/media\/2604"}],"wp:attachment":[{"href":"https:\/\/www.compacthabit.com\/ca\/wp-json\/wp\/v2\/media?parent=3657"}],"wp:term":[{"taxonomy":"category","embeddable":true,"href":"https:\/\/www.compacthabit.com\/ca\/wp-json\/wp\/v2\/categories?post=3657"},{"taxonomy":"post_tag","embeddable":true,"href":"https:\/\/www.compacthabit.com\/ca\/wp-json\/wp\/v2\/tags?post=3657"}],"curies":[{"name":"wp","href":"https:\/\/api.w.org\/{rel}","templated":true}]}}