{"id":3653,"date":"2013-07-22T12:36:37","date_gmt":"2013-07-22T12:36:37","guid":{"rendered":"http:\/\/www.compacthabit.com\/?p=3653\/"},"modified":"2017-10-25T07:29:04","modified_gmt":"2017-10-25T07:29:04","slug":"amplia-document-idoneitat-tecnic-europeu-dite-emii-construccio-modular","status":"publish","type":"post","link":"https:\/\/www.compacthabit.com\/ca\/2013\/07\/22\/amplia-document-idoneitat-tecnic-europeu-dite-emii-construccio-modular\/","title":{"rendered":"CompactHabit amplia el Document d\u2019Idone\u00eftat T\u00e8cnic Europeu per al seu sistema de construcci\u00f3 modular"},"content":{"rendered":"<ul>\n<li>Els m\u00f2duls poden resistir al foc fins a 120 minuts<\/li>\n<li>La constant evoluci\u00f3 del sistema permet simplificar l\u2019execuci\u00f3 de l\u2019obra<\/li>\n<\/ul>\n<p>El sistema constructiu d\u2019 edificaci\u00f3 Modular integral industrialitzada (eMii), patentat per CompactHabit, ha incrementat la seva resist\u00e8ncia al foc. Les darreres proves, avalades per organismes oficials, demostren que les seves parets i sostres poden aguantar fins a 120 minuts en cas d\u2019incendi. Aix\u00f2 fa que les edificacions de CompactHabit siguin especialment segures per aquelles empreses o particulars, ubicades en zones de risc.<\/p>\n<p>La resist\u00e8ncia al foc \u00e9s una de les millores introdu\u00efdes al sistema eMii que els t\u00e8cnics de CompactHabit aconsegueixen perfeccionar. D\u2019altra banda, l\u2019empresa ha definit una nova f\u00f3rmula d\u2019uni\u00f3 dels m\u00f2duls que simplifica l\u2019execuci\u00f3 en obra.<\/p>\n<p>L\u2019evoluci\u00f3 del sistema constructiu ha perm\u00e8s obtenir una ampliaci\u00f3 de l\u2019acreditaci\u00f3 del Document d\u2019Idone\u00eftat T\u00e8cnic Europeu (DITE), un important aval de qualitat per a la innovadora empresa constructora catalana que en els darrers anys ha rebut molts reconeixements. El DITE l\u2019elabora l\u2019Institut de Tecnologia de la Construcci\u00f3 de Catalunya (ITeC), organisme autoritzat a nivell europeu i membre de l\u2019EOTA (European Organization for Technical Approval).<\/p>\n","protected":false},"excerpt":{"rendered":"<p>Els m\u00f2duls poden resistir al foc fins a 120 minuts La constant evoluci\u00f3 del sistema permet simplificar l\u2019execuci\u00f3 de l\u2019obra El sistema constructiu d\u2019 edificaci\u00f3 Modular<span class=\"excerpt-hellip\"> [\u2026]<\/span><\/p>\n","protected":false},"author":1,"featured_media":2601,"comment_status":"open","ping_status":"open","sticky":false,"template":"","format":"standard","meta":{"_acf_changed":false,"_monsterinsights_skip_tracking":false,"_monsterinsights_sitenote_active":false,"_monsterinsights_sitenote_note":"","_monsterinsights_sitenote_category":0,"footnotes":""},"categories":[46],"tags":[],"class_list":["post-3653","post","type-post","status-publish","format-standard","has-post-thumbnail","hentry","category-blog"],"acf":[],"yoast_head":"<!-- This site is optimized with the Yoast SEO plugin v26.0 - https:\/\/yoast.com\/wordpress\/plugins\/seo\/ -->\n<title>CompactHabit amplia el Document d\u2019Idone\u00eftat T\u00e8cnic Europeu<\/title>\n<meta name=\"description\" content=\"El sistema constructiu d\u2019 edificaci\u00f3 Modular integral industrialitzada (eMii), patentat per CompactHabit, ha incrementat la seva resist\u00e8ncia al foc.\" \/>\n<meta name=\"robots\" content=\"index, follow, max-snippet:-1, max-image-preview:large, max-video-preview:-1\" \/>\n<meta property=\"og:locale\" content=\"ca_ES\" \/>\n<meta property=\"og:type\" content=\"article\" \/>\n<meta property=\"og:title\" content=\"CompactHabit amplia el Document d\u2019Idone\u00eftat T\u00e8cnic Europeu\" \/>\n<meta property=\"og:description\" content=\"El sistema constructiu d\u2019 edificaci\u00f3 Modular integral industrialitzada (eMii), patentat per CompactHabit, ha incrementat la seva resist\u00e8ncia al foc.\" \/>\n<meta property=\"og:url\" content=\"https:\/\/www.compacthabit.com\/ca\/2013\/07\/22\/amplia-document-idoneitat-tecnic-europeu-dite-emii-construccio-modular\/\" \/>\n<meta property=\"og:site_name\" content=\"Compact Habit\" \/>\n<meta property=\"article:publisher\" content=\"https:\/\/www.facebook.com\/CompactHabit\/\" \/>\n<meta property=\"article:published_time\" content=\"2013-07-22T12:36:37+00:00\" \/>\n<meta property=\"article:modified_time\" content=\"2017-10-25T07:29:04+00:00\" \/>\n<meta property=\"og:image\" content=\"https:\/\/www.compacthabit.com\/wp-content\/uploads\/2017\/07\/1374480728.jpg.jpg\" \/>\n\t<meta property=\"og:image:width\" content=\"600\" \/>\n\t<meta property=\"og:image:height\" content=\"450\" \/>\n\t<meta property=\"og:image:type\" content=\"image\/jpeg\" \/>\n<meta name=\"author\" content=\"ch_admin\" \/>\n<meta name=\"twitter:card\" content=\"summary_large_image\" \/>\n<meta name=\"twitter:creator\" content=\"@compacthabit2\" \/>\n<meta name=\"twitter:site\" content=\"@compacthabit2\" \/>\n<meta name=\"twitter:label1\" content=\"Written by\" \/>\n\t<meta name=\"twitter:data1\" content=\"ch_admin\" \/>\n\t<meta name=\"twitter:label2\" content=\"Est. reading time\" \/>\n\t<meta name=\"twitter:data2\" content=\"1 minute\" \/>\n<script type=\"application\/ld+json\" class=\"yoast-schema-graph\">{\"@context\":\"https:\/\/schema.org\",\"@graph\":[{\"@type\":\"WebPage\",\"@id\":\"https:\/\/www.compacthabit.com\/ca\/2013\/07\/22\/amplia-document-idoneitat-tecnic-europeu-dite-emii-construccio-modular\/\",\"url\":\"https:\/\/www.compacthabit.com\/ca\/2013\/07\/22\/amplia-document-idoneitat-tecnic-europeu-dite-emii-construccio-modular\/\",\"name\":\"CompactHabit amplia el Document d\u2019Idone\u00eftat T\u00e8cnic Europeu\",\"isPartOf\":{\"@id\":\"https:\/\/www.compacthabit.com\/ca\/fr\/#website\"},\"primaryImageOfPage\":{\"@id\":\"https:\/\/www.compacthabit.com\/ca\/2013\/07\/22\/amplia-document-idoneitat-tecnic-europeu-dite-emii-construccio-modular\/#primaryimage\"},\"image\":{\"@id\":\"https:\/\/www.compacthabit.com\/ca\/2013\/07\/22\/amplia-document-idoneitat-tecnic-europeu-dite-emii-construccio-modular\/#primaryimage\"},\"thumbnailUrl\":\"https:\/\/www.compacthabit.com\/wp-content\/uploads\/2017\/07\/1374480728.jpg.jpg\",\"datePublished\":\"2013-07-22T12:36:37+00:00\",\"dateModified\":\"2017-10-25T07:29:04+00:00\",\"author\":{\"@id\":\"https:\/\/www.compacthabit.com\/ca\/fr\/#\/schema\/person\/07a97d7adc0f27cd30c1f5760373210a\"},\"description\":\"El sistema constructiu d\u2019 edificaci\u00f3 Modular integral industrialitzada (eMii), patentat per CompactHabit, ha incrementat la seva resist\u00e8ncia al foc.\",\"breadcrumb\":{\"@id\":\"https:\/\/www.compacthabit.com\/ca\/2013\/07\/22\/amplia-document-idoneitat-tecnic-europeu-dite-emii-construccio-modular\/#breadcrumb\"},\"inLanguage\":\"ca-ES\",\"potentialAction\":[{\"@type\":\"ReadAction\",\"target\":[\"https:\/\/www.compacthabit.com\/ca\/2013\/07\/22\/amplia-document-idoneitat-tecnic-europeu-dite-emii-construccio-modular\/\"]}]},{\"@type\":\"ImageObject\",\"inLanguage\":\"ca-ES\",\"@id\":\"https:\/\/www.compacthabit.com\/ca\/2013\/07\/22\/amplia-document-idoneitat-tecnic-europeu-dite-emii-construccio-modular\/#primaryimage\",\"url\":\"https:\/\/www.compacthabit.com\/wp-content\/uploads\/2017\/07\/1374480728.jpg.jpg\",\"contentUrl\":\"https:\/\/www.compacthabit.com\/wp-content\/uploads\/2017\/07\/1374480728.jpg.jpg\",\"width\":600,\"height\":450},{\"@type\":\"BreadcrumbList\",\"@id\":\"https:\/\/www.compacthabit.com\/ca\/2013\/07\/22\/amplia-document-idoneitat-tecnic-europeu-dite-emii-construccio-modular\/#breadcrumb\",\"itemListElement\":[{\"@type\":\"ListItem\",\"position\":1,\"name\":\"Portada\",\"item\":\"https:\/\/www.compacthabit.com\/ca\/\"},{\"@type\":\"ListItem\",\"position\":2,\"name\":\"CompactHabit amplia el Document d\u2019Idone\u00eftat T\u00e8cnic Europeu per al seu sistema de construcci\u00f3 modular\"}]},{\"@type\":\"WebSite\",\"@id\":\"https:\/\/www.compacthabit.com\/ca\/fr\/#website\",\"url\":\"https:\/\/www.compacthabit.com\/ca\/fr\/\",\"name\":\"Compact Habit\",\"description\":\"\",\"potentialAction\":[{\"@type\":\"SearchAction\",\"target\":{\"@type\":\"EntryPoint\",\"urlTemplate\":\"https:\/\/www.compacthabit.com\/ca\/fr\/?s={search_term_string}\"},\"query-input\":{\"@type\":\"PropertyValueSpecification\",\"valueRequired\":true,\"valueName\":\"search_term_string\"}}],\"inLanguage\":\"ca-ES\"},{\"@type\":\"Person\",\"@id\":\"https:\/\/www.compacthabit.com\/ca\/fr\/#\/schema\/person\/07a97d7adc0f27cd30c1f5760373210a\",\"name\":\"ch_admin\",\"image\":{\"@type\":\"ImageObject\",\"inLanguage\":\"ca-ES\",\"@id\":\"https:\/\/www.compacthabit.com\/ca\/fr\/#\/schema\/person\/image\/\",\"url\":\"https:\/\/secure.gravatar.com\/avatar\/2a392477be346b1b7c89c12855982831?s=96&d=mm&r=g\",\"contentUrl\":\"https:\/\/secure.gravatar.com\/avatar\/2a392477be346b1b7c89c12855982831?s=96&d=mm&r=g\",\"caption\":\"ch_admin\"}}]}<\/script>\n<!-- \/ Yoast SEO plugin. -->","yoast_head_json":{"title":"CompactHabit amplia el Document d\u2019Idone\u00eftat T\u00e8cnic Europeu","description":"El sistema constructiu d\u2019 edificaci\u00f3 Modular integral industrialitzada (eMii), patentat per CompactHabit, ha incrementat la seva resist\u00e8ncia al foc.","robots":{"index":"index","follow":"follow","max-snippet":"max-snippet:-1","max-image-preview":"max-image-preview:large","max-video-preview":"max-video-preview:-1"},"og_locale":"ca_ES","og_type":"article","og_title":"CompactHabit amplia el Document d\u2019Idone\u00eftat T\u00e8cnic Europeu","og_description":"El sistema constructiu d\u2019 edificaci\u00f3 Modular integral industrialitzada (eMii), patentat per CompactHabit, ha incrementat la seva resist\u00e8ncia al foc.","og_url":"https:\/\/www.compacthabit.com\/ca\/2013\/07\/22\/amplia-document-idoneitat-tecnic-europeu-dite-emii-construccio-modular\/","og_site_name":"Compact Habit","article_publisher":"https:\/\/www.facebook.com\/CompactHabit\/","article_published_time":"2013-07-22T12:36:37+00:00","article_modified_time":"2017-10-25T07:29:04+00:00","og_image":[{"width":600,"height":450,"url":"https:\/\/www.compacthabit.com\/wp-content\/uploads\/2017\/07\/1374480728.jpg.jpg","type":"image\/jpeg"}],"author":"ch_admin","twitter_card":"summary_large_image","twitter_creator":"@compacthabit2","twitter_site":"@compacthabit2","twitter_misc":{"Written by":"ch_admin","Est. reading time":"1 minute"},"schema":{"@context":"https:\/\/schema.org","@graph":[{"@type":"WebPage","@id":"https:\/\/www.compacthabit.com\/ca\/2013\/07\/22\/amplia-document-idoneitat-tecnic-europeu-dite-emii-construccio-modular\/","url":"https:\/\/www.compacthabit.com\/ca\/2013\/07\/22\/amplia-document-idoneitat-tecnic-europeu-dite-emii-construccio-modular\/","name":"CompactHabit amplia el Document d\u2019Idone\u00eftat T\u00e8cnic Europeu","isPartOf":{"@id":"https:\/\/www.compacthabit.com\/ca\/fr\/#website"},"primaryImageOfPage":{"@id":"https:\/\/www.compacthabit.com\/ca\/2013\/07\/22\/amplia-document-idoneitat-tecnic-europeu-dite-emii-construccio-modular\/#primaryimage"},"image":{"@id":"https:\/\/www.compacthabit.com\/ca\/2013\/07\/22\/amplia-document-idoneitat-tecnic-europeu-dite-emii-construccio-modular\/#primaryimage"},"thumbnailUrl":"https:\/\/www.compacthabit.com\/wp-content\/uploads\/2017\/07\/1374480728.jpg.jpg","datePublished":"2013-07-22T12:36:37+00:00","dateModified":"2017-10-25T07:29:04+00:00","author":{"@id":"https:\/\/www.compacthabit.com\/ca\/fr\/#\/schema\/person\/07a97d7adc0f27cd30c1f5760373210a"},"description":"El sistema constructiu d\u2019 edificaci\u00f3 Modular integral industrialitzada (eMii), patentat per CompactHabit, ha incrementat la seva resist\u00e8ncia al foc.","breadcrumb":{"@id":"https:\/\/www.compacthabit.com\/ca\/2013\/07\/22\/amplia-document-idoneitat-tecnic-europeu-dite-emii-construccio-modular\/#breadcrumb"},"inLanguage":"ca-ES","potentialAction":[{"@type":"ReadAction","target":["https:\/\/www.compacthabit.com\/ca\/2013\/07\/22\/amplia-document-idoneitat-tecnic-europeu-dite-emii-construccio-modular\/"]}]},{"@type":"ImageObject","inLanguage":"ca-ES","@id":"https:\/\/www.compacthabit.com\/ca\/2013\/07\/22\/amplia-document-idoneitat-tecnic-europeu-dite-emii-construccio-modular\/#primaryimage","url":"https:\/\/www.compacthabit.com\/wp-content\/uploads\/2017\/07\/1374480728.jpg.jpg","contentUrl":"https:\/\/www.compacthabit.com\/wp-content\/uploads\/2017\/07\/1374480728.jpg.jpg","width":600,"height":450},{"@type":"BreadcrumbList","@id":"https:\/\/www.compacthabit.com\/ca\/2013\/07\/22\/amplia-document-idoneitat-tecnic-europeu-dite-emii-construccio-modular\/#breadcrumb","itemListElement":[{"@type":"ListItem","position":1,"name":"Portada","item":"https:\/\/www.compacthabit.com\/ca\/"},{"@type":"ListItem","position":2,"name":"CompactHabit amplia el Document d\u2019Idone\u00eftat T\u00e8cnic Europeu per al seu sistema de construcci\u00f3 modular"}]},{"@type":"WebSite","@id":"https:\/\/www.compacthabit.com\/ca\/fr\/#website","url":"https:\/\/www.compacthabit.com\/ca\/fr\/","name":"Compact Habit","description":"","potentialAction":[{"@type":"SearchAction","target":{"@type":"EntryPoint","urlTemplate":"https:\/\/www.compacthabit.com\/ca\/fr\/?s={search_term_string}"},"query-input":{"@type":"PropertyValueSpecification","valueRequired":true,"valueName":"search_term_string"}}],"inLanguage":"ca-ES"},{"@type":"Person","@id":"https:\/\/www.compacthabit.com\/ca\/fr\/#\/schema\/person\/07a97d7adc0f27cd30c1f5760373210a","name":"ch_admin","image":{"@type":"ImageObject","inLanguage":"ca-ES","@id":"https:\/\/www.compacthabit.com\/ca\/fr\/#\/schema\/person\/image\/","url":"https:\/\/secure.gravatar.com\/avatar\/2a392477be346b1b7c89c12855982831?s=96&d=mm&r=g","contentUrl":"https:\/\/secure.gravatar.com\/avatar\/2a392477be346b1b7c89c12855982831?s=96&d=mm&r=g","caption":"ch_admin"}}]}},"_links":{"self":[{"href":"https:\/\/www.compacthabit.com\/ca\/wp-json\/wp\/v2\/posts\/3653","targetHints":{"allow":["GET"]}}],"collection":[{"href":"https:\/\/www.compacthabit.com\/ca\/wp-json\/wp\/v2\/posts"}],"about":[{"href":"https:\/\/www.compacthabit.com\/ca\/wp-json\/wp\/v2\/types\/post"}],"author":[{"embeddable":true,"href":"https:\/\/www.compacthabit.com\/ca\/wp-json\/wp\/v2\/users\/1"}],"replies":[{"embeddable":true,"href":"https:\/\/www.compacthabit.com\/ca\/wp-json\/wp\/v2\/comments?post=3653"}],"version-history":[{"count":3,"href":"https:\/\/www.compacthabit.com\/ca\/wp-json\/wp\/v2\/posts\/3653\/revisions"}],"predecessor-version":[{"id":4357,"href":"https:\/\/www.compacthabit.com\/ca\/wp-json\/wp\/v2\/posts\/3653\/revisions\/4357"}],"wp:featuredmedia":[{"embeddable":true,"href":"https:\/\/www.compacthabit.com\/ca\/wp-json\/wp\/v2\/media\/2601"}],"wp:attachment":[{"href":"https:\/\/www.compacthabit.com\/ca\/wp-json\/wp\/v2\/media?parent=3653"}],"wp:term":[{"taxonomy":"category","embeddable":true,"href":"https:\/\/www.compacthabit.com\/ca\/wp-json\/wp\/v2\/categories?post=3653"},{"taxonomy":"post_tag","embeddable":true,"href":"https:\/\/www.compacthabit.com\/ca\/wp-json\/wp\/v2\/tags?post=3653"}],"curies":[{"name":"wp","href":"https:\/\/api.w.org\/{rel}","templated":true}]}}