{"id":3628,"date":"2014-06-18T12:01:36","date_gmt":"2014-06-18T12:01:36","guid":{"rendered":"http:\/\/www.compacthabit.com\/?p=3628\/"},"modified":"2017-10-31T14:51:45","modified_gmt":"2017-10-31T14:51:45","slug":"sistema-emii-protagonista-convencio-anual-modular-building-institute-mbi-texas","status":"publish","type":"post","link":"https:\/\/www.compacthabit.com\/ca\/2014\/06\/18\/sistema-emii-protagonista-convencio-anual-modular-building-institute-mbi-texas\/","title":{"rendered":"El sistema eMii protagonista a la convenci\u00f3 anual del Modular Building Institute a Texas"},"content":{"rendered":"<p><strong>El sistema eMii de CompactHabit va ser presentat el passat 22 de mar\u00e7 a San Antonio (Texas) en la 31 edici\u00f3 de la Convenci\u00f3 del Modular Building Institute com a part de l&#8217;estudi &#8220;Research Findings: Global Best Practices in Permanent Modular Construction&#8221;. <\/strong><\/p>\n<p>La pon\u00e8ncia va ser presentada pel professor Ryan Smith, director del Integrated Technology in Architecture Center de la Universitat de Utah, i es va centrar en comparar 18 sistemes de construcci\u00f3 modular utilitzats arreu del m\u00f3n entre els quals va destacar el sistema eMii de CompactHabit.<\/p>\n","protected":false},"excerpt":{"rendered":"<p>El sistema eMii de CompactHabit va ser presentat el passat 22 de mar\u00e7 a San Antonio (Texas) en la 31 edici\u00f3 de la Convenci\u00f3 del Modular<span class=\"excerpt-hellip\"> [\u2026]<\/span><\/p>\n","protected":false},"author":1,"featured_media":2576,"comment_status":"open","ping_status":"open","sticky":false,"template":"","format":"standard","meta":{"_acf_changed":false,"_monsterinsights_skip_tracking":false,"_monsterinsights_sitenote_active":false,"_monsterinsights_sitenote_note":"","_monsterinsights_sitenote_category":0,"footnotes":""},"categories":[46],"tags":[],"class_list":["post-3628","post","type-post","status-publish","format-standard","has-post-thumbnail","hentry","category-blog"],"acf":[],"yoast_head":"<!-- This site is optimized with the Yoast SEO plugin v26.0 - https:\/\/yoast.com\/wordpress\/plugins\/seo\/ -->\n<title>El sistema eMii a la convenci\u00f3 anual del Modular Building Institute<\/title>\n<meta name=\"description\" content=\"CompactHabit va ser presentat al Modular Building Institute com a part de l&#039;estudi &quot;Global Best Practices in Permanent Modular Construction&quot;.\" \/>\n<meta name=\"robots\" content=\"index, follow, max-snippet:-1, max-image-preview:large, max-video-preview:-1\" \/>\n<meta property=\"og:locale\" content=\"ca_ES\" \/>\n<meta property=\"og:type\" content=\"article\" \/>\n<meta property=\"og:title\" content=\"El sistema eMii a la convenci\u00f3 anual del Modular Building Institute\" \/>\n<meta property=\"og:description\" content=\"CompactHabit va ser presentat al Modular Building Institute com a part de l&#039;estudi &quot;Global Best Practices in Permanent Modular Construction&quot;.\" \/>\n<meta property=\"og:url\" content=\"https:\/\/www.compacthabit.com\/ca\/2014\/06\/18\/sistema-emii-protagonista-convencio-anual-modular-building-institute-mbi-texas\/\" \/>\n<meta property=\"og:site_name\" content=\"Compact Habit\" \/>\n<meta property=\"article:publisher\" content=\"https:\/\/www.facebook.com\/CompactHabit\/\" \/>\n<meta property=\"article:published_time\" content=\"2014-06-18T12:01:36+00:00\" \/>\n<meta property=\"article:modified_time\" content=\"2017-10-31T14:51:45+00:00\" \/>\n<meta property=\"og:image\" content=\"https:\/\/www.compacthabit.com\/wp-content\/uploads\/2017\/07\/1403095930-1.jpg-1.jpg\" \/>\n\t<meta property=\"og:image:width\" content=\"600\" \/>\n\t<meta property=\"og:image:height\" content=\"400\" \/>\n\t<meta property=\"og:image:type\" content=\"image\/jpeg\" \/>\n<meta name=\"author\" content=\"ch_admin\" \/>\n<meta name=\"twitter:card\" content=\"summary_large_image\" \/>\n<meta name=\"twitter:creator\" content=\"@compacthabit2\" \/>\n<meta name=\"twitter:site\" content=\"@compacthabit2\" \/>\n<meta name=\"twitter:label1\" content=\"Written by\" \/>\n\t<meta name=\"twitter:data1\" content=\"ch_admin\" \/>\n<script type=\"application\/ld+json\" class=\"yoast-schema-graph\">{\"@context\":\"https:\/\/schema.org\",\"@graph\":[{\"@type\":\"WebPage\",\"@id\":\"https:\/\/www.compacthabit.com\/ca\/2014\/06\/18\/sistema-emii-protagonista-convencio-anual-modular-building-institute-mbi-texas\/\",\"url\":\"https:\/\/www.compacthabit.com\/ca\/2014\/06\/18\/sistema-emii-protagonista-convencio-anual-modular-building-institute-mbi-texas\/\",\"name\":\"El sistema eMii a la convenci\u00f3 anual del Modular Building Institute\",\"isPartOf\":{\"@id\":\"https:\/\/www.compacthabit.com\/ca\/fr\/#website\"},\"primaryImageOfPage\":{\"@id\":\"https:\/\/www.compacthabit.com\/ca\/2014\/06\/18\/sistema-emii-protagonista-convencio-anual-modular-building-institute-mbi-texas\/#primaryimage\"},\"image\":{\"@id\":\"https:\/\/www.compacthabit.com\/ca\/2014\/06\/18\/sistema-emii-protagonista-convencio-anual-modular-building-institute-mbi-texas\/#primaryimage\"},\"thumbnailUrl\":\"https:\/\/www.compacthabit.com\/wp-content\/uploads\/2017\/07\/1403095930-1.jpg-1.jpg\",\"datePublished\":\"2014-06-18T12:01:36+00:00\",\"dateModified\":\"2017-10-31T14:51:45+00:00\",\"author\":{\"@id\":\"https:\/\/www.compacthabit.com\/ca\/fr\/#\/schema\/person\/07a97d7adc0f27cd30c1f5760373210a\"},\"description\":\"CompactHabit va ser presentat al Modular Building Institute com a part de l'estudi \\\"Global Best Practices in Permanent Modular Construction\\\".\",\"breadcrumb\":{\"@id\":\"https:\/\/www.compacthabit.com\/ca\/2014\/06\/18\/sistema-emii-protagonista-convencio-anual-modular-building-institute-mbi-texas\/#breadcrumb\"},\"inLanguage\":\"ca-ES\",\"potentialAction\":[{\"@type\":\"ReadAction\",\"target\":[\"https:\/\/www.compacthabit.com\/ca\/2014\/06\/18\/sistema-emii-protagonista-convencio-anual-modular-building-institute-mbi-texas\/\"]}]},{\"@type\":\"ImageObject\",\"inLanguage\":\"ca-ES\",\"@id\":\"https:\/\/www.compacthabit.com\/ca\/2014\/06\/18\/sistema-emii-protagonista-convencio-anual-modular-building-institute-mbi-texas\/#primaryimage\",\"url\":\"https:\/\/www.compacthabit.com\/wp-content\/uploads\/2017\/07\/1403095930-1.jpg-1.jpg\",\"contentUrl\":\"https:\/\/www.compacthabit.com\/wp-content\/uploads\/2017\/07\/1403095930-1.jpg-1.jpg\",\"width\":600,\"height\":400},{\"@type\":\"BreadcrumbList\",\"@id\":\"https:\/\/www.compacthabit.com\/ca\/2014\/06\/18\/sistema-emii-protagonista-convencio-anual-modular-building-institute-mbi-texas\/#breadcrumb\",\"itemListElement\":[{\"@type\":\"ListItem\",\"position\":1,\"name\":\"Portada\",\"item\":\"https:\/\/www.compacthabit.com\/ca\/\"},{\"@type\":\"ListItem\",\"position\":2,\"name\":\"El sistema eMii protagonista a la convenci\u00f3 anual del Modular Building Institute a Texas\"}]},{\"@type\":\"WebSite\",\"@id\":\"https:\/\/www.compacthabit.com\/ca\/fr\/#website\",\"url\":\"https:\/\/www.compacthabit.com\/ca\/fr\/\",\"name\":\"Compact Habit\",\"description\":\"\",\"potentialAction\":[{\"@type\":\"SearchAction\",\"target\":{\"@type\":\"EntryPoint\",\"urlTemplate\":\"https:\/\/www.compacthabit.com\/ca\/fr\/?s={search_term_string}\"},\"query-input\":{\"@type\":\"PropertyValueSpecification\",\"valueRequired\":true,\"valueName\":\"search_term_string\"}}],\"inLanguage\":\"ca-ES\"},{\"@type\":\"Person\",\"@id\":\"https:\/\/www.compacthabit.com\/ca\/fr\/#\/schema\/person\/07a97d7adc0f27cd30c1f5760373210a\",\"name\":\"ch_admin\",\"image\":{\"@type\":\"ImageObject\",\"inLanguage\":\"ca-ES\",\"@id\":\"https:\/\/www.compacthabit.com\/ca\/fr\/#\/schema\/person\/image\/\",\"url\":\"https:\/\/secure.gravatar.com\/avatar\/2a392477be346b1b7c89c12855982831?s=96&d=mm&r=g\",\"contentUrl\":\"https:\/\/secure.gravatar.com\/avatar\/2a392477be346b1b7c89c12855982831?s=96&d=mm&r=g\",\"caption\":\"ch_admin\"}}]}<\/script>\n<!-- \/ Yoast SEO plugin. -->","yoast_head_json":{"title":"El sistema eMii a la convenci\u00f3 anual del Modular Building Institute","description":"CompactHabit va ser presentat al Modular Building Institute com a part de l'estudi \"Global Best Practices in Permanent Modular Construction\".","robots":{"index":"index","follow":"follow","max-snippet":"max-snippet:-1","max-image-preview":"max-image-preview:large","max-video-preview":"max-video-preview:-1"},"og_locale":"ca_ES","og_type":"article","og_title":"El sistema eMii a la convenci\u00f3 anual del Modular Building Institute","og_description":"CompactHabit va ser presentat al Modular Building Institute com a part de l'estudi \"Global Best Practices in Permanent Modular Construction\".","og_url":"https:\/\/www.compacthabit.com\/ca\/2014\/06\/18\/sistema-emii-protagonista-convencio-anual-modular-building-institute-mbi-texas\/","og_site_name":"Compact Habit","article_publisher":"https:\/\/www.facebook.com\/CompactHabit\/","article_published_time":"2014-06-18T12:01:36+00:00","article_modified_time":"2017-10-31T14:51:45+00:00","og_image":[{"width":600,"height":400,"url":"https:\/\/www.compacthabit.com\/wp-content\/uploads\/2017\/07\/1403095930-1.jpg-1.jpg","type":"image\/jpeg"}],"author":"ch_admin","twitter_card":"summary_large_image","twitter_creator":"@compacthabit2","twitter_site":"@compacthabit2","twitter_misc":{"Written by":"ch_admin"},"schema":{"@context":"https:\/\/schema.org","@graph":[{"@type":"WebPage","@id":"https:\/\/www.compacthabit.com\/ca\/2014\/06\/18\/sistema-emii-protagonista-convencio-anual-modular-building-institute-mbi-texas\/","url":"https:\/\/www.compacthabit.com\/ca\/2014\/06\/18\/sistema-emii-protagonista-convencio-anual-modular-building-institute-mbi-texas\/","name":"El sistema eMii a la convenci\u00f3 anual del Modular Building Institute","isPartOf":{"@id":"https:\/\/www.compacthabit.com\/ca\/fr\/#website"},"primaryImageOfPage":{"@id":"https:\/\/www.compacthabit.com\/ca\/2014\/06\/18\/sistema-emii-protagonista-convencio-anual-modular-building-institute-mbi-texas\/#primaryimage"},"image":{"@id":"https:\/\/www.compacthabit.com\/ca\/2014\/06\/18\/sistema-emii-protagonista-convencio-anual-modular-building-institute-mbi-texas\/#primaryimage"},"thumbnailUrl":"https:\/\/www.compacthabit.com\/wp-content\/uploads\/2017\/07\/1403095930-1.jpg-1.jpg","datePublished":"2014-06-18T12:01:36+00:00","dateModified":"2017-10-31T14:51:45+00:00","author":{"@id":"https:\/\/www.compacthabit.com\/ca\/fr\/#\/schema\/person\/07a97d7adc0f27cd30c1f5760373210a"},"description":"CompactHabit va ser presentat al Modular Building Institute com a part de l'estudi \"Global Best Practices in Permanent Modular Construction\".","breadcrumb":{"@id":"https:\/\/www.compacthabit.com\/ca\/2014\/06\/18\/sistema-emii-protagonista-convencio-anual-modular-building-institute-mbi-texas\/#breadcrumb"},"inLanguage":"ca-ES","potentialAction":[{"@type":"ReadAction","target":["https:\/\/www.compacthabit.com\/ca\/2014\/06\/18\/sistema-emii-protagonista-convencio-anual-modular-building-institute-mbi-texas\/"]}]},{"@type":"ImageObject","inLanguage":"ca-ES","@id":"https:\/\/www.compacthabit.com\/ca\/2014\/06\/18\/sistema-emii-protagonista-convencio-anual-modular-building-institute-mbi-texas\/#primaryimage","url":"https:\/\/www.compacthabit.com\/wp-content\/uploads\/2017\/07\/1403095930-1.jpg-1.jpg","contentUrl":"https:\/\/www.compacthabit.com\/wp-content\/uploads\/2017\/07\/1403095930-1.jpg-1.jpg","width":600,"height":400},{"@type":"BreadcrumbList","@id":"https:\/\/www.compacthabit.com\/ca\/2014\/06\/18\/sistema-emii-protagonista-convencio-anual-modular-building-institute-mbi-texas\/#breadcrumb","itemListElement":[{"@type":"ListItem","position":1,"name":"Portada","item":"https:\/\/www.compacthabit.com\/ca\/"},{"@type":"ListItem","position":2,"name":"El sistema eMii protagonista a la convenci\u00f3 anual del Modular Building Institute a Texas"}]},{"@type":"WebSite","@id":"https:\/\/www.compacthabit.com\/ca\/fr\/#website","url":"https:\/\/www.compacthabit.com\/ca\/fr\/","name":"Compact Habit","description":"","potentialAction":[{"@type":"SearchAction","target":{"@type":"EntryPoint","urlTemplate":"https:\/\/www.compacthabit.com\/ca\/fr\/?s={search_term_string}"},"query-input":{"@type":"PropertyValueSpecification","valueRequired":true,"valueName":"search_term_string"}}],"inLanguage":"ca-ES"},{"@type":"Person","@id":"https:\/\/www.compacthabit.com\/ca\/fr\/#\/schema\/person\/07a97d7adc0f27cd30c1f5760373210a","name":"ch_admin","image":{"@type":"ImageObject","inLanguage":"ca-ES","@id":"https:\/\/www.compacthabit.com\/ca\/fr\/#\/schema\/person\/image\/","url":"https:\/\/secure.gravatar.com\/avatar\/2a392477be346b1b7c89c12855982831?s=96&d=mm&r=g","contentUrl":"https:\/\/secure.gravatar.com\/avatar\/2a392477be346b1b7c89c12855982831?s=96&d=mm&r=g","caption":"ch_admin"}}]}},"_links":{"self":[{"href":"https:\/\/www.compacthabit.com\/ca\/wp-json\/wp\/v2\/posts\/3628","targetHints":{"allow":["GET"]}}],"collection":[{"href":"https:\/\/www.compacthabit.com\/ca\/wp-json\/wp\/v2\/posts"}],"about":[{"href":"https:\/\/www.compacthabit.com\/ca\/wp-json\/wp\/v2\/types\/post"}],"author":[{"embeddable":true,"href":"https:\/\/www.compacthabit.com\/ca\/wp-json\/wp\/v2\/users\/1"}],"replies":[{"embeddable":true,"href":"https:\/\/www.compacthabit.com\/ca\/wp-json\/wp\/v2\/comments?post=3628"}],"version-history":[{"count":5,"href":"https:\/\/www.compacthabit.com\/ca\/wp-json\/wp\/v2\/posts\/3628\/revisions"}],"predecessor-version":[{"id":4348,"href":"https:\/\/www.compacthabit.com\/ca\/wp-json\/wp\/v2\/posts\/3628\/revisions\/4348"}],"wp:featuredmedia":[{"embeddable":true,"href":"https:\/\/www.compacthabit.com\/ca\/wp-json\/wp\/v2\/media\/2576"}],"wp:attachment":[{"href":"https:\/\/www.compacthabit.com\/ca\/wp-json\/wp\/v2\/media?parent=3628"}],"wp:term":[{"taxonomy":"category","embeddable":true,"href":"https:\/\/www.compacthabit.com\/ca\/wp-json\/wp\/v2\/categories?post=3628"},{"taxonomy":"post_tag","embeddable":true,"href":"https:\/\/www.compacthabit.com\/ca\/wp-json\/wp\/v2\/tags?post=3628"}],"curies":[{"name":"wp","href":"https:\/\/api.w.org\/{rel}","templated":true}]}}